{"id":64226,"date":"2026-09-03T17:49:39","date_gmt":"2026-09-03T21:49:39","guid":{"rendered":"https:\/\/vipfesta.com.br\/vipfesta\/?p=64226"},"modified":"2026-09-03T17:52:23","modified_gmt":"2026-09-03T21:52:23","slug":"semana-da-patria-2","status":"publish","type":"post","link":"https:\/\/vipfesta.com.br\/vipfesta\/semana-da-patria-2\/","title":{"rendered":"Momentos c\u00edvicos marcam programa\u00e7\u00e3o da Semana da P\u00e1tria em Ji-Paran\u00e1"},"content":{"rendered":"\n<figure class=\"wp-block-image size-large\"><img loading=\"lazy\" decoding=\"async\" width=\"1024\" height=\"682\" src=\"https:\/\/vipfesta.com.br\/vipfesta\/wp-content\/uploads\/2026\/09\/317731-1024x682.jpg\" alt=\"\" class=\"wp-image-64222\" srcset=\"https:\/\/vipfesta.com.br\/vipfesta\/wp-content\/uploads\/2026\/09\/317731-1024x682.jpg 1024w, https:\/\/vipfesta.com.br\/vipfesta\/wp-content\/uploads\/2026\/09\/317731-300x200.jpg 300w, https:\/\/vipfesta.com.br\/vipfesta\/wp-content\/uploads\/2026\/09\/317731-767x511.jpg 767w, https:\/\/vipfesta.com.br\/vipfesta\/wp-content\/uploads\/2026\/09\/317731-100x66.jpg 100w, https:\/\/vipfesta.com.br\/vipfesta\/wp-content\/uploads\/2026\/09\/317731-599x399.jpg 599w, https:\/\/vipfesta.com.br\/vipfesta\/wp-content\/uploads\/2026\/09\/317731-1536x1023.jpg 1536w, https:\/\/vipfesta.com.br\/vipfesta\/wp-content\/uploads\/2026\/09\/317731.jpg 1920w\" sizes=\"auto, (max-width: 1024px) 100vw, 1024px\" \/><figcaption class=\"wp-element-caption\">Cerim\u00f4nias realizadas na Prefeitura e na EMEF Prof. Dinalmir Barros de Lisboa contaram com apresenta\u00e7\u00f5es dos estudantes<\/figcaption><\/figure>\n\n\n\n<p class=\"wp-block-paragraph\"><\/p>\n\n\n\n<p class=\"wp-block-paragraph\">A programa\u00e7\u00e3o da Semana da P\u00e1tria segue promovendo momentos de valoriza\u00e7\u00e3o da hist\u00f3ria, da cultura e dos s\u00edmbolos nacionais em Ji-Paran\u00e1. Nos dias 2 e 3 de setembro, duas cerim\u00f4nias c\u00edvicas reuniram autoridades, servidores p\u00fablicos, profissionais da educa\u00e7\u00e3o, estudantes e familiares.<\/p>\n\n\n\n<p class=\"wp-block-paragraph\">Na quarta-feira (2), o momento c\u00edvico foi realizado em frente ao Pal\u00e1cio Urup\u00e1, sede da Prefeitura de Ji-Paran\u00e1. A cerim\u00f4nia contou com a presen\u00e7a de autoridades municipais, representantes de institui\u00e7\u00f5es e servidores p\u00fablicos.<\/p>\n\n\n\n<p class=\"wp-block-paragraph\">Com o tema \u201cNossa Terra. Nossa Gente. Nossa Cultura. Hist\u00f3rias que nos unem, tradi\u00e7\u00f5es que nos fortalecem\u201d, o evento proporcionou um momento de respeito, reflex\u00e3o e valoriza\u00e7\u00e3o da hist\u00f3ria e da identidade do munic\u00edpio e do pa\u00eds. <\/p>\n\n\n\n<figure class=\"wp-block-image size-large\"><img loading=\"lazy\" decoding=\"async\" width=\"1024\" height=\"682\" src=\"https:\/\/vipfesta.com.br\/vipfesta\/wp-content\/uploads\/2026\/09\/317732-1024x682.jpg\" alt=\"\" class=\"wp-image-64224\" srcset=\"https:\/\/vipfesta.com.br\/vipfesta\/wp-content\/uploads\/2026\/09\/317732-1024x682.jpg 1024w, https:\/\/vipfesta.com.br\/vipfesta\/wp-content\/uploads\/2026\/09\/317732-300x200.jpg 300w, https:\/\/vipfesta.com.br\/vipfesta\/wp-content\/uploads\/2026\/09\/317732-767x511.jpg 767w, https:\/\/vipfesta.com.br\/vipfesta\/wp-content\/uploads\/2026\/09\/317732-100x66.jpg 100w, https:\/\/vipfesta.com.br\/vipfesta\/wp-content\/uploads\/2026\/09\/317732-599x399.jpg 599w, https:\/\/vipfesta.com.br\/vipfesta\/wp-content\/uploads\/2026\/09\/317732-1536x1023.jpg 1536w, https:\/\/vipfesta.com.br\/vipfesta\/wp-content\/uploads\/2026\/09\/317732.jpg 1920w\" sizes=\"auto, (max-width: 1024px) 100vw, 1024px\" \/><\/figure>\n\n\n\n<p class=\"wp-block-paragraph\">A programa\u00e7\u00e3o contou ainda com uma apresenta\u00e7\u00e3o especial das crian\u00e7as da CMEIEF Prof.\u00aa Maria Ant\u00f4nia, que emocionaram o p\u00fablico e tornaram a celebra\u00e7\u00e3o ainda mais significativa.<\/p>\n\n\n\n<p class=\"wp-block-paragraph\">Durante a solenidade, o prefeito Affonso C\u00e2ndido (PL) destacou a import\u00e2ncia de preservar os valores c\u00edvicos e reconhecer a contribui\u00e7\u00e3o de cada cidad\u00e3o para o desenvolvimento de Ji-Paran\u00e1.<\/p>\n\n\n\n<p class=\"wp-block-paragraph\">\u201cEste momento representa o respeito pela nossa hist\u00f3ria e por todos que contribu\u00edram e continuam contribuindo para a constru\u00e7\u00e3o da nossa cidade. Celebrar a P\u00e1tria tamb\u00e9m \u00e9 reconhecer nossas ra\u00edzes, valorizar nossa cultura e renovar o compromisso de cuidar de Ji-Paran\u00e1 e da nossa gente\u201d, afirmou o prefeito.<\/p>\n\n\n\n<p class=\"wp-block-paragraph\">Participaram da cerim\u00f4nia os vereadores M\u00e1rcio Freitas e Scopony; o vereador Wanderson Ben\u00e7a, representando a C\u00e2mara Municipal de Ji-Paran\u00e1; o secret\u00e1rio municipal de Educa\u00e7\u00e3o, Robson Casula; o ex-prefeito Jesualdo Pires; Angelita Barbosa, vice-presidente do Avan\u00e7a Ji-Paran\u00e1; Gederson Vigatti, representando a C\u00e2mara de Dirigentes Lojistas (CDL); e Jonatas Sales, representando a Associa\u00e7\u00e3o Comercial e Industrial de Ji-Paran\u00e1 (Acijip).<\/p>\n\n\n\n<p class=\"wp-block-paragraph\">Tamb\u00e9m estiveram presentes o tenente-coronel Edimar, da Pol\u00edcia Militar; o delegado Derli Gouveia, da Pol\u00edcia Civil; Jussigl\u00ea, da Pol\u00edcia Rodovi\u00e1ria Federal; a defensora p\u00fablica Nicole Dimichieli Rigo Sim\u00f5es, representando a Defensoria P\u00fablica do Estado de Rond\u00f4nia; e Ana Gurgacz, representando Acir Gurgacz.<\/p>\n\n\n\n<p class=\"wp-block-paragraph\">Nesta quinta-feira (3), a programa\u00e7\u00e3o continuou na EMEF Prof.\u00aa Dinalmir Barros de Lisboa. O momento c\u00edvico contou com belas apresenta\u00e7\u00f5es das crian\u00e7as da escola, que demonstraram respeito e amor \u00e0 P\u00e1tria por meio da m\u00fasica e de outras manifesta\u00e7\u00f5es preparadas especialmente para a ocasi\u00e3o.&nbsp;<\/p>\n\n\n\n<p class=\"wp-block-paragraph\">A cerim\u00f4nia teve a presen\u00e7a do prefeito Affonso C\u00e2ndido e do secret\u00e1rio municipal de Educa\u00e7\u00e3o, Robson Casula, al\u00e9m da equipe escolar, professores, servidores e estudantes.<\/p>\n\n\n\n<p class=\"wp-block-paragraph\">As apresenta\u00e7\u00f5es refor\u00e7aram a import\u00e2ncia de incentivar, desde a inf\u00e2ncia, o respeito aos s\u00edmbolos nacionais, o conhecimento da hist\u00f3ria do Brasil e os valores de cidadania. A participa\u00e7\u00e3o dos estudantes tamb\u00e9m evidenciou o papel das escolas na forma\u00e7\u00e3o de cidad\u00e3os conscientes e comprometidos com o futuro do pa\u00eds.<\/p>\n\n\n\n<p class=\"wp-block-paragraph\">A programa\u00e7\u00e3o da Semana da P\u00e1tria segue com atividades c\u00edvicas em diferentes institui\u00e7\u00f5es do munic\u00edpio e ser\u00e1 encerrada no dia 7 de setembro, com o tradicional desfile em celebra\u00e7\u00e3o \u00e0 Independ\u00eancia do Brasil.<br><br>Texto: Nat\u00e1lia Pessoa<br>Foto: Bruno Perazzoli&nbsp;<\/p>\n\n\n\n<p class=\"wp-block-paragraph\">CSS Prefeitura de Ji-Paran\u00e1 <\/p>\n\n\n\n<p class=\"wp-block-paragraph\"><\/p>\n","protected":false},"excerpt":{"rendered":"<p>A programa\u00e7\u00e3o da Semana da P\u00e1tria segue promovendo momentos de valoriza\u00e7\u00e3o da hist\u00f3ria, da cultura e dos s\u00edmbolos nacionais em<\/p>\n","protected":false},"author":1,"featured_media":64222,"comment_status":"closed","ping_status":"open","sticky":false,"template":"","format":"standard","meta":{"colormag_page_container_layout":"default_layout","colormag_page_sidebar_layout":"default_layout","footnotes":""},"categories":[283,347],"tags":[1294],"class_list":["post-64226","post","type-post","status-publish","format-standard","has-post-thumbnail","hentry","category-cidades","category-jiparana","tag-semana-da-patria"],"_links":{"self":[{"href":"https:\/\/vipfesta.com.br\/vipfesta\/wp-json\/wp\/v2\/posts\/64226","targetHints":{"allow":["GET"]}}],"collection":[{"href":"https:\/\/vipfesta.com.br\/vipfesta\/wp-json\/wp\/v2\/posts"}],"about":[{"href":"https:\/\/vipfesta.com.br\/vipfesta\/wp-json\/wp\/v2\/types\/post"}],"author":[{"embeddable":true,"href":"https:\/\/vipfesta.com.br\/vipfesta\/wp-json\/wp\/v2\/users\/1"}],"replies":[{"embeddable":true,"href":"https:\/\/vipfesta.com.br\/vipfesta\/wp-json\/wp\/v2\/comments?post=64226"}],"version-history":[{"count":3,"href":"https:\/\/vipfesta.com.br\/vipfesta\/wp-json\/wp\/v2\/posts\/64226\/revisions"}],"predecessor-version":[{"id":64229,"href":"https:\/\/vipfesta.com.br\/vipfesta\/wp-json\/wp\/v2\/posts\/64226\/revisions\/64229"}],"wp:featuredmedia":[{"embeddable":true,"href":"https:\/\/vipfesta.com.br\/vipfesta\/wp-json\/wp\/v2\/media\/64222"}],"wp:attachment":[{"href":"https:\/\/vipfesta.com.br\/vipfesta\/wp-json\/wp\/v2\/media?parent=64226"}],"wp:term":[{"taxonomy":"category","embeddable":true,"href":"https:\/\/vipfesta.com.br\/vipfesta\/wp-json\/wp\/v2\/categories?post=64226"},{"taxonomy":"post_tag","embeddable":true,"href":"https:\/\/vipfesta.com.br\/vipfesta\/wp-json\/wp\/v2\/tags?post=64226"}],"curies":[{"name":"wp","href":"https:\/\/api.w.org\/{rel}","templated":true}]}}