{"id":64108,"date":"2026-09-01T17:27:26","date_gmt":"2026-09-01T21:27:26","guid":{"rendered":"https:\/\/vipfesta.com.br\/vipfesta\/?p=64108"},"modified":"2026-09-01T17:28:05","modified_gmt":"2026-09-01T21:28:05","slug":"silvia-cristina-285","status":"publish","type":"post","link":"https:\/\/vipfesta.com.br\/vipfesta\/silvia-cristina-285\/","title":{"rendered":"PEC 47 \u00e9 aprovada na CCJ da C\u00e2mara e deputada S\u00edlvia Cristina comemora"},"content":{"rendered":"\n<figure class=\"wp-block-image size-large\"><img loading=\"lazy\" decoding=\"async\" width=\"1024\" height=\"631\" src=\"https:\/\/vipfesta.com.br\/vipfesta\/wp-content\/uploads\/2026\/09\/305670-1024x631.jpg\" alt=\"\" class=\"wp-image-64109\" srcset=\"https:\/\/vipfesta.com.br\/vipfesta\/wp-content\/uploads\/2026\/09\/305670-1024x631.jpg 1024w, https:\/\/vipfesta.com.br\/vipfesta\/wp-content\/uploads\/2026\/09\/305670-300x185.jpg 300w, https:\/\/vipfesta.com.br\/vipfesta\/wp-content\/uploads\/2026\/09\/305670-768x473.jpg 768w, https:\/\/vipfesta.com.br\/vipfesta\/wp-content\/uploads\/2026\/09\/305670-99x61.jpg 99w, https:\/\/vipfesta.com.br\/vipfesta\/wp-content\/uploads\/2026\/09\/305670-599x369.jpg 599w, https:\/\/vipfesta.com.br\/vipfesta\/wp-content\/uploads\/2026\/09\/305670-1536x947.jpg 1536w, https:\/\/vipfesta.com.br\/vipfesta\/wp-content\/uploads\/2026\/09\/305670.jpg 1600w\" sizes=\"auto, (max-width: 1024px) 100vw, 1024px\" \/><\/figure>\n\n\n\n<p class=\"wp-block-paragraph\"><\/p>\n\n\n\n<p class=\"wp-block-paragraph\">A Proposta de Emenda Constitucional (PEC) 47 foi aprovada na Comiss\u00e3o de Constitui\u00e7\u00e3o, Justi\u00e7a e de Cidadania (CCJ), da C\u00e2mara dos Deputados, na tarde desta ter\u00e7a-feira (01), assegurando a transposi\u00e7\u00e3o de servidores dos ex-territ\u00f3rios aos quadros da Uni\u00e3o. A deputada federal S\u00edlvia Cristina, que atuou diretamente para a aprova\u00e7\u00e3o da mat\u00e9ria, comemorou o avan\u00e7o da mat\u00e9ria na Casa.<\/p>\n\n\n\n<p class=\"wp-block-paragraph\">\u201cFazendo justi\u00e7a com os servidores que se dedicaram para a constru\u00e7\u00e3o dos ex-territ\u00f3rios de Rond\u00f4nia, Acre e Amap\u00e1. O relat\u00f3rio do deputado Ac\u00e1cio Favacho, pela admissibilidade da PEC 47, foi aprovado por unanimidade \u00e9 e um avan\u00e7o muito importante\u201d, destacou a deputada.<\/p>\n\n\n\n<p class=\"wp-block-paragraph\">S\u00edlvia Cristina foi \u00e0 Bras\u00edlia, numa mobiliza\u00e7\u00e3o pela aprova\u00e7\u00e3o da mat\u00e9ria na CCJ, sendo a \u00fanica deputada de Rond\u00f4nia presente \u00e0 sess\u00e3o da Comiss\u00e3o.<\/p>\n\n\n\n<p class=\"wp-block-paragraph\">A mat\u00e9ria agora vai para o plen\u00e1rio da C\u00e2mara dos Deputados, precisando ser aprovada em duas vota\u00e7\u00f5es.<\/p>\n\n\n\n<p class=\"wp-block-paragraph\">Fotos: Renato Ara\u00fajo \/ C\u00e2mara dos Deputados<\/p>\n\n\n\n<p class=\"wp-block-paragraph\"><\/p>\n","protected":false},"excerpt":{"rendered":"<p>A Proposta de Emenda Constitucional (PEC) 47 foi aprovada na Comiss\u00e3o de Constitui\u00e7\u00e3o, Justi\u00e7a e de Cidadania (CCJ), da C\u00e2mara<\/p>\n","protected":false},"author":1,"featured_media":64109,"comment_status":"closed","ping_status":"open","sticky":false,"template":"","format":"standard","meta":{"colormag_page_container_layout":"default_layout","colormag_page_sidebar_layout":"default_layout","footnotes":""},"categories":[303,470],"tags":[541],"class_list":["post-64108","post","type-post","status-publish","format-standard","has-post-thumbnail","hentry","category-politica","category-silvia-cristina","tag-silvia-cristina"],"_links":{"self":[{"href":"https:\/\/vipfesta.com.br\/vipfesta\/wp-json\/wp\/v2\/posts\/64108","targetHints":{"allow":["GET"]}}],"collection":[{"href":"https:\/\/vipfesta.com.br\/vipfesta\/wp-json\/wp\/v2\/posts"}],"about":[{"href":"https:\/\/vipfesta.com.br\/vipfesta\/wp-json\/wp\/v2\/types\/post"}],"author":[{"embeddable":true,"href":"https:\/\/vipfesta.com.br\/vipfesta\/wp-json\/wp\/v2\/users\/1"}],"replies":[{"embeddable":true,"href":"https:\/\/vipfesta.com.br\/vipfesta\/wp-json\/wp\/v2\/comments?post=64108"}],"version-history":[{"count":2,"href":"https:\/\/vipfesta.com.br\/vipfesta\/wp-json\/wp\/v2\/posts\/64108\/revisions"}],"predecessor-version":[{"id":64112,"href":"https:\/\/vipfesta.com.br\/vipfesta\/wp-json\/wp\/v2\/posts\/64108\/revisions\/64112"}],"wp:featuredmedia":[{"embeddable":true,"href":"https:\/\/vipfesta.com.br\/vipfesta\/wp-json\/wp\/v2\/media\/64109"}],"wp:attachment":[{"href":"https:\/\/vipfesta.com.br\/vipfesta\/wp-json\/wp\/v2\/media?parent=64108"}],"wp:term":[{"taxonomy":"category","embeddable":true,"href":"https:\/\/vipfesta.com.br\/vipfesta\/wp-json\/wp\/v2\/categories?post=64108"},{"taxonomy":"post_tag","embeddable":true,"href":"https:\/\/vipfesta.com.br\/vipfesta\/wp-json\/wp\/v2\/tags?post=64108"}],"curies":[{"name":"wp","href":"https:\/\/api.w.org\/{rel}","templated":true}]}}