{"id":64033,"date":"2026-08-29T10:00:01","date_gmt":"2026-08-29T14:00:01","guid":{"rendered":"https:\/\/vipfesta.com.br\/vipfesta\/?p=64033"},"modified":"2026-08-29T10:00:04","modified_gmt":"2026-08-29T14:00:04","slug":"semed-promove-seminario-para-discutir-ensino-integral-e-no-campo","status":"publish","type":"post","link":"https:\/\/vipfesta.com.br\/vipfesta\/semed-promove-seminario-para-discutir-ensino-integral-e-no-campo\/","title":{"rendered":"Semed promove semin\u00e1rio para discutir ensino integral e no campo"},"content":{"rendered":"\n<figure class=\"wp-block-image size-large\"><img loading=\"lazy\" decoding=\"async\" width=\"1024\" height=\"768\" src=\"https:\/\/vipfesta.com.br\/vipfesta\/wp-content\/uploads\/2026\/08\/285588-1024x768.jpg\" alt=\"\" class=\"wp-image-64034\" srcset=\"https:\/\/vipfesta.com.br\/vipfesta\/wp-content\/uploads\/2026\/08\/285588-1024x768.jpg 1024w, https:\/\/vipfesta.com.br\/vipfesta\/wp-content\/uploads\/2026\/08\/285588-300x225.jpg 300w, https:\/\/vipfesta.com.br\/vipfesta\/wp-content\/uploads\/2026\/08\/285588-767x575.jpg 767w, https:\/\/vipfesta.com.br\/vipfesta\/wp-content\/uploads\/2026\/08\/285588-599x449.jpg 599w, https:\/\/vipfesta.com.br\/vipfesta\/wp-content\/uploads\/2026\/08\/285588-99x74.jpg 99w, https:\/\/vipfesta.com.br\/vipfesta\/wp-content\/uploads\/2026\/08\/285588.jpg 1231w\" sizes=\"auto, (max-width: 1024px) 100vw, 1024px\" \/><\/figure>\n\n\n\n<p class=\"wp-block-paragraph\"><\/p>\n\n\n\n<p class=\"wp-block-paragraph\">Encerrou hoje (28) o Semin\u00e1rio Municipal que teve como foco a educa\u00e7\u00e3o integral e campo promovido pela Prefeitura de Ji-Paran\u00e1, com a\u00e7\u00f5es da Secretaria Municipal de Educa\u00e7\u00e3o (Semed). Evento teve in\u00edcio, na quinta-feira (27), e reuniu profissionais que discutiram desafios, pol\u00edticas p\u00fablicas, inclus\u00e3o, equidade e qualidade do ensino<\/p>\n\n\n\n<p class=\"wp-block-paragraph\">Com o tema \u201cEduca\u00e7\u00e3o Integral e Educa\u00e7\u00e3o no Campo: desafios contempor\u00e2neos para equidade e qualidade educacional e social\u201d, o semin\u00e1rio apresentou programa\u00e7\u00e3o diversificada, com palestras, oficinas, minicursos e grupos de trabalho para professores da rede municipal de educa\u00e7\u00e3o.<\/p>\n\n\n\n<figure class=\"wp-block-gallery has-nested-images columns-default is-cropped wp-block-gallery-1 is-layout-flex wp-block-gallery-is-layout-flex\">\n<figure class=\"wp-block-image size-large\"><img loading=\"lazy\" decoding=\"async\" width=\"1024\" height=\"768\" data-id=\"64035\" src=\"https:\/\/vipfesta.com.br\/vipfesta\/wp-content\/uploads\/2026\/08\/285590-1024x768.jpg\" alt=\"\" class=\"wp-image-64035\" srcset=\"https:\/\/vipfesta.com.br\/vipfesta\/wp-content\/uploads\/2026\/08\/285590-1024x768.jpg 1024w, https:\/\/vipfesta.com.br\/vipfesta\/wp-content\/uploads\/2026\/08\/285590-300x225.jpg 300w, https:\/\/vipfesta.com.br\/vipfesta\/wp-content\/uploads\/2026\/08\/285590-768x576.jpg 768w, https:\/\/vipfesta.com.br\/vipfesta\/wp-content\/uploads\/2026\/08\/285590-100x75.jpg 100w, https:\/\/vipfesta.com.br\/vipfesta\/wp-content\/uploads\/2026\/08\/285590-600x450.jpg 600w, https:\/\/vipfesta.com.br\/vipfesta\/wp-content\/uploads\/2026\/08\/285590.jpg 1280w\" sizes=\"auto, (max-width: 1024px) 100vw, 1024px\" \/><\/figure>\n\n\n\n<figure class=\"wp-block-image size-large\"><img loading=\"lazy\" decoding=\"async\" width=\"1024\" height=\"768\" data-id=\"64036\" src=\"https:\/\/vipfesta.com.br\/vipfesta\/wp-content\/uploads\/2026\/08\/285589-1024x768.jpg\" alt=\"\" class=\"wp-image-64036\" srcset=\"https:\/\/vipfesta.com.br\/vipfesta\/wp-content\/uploads\/2026\/08\/285589-1024x768.jpg 1024w, https:\/\/vipfesta.com.br\/vipfesta\/wp-content\/uploads\/2026\/08\/285589-300x225.jpg 300w, https:\/\/vipfesta.com.br\/vipfesta\/wp-content\/uploads\/2026\/08\/285589-599x449.jpg 599w, https:\/\/vipfesta.com.br\/vipfesta\/wp-content\/uploads\/2026\/08\/285589-767x575.jpg 767w, https:\/\/vipfesta.com.br\/vipfesta\/wp-content\/uploads\/2026\/08\/285589-99x74.jpg 99w, https:\/\/vipfesta.com.br\/vipfesta\/wp-content\/uploads\/2026\/08\/285589.jpg 1203w\" sizes=\"auto, (max-width: 1024px) 100vw, 1024px\" \/><\/figure>\n<\/figure>\n\n\n\n<p class=\"wp-block-paragraph\">Entre os assuntos abordados estiveram a educa\u00e7\u00e3o integral, educa\u00e7\u00e3o do campo, agroecologia, arte e natureza, cartografia social, territorialidades, privacidade digital, educa\u00e7\u00e3o financeira, direitos humanos, viol\u00eancia escolar e gest\u00e3o escolar.<\/p>\n\n\n\n<p class=\"wp-block-paragraph\">No primeiro dia de programa\u00e7\u00e3o (27), houve mesa tem\u00e1tica que tratou da \u201cEduca\u00e7\u00e3o Integral e Educa\u00e7\u00e3o no Campo: desafios contempor\u00e2neos para a equidade e qualidade educacional e social&#8221;, no audit\u00f3rio do Sesc Clementina (2\u00ba distrito). \u00c0 tarde, os trabalhos prosseguiram na EMEIEF Celso Rocco com oficinas, minicursos e palestras.&nbsp;&nbsp;&nbsp;<\/p>\n\n\n\n<p class=\"wp-block-paragraph\">Os trabalhos continuaram, no segundo dia de evento, tamb\u00e9m no EMEIEF Celso Rocco, nos per\u00edodos da manh\u00e3 e tarde, com discuss\u00f5es sobre pol\u00edticas p\u00fablicas, curr\u00edculo, perman\u00eancia e equidade, e atividades voltadas para refor\u00e7ar as pr\u00e1ticas educacionais no munic\u00edpio.<\/p>\n\n\n\n<p class=\"wp-block-paragraph\">De acordo com o secret\u00e1rio da Semed, Robson Casula, o semin\u00e1rio foi idealizado para consolidar a forma\u00e7\u00e3o continuada dos profissionais da educa\u00e7\u00e3o e a constru\u00e7\u00e3o de pol\u00edticas p\u00fablicas que, efetivamente, considerem as diferentes realidades dos estudantes e comunidades.<\/p>\n\n\n\n<p class=\"wp-block-paragraph\">Segundo ele, iniciativas como essa contribuem para ampliar o di\u00e1logo entre educadores, especialistas e comunidade escolar, que fortalecem a busca por uma educa\u00e7\u00e3o p\u00fablica cada vez mais inclusiva, democr\u00e1tica e de qualidade.<\/p>\n\n\n\n<p class=\"wp-block-paragraph\">Texto: Rose Lopes\/assessoria Semed<\/p>\n\n\n\n<p class=\"wp-block-paragraph\">Fotos: Rose Lopeas\/assessoria Semed<\/p>\n\n\n\n<p class=\"wp-block-paragraph\">CSS Prefeitura de Ji-Paran\u00e1 <\/p>\n","protected":false},"excerpt":{"rendered":"<p>Encerrou hoje (28) o Semin\u00e1rio Municipal que teve como foco a educa\u00e7\u00e3o integral e campo promovido pela Prefeitura de Ji-Paran\u00e1,<\/p>\n","protected":false},"author":1,"featured_media":64034,"comment_status":"closed","ping_status":"open","sticky":false,"template":"","format":"standard","meta":{"colormag_page_container_layout":"default_layout","colormag_page_sidebar_layout":"default_layout","footnotes":""},"categories":[1],"tags":[],"class_list":["post-64033","post","type-post","status-publish","format-standard","has-post-thumbnail","hentry","category-news"],"_links":{"self":[{"href":"https:\/\/vipfesta.com.br\/vipfesta\/wp-json\/wp\/v2\/posts\/64033","targetHints":{"allow":["GET"]}}],"collection":[{"href":"https:\/\/vipfesta.com.br\/vipfesta\/wp-json\/wp\/v2\/posts"}],"about":[{"href":"https:\/\/vipfesta.com.br\/vipfesta\/wp-json\/wp\/v2\/types\/post"}],"author":[{"embeddable":true,"href":"https:\/\/vipfesta.com.br\/vipfesta\/wp-json\/wp\/v2\/users\/1"}],"replies":[{"embeddable":true,"href":"https:\/\/vipfesta.com.br\/vipfesta\/wp-json\/wp\/v2\/comments?post=64033"}],"version-history":[{"count":2,"href":"https:\/\/vipfesta.com.br\/vipfesta\/wp-json\/wp\/v2\/posts\/64033\/revisions"}],"predecessor-version":[{"id":64103,"href":"https:\/\/vipfesta.com.br\/vipfesta\/wp-json\/wp\/v2\/posts\/64033\/revisions\/64103"}],"wp:featuredmedia":[{"embeddable":true,"href":"https:\/\/vipfesta.com.br\/vipfesta\/wp-json\/wp\/v2\/media\/64034"}],"wp:attachment":[{"href":"https:\/\/vipfesta.com.br\/vipfesta\/wp-json\/wp\/v2\/media?parent=64033"}],"wp:term":[{"taxonomy":"category","embeddable":true,"href":"https:\/\/vipfesta.com.br\/vipfesta\/wp-json\/wp\/v2\/categories?post=64033"},{"taxonomy":"post_tag","embeddable":true,"href":"https:\/\/vipfesta.com.br\/vipfesta\/wp-json\/wp\/v2\/tags?post=64033"}],"curies":[{"name":"wp","href":"https:\/\/api.w.org\/{rel}","templated":true}]}}