{"id":60691,"date":"2026-04-30T20:53:27","date_gmt":"2026-05-01T00:53:27","guid":{"rendered":"https:\/\/vipfesta.com.br\/vipfesta\/?p=60691"},"modified":"2026-04-30T20:59:55","modified_gmt":"2026-05-01T00:59:55","slug":"indigenas-7","status":"publish","type":"post","link":"https:\/\/vipfesta.com.br\/vipfesta\/indigenas-7\/","title":{"rendered":"Acordo de Coopera\u00e7\u00e3o T\u00e9cnica fortalece produ\u00e7\u00e3o sustent\u00e1vel em comunidades ind\u00edgenas de Rond\u00f4nia"},"content":{"rendered":"\n<figure class=\"wp-block-image size-large\"><img loading=\"lazy\" decoding=\"async\" width=\"1024\" height=\"691\" src=\"https:\/\/vipfesta.com.br\/vipfesta\/wp-content\/uploads\/2026\/04\/04abr2024-19_Terras-indigenas-Ji-Parana_Cleber-Rodrigues-3-1024x691.jpg\" alt=\"\" class=\"wp-image-60692\" srcset=\"https:\/\/vipfesta.com.br\/vipfesta\/wp-content\/uploads\/2026\/04\/04abr2024-19_Terras-indigenas-Ji-Parana_Cleber-Rodrigues-3-1024x691.jpg 1024w, https:\/\/vipfesta.com.br\/vipfesta\/wp-content\/uploads\/2026\/04\/04abr2024-19_Terras-indigenas-Ji-Parana_Cleber-Rodrigues-3-300x203.jpg 300w, https:\/\/vipfesta.com.br\/vipfesta\/wp-content\/uploads\/2026\/04\/04abr2024-19_Terras-indigenas-Ji-Parana_Cleber-Rodrigues-3-768x518.jpg 768w, https:\/\/vipfesta.com.br\/vipfesta\/wp-content\/uploads\/2026\/04\/04abr2024-19_Terras-indigenas-Ji-Parana_Cleber-Rodrigues-3-100x68.jpg 100w, https:\/\/vipfesta.com.br\/vipfesta\/wp-content\/uploads\/2026\/04\/04abr2024-19_Terras-indigenas-Ji-Parana_Cleber-Rodrigues-3.jpg 1268w\" sizes=\"auto, (max-width: 1024px) 100vw, 1024px\" \/><figcaption class=\"wp-element-caption\">A proposta re\u00fane a\u00e7\u00f5es de assist\u00eancia t\u00e9cnica, capacita\u00e7\u00e3o e acesso a pol\u00edticas p\u00fablicas, com foco no desenvolvimento rural aliado \u00e0 valoriza\u00e7\u00e3o dos conhecimentos tradicionais<\/figcaption><\/figure>\n\n\n\n<blockquote class=\"wp-block-quote is-layout-flow wp-block-quote-is-layout-flow\">\n<p><strong>A<\/strong>&nbsp;produ\u00e7\u00e3o sustent\u00e1vel, seguran\u00e7a alimentar e o fortalecimento da autonomia ind\u00edgena est\u00e3o no centro de uma nova iniciativa que deve impactar dezenas de comunidades em Rond\u00f4nia nos pr\u00f3ximos anos. A proposta re\u00fane a\u00e7\u00f5es de assist\u00eancia t\u00e9cnica, capacita\u00e7\u00e3o e acesso a pol\u00edticas p\u00fablicas, com foco no desenvolvimento rural aliado \u00e0 valoriza\u00e7\u00e3o dos conhecimentos tradicionais. Nesse contexto, o governo de Rond\u00f4nia, por meio da Entidade Aut\u00e1rquica de Assist\u00eancia T\u00e9cnica e Extens\u00e3o Rural de Rond\u00f4nia (Emater-RO) e a Funda\u00e7\u00e3o Nacional dos Povos Ind\u00edgenas (Funai) assinaram, no dia 24 de abril, um Acordo de Coopera\u00e7\u00e3o T\u00e9cnica para ampliar o apoio \u00e0s comunidades ind\u00edgenas do estado.<\/p>\n<\/blockquote>\n\n\n\n<p>O acordo estabelece uma atua\u00e7\u00e3o conjunta nas regi\u00f5es de Ji-Paran\u00e1, Cacoal e Guajar\u00e1-Mirim, com a\u00e7\u00f5es voltadas \u00e0 assist\u00eancia t\u00e9cnica e extens\u00e3o rural (Ater), agroecologia, organiza\u00e7\u00e3o social e emiss\u00e3o do Cadastro da Agricultura Familiar (CAF). As atividades estar\u00e3o alinhadas \u00e0 Pol\u00edtica Nacional de Gest\u00e3o Territorial e Ambiental de Terras Ind\u00edgenas (PNGATI) e \u00e0 Pol\u00edtica Nacional de Agroecologia e Produ\u00e7\u00e3o Org\u00e2nica (PNAPO).<\/p>\n\n\n\n<p>Para o governador de Rond\u00f4nia, Marcos Rocha, a iniciativa fortalece o desenvolvimento sustent\u00e1vel no estado. \u201cEstamos trabalhando para garantir que todas as comunidades tenham acesso a pol\u00edticas p\u00fablicas que promovam qualidade de vida, gera\u00e7\u00e3o de renda e respeito \u00e0s tradi\u00e7\u00f5es culturais\u201d, salientou.<\/p>\n\n\n\n<p>De acordo com o diretor t\u00e9cnico da Emater-RO, Jos\u00e9 de Arimateia da Silva, o interesse das comunidades ind\u00edgenas n\u00e3o est\u00e1 somente em receber a assist\u00eancia t\u00e9cnica, mas sim em contribuir para o desenvolvimento do estado e com o fortalecimento das institui\u00e7\u00f5es de apoio e incentivo a esse desenvolvimento. \u201cPara a comunidade ind\u00edgena, quando o governo fortalece as institui\u00e7\u00f5es que atendem \u00e0s suas necessidades, est\u00e1 fortalecendo tamb\u00e9m a comunidade\u201d, disse.<\/p>\n\n\n\n<figure class=\"wp-block-image size-full\"><img loading=\"lazy\" decoding=\"async\" width=\"960\" height=\"648\" src=\"https:\/\/vipfesta.com.br\/vipfesta\/wp-content\/uploads\/2026\/04\/04abr2026-24-Assinatura-com-Funai_Fotos-Funai-7.jpg\" alt=\"\" class=\"wp-image-60693\" srcset=\"https:\/\/vipfesta.com.br\/vipfesta\/wp-content\/uploads\/2026\/04\/04abr2026-24-Assinatura-com-Funai_Fotos-Funai-7.jpg 960w, https:\/\/vipfesta.com.br\/vipfesta\/wp-content\/uploads\/2026\/04\/04abr2026-24-Assinatura-com-Funai_Fotos-Funai-7-300x203.jpg 300w, https:\/\/vipfesta.com.br\/vipfesta\/wp-content\/uploads\/2026\/04\/04abr2026-24-Assinatura-com-Funai_Fotos-Funai-7-768x518.jpg 768w, https:\/\/vipfesta.com.br\/vipfesta\/wp-content\/uploads\/2026\/04\/04abr2026-24-Assinatura-com-Funai_Fotos-Funai-7-100x68.jpg 100w\" sizes=\"auto, (max-width: 960px) 100vw, 960px\" \/><figcaption class=\"wp-element-caption\">A iniciativa refor\u00e7a o compromisso do estado com o desenvolvimento sustent\u00e1vel<\/figcaption><\/figure>\n\n\n\n<p>O diretor-presidente da Emater-RO, Hermes Jos\u00e9 Dias Filho, destacou que a coopera\u00e7\u00e3o fortalece a atua\u00e7\u00e3o integrada no estado. \u201cEsse acordo representa um avan\u00e7o importante para ampliar a presen\u00e7a da assist\u00eancia t\u00e9cnica nas comunidades ind\u00edgenas, respeitando suas particularidades e promovendo inclus\u00e3o produtiva com sustentabilidade.\u201d<\/p>\n\n\n\n<p><strong>METAS PREVISTAS&nbsp;<\/strong><\/p>\n\n\n\n<p>Entre as principais metas previstas est\u00e3o a realiza\u00e7\u00e3o de 25 mutir\u00f5es para emiss\u00e3o do CAF at\u00e9 2030, a promo\u00e7\u00e3o de 35 capacita\u00e7\u00f5es t\u00e9cnicas e a oferta de assist\u00eancia anual em todas as terras ind\u00edgenas de Rond\u00f4nia. O plano tamb\u00e9m inclui forma\u00e7\u00f5es em culturas como caf\u00e9, mandioca, banana e cacau, al\u00e9m de atividades de cria\u00e7\u00e3o de pequenos animais e extrativismo da castanha-do-Brasil.<\/p>\n\n\n\n<p>Outro ponto de destaque \u00e9 a capacita\u00e7\u00e3o de t\u00e9cnicos da Emater-RO e da Funai, com apoio de institui\u00e7\u00f5es como o Centro Colaborador em Alimenta\u00e7\u00e3o e Nutri\u00e7\u00e3o Escolar (Cecane), visando qualificar o atendimento \u00e0s especificidades socioculturais dos povos ind\u00edgenas. O acordo n\u00e3o prev\u00ea transfer\u00eancia direta de recursos financeiros entre as institui\u00e7\u00f5es. Cada \u00f3rg\u00e3o ser\u00e1 respons\u00e1vel pelo custeio de suas a\u00e7\u00f5es, podendo firmar instrumentos espec\u00edficos caso haja necessidade de repasses ou aquisi\u00e7\u00e3o de bens.<\/p>\n\n\n\n<p><strong>FORTALECIMENTO DA AUTONOMIA PRODUTIVA<\/strong><\/p>\n\n\n\n<p>A parceria tem vig\u00eancia inicial de cinco anos e poder\u00e1 ser prorrogada. Entre os resultados esperados est\u00e3o o fortalecimento da autonomia produtiva das comunidades ind\u00edgenas, maior acesso a pol\u00edticas p\u00fablicas como a linha de cr\u00e9dito do Pronaf e os programas de Aquisi\u00e7\u00e3o de Alimento (PAA) e de Alimenta\u00e7\u00e3o Escolar (PNAE), al\u00e9m da valoriza\u00e7\u00e3o dos conhecimentos tradicionais e da conserva\u00e7\u00e3o ambiental.  <\/p>\n\n\n\n<p>Secom\/Texto: Wania Ressutti\/Fotos: Irene Mendes e Funai<\/p>\n\n\n\n<p><\/p>\n","protected":false},"excerpt":{"rendered":"<p>A&nbsp;produ\u00e7\u00e3o sustent\u00e1vel, seguran\u00e7a alimentar e o fortalecimento da autonomia ind\u00edgena est\u00e3o no centro de uma nova iniciativa que deve impactar<\/p>\n","protected":false},"author":1,"featured_media":60692,"comment_status":"closed","ping_status":"open","sticky":false,"template":"","format":"standard","meta":{"colormag_page_container_layout":"default_layout","colormag_page_sidebar_layout":"default_layout","footnotes":""},"categories":[301,319],"tags":[939],"class_list":["post-60691","post","type-post","status-publish","format-standard","has-post-thumbnail","hentry","category-agronegocio","category-rondonia","tag-indigenas"],"_links":{"self":[{"href":"https:\/\/vipfesta.com.br\/vipfesta\/wp-json\/wp\/v2\/posts\/60691","targetHints":{"allow":["GET"]}}],"collection":[{"href":"https:\/\/vipfesta.com.br\/vipfesta\/wp-json\/wp\/v2\/posts"}],"about":[{"href":"https:\/\/vipfesta.com.br\/vipfesta\/wp-json\/wp\/v2\/types\/post"}],"author":[{"embeddable":true,"href":"https:\/\/vipfesta.com.br\/vipfesta\/wp-json\/wp\/v2\/users\/1"}],"replies":[{"embeddable":true,"href":"https:\/\/vipfesta.com.br\/vipfesta\/wp-json\/wp\/v2\/comments?post=60691"}],"version-history":[{"count":3,"href":"https:\/\/vipfesta.com.br\/vipfesta\/wp-json\/wp\/v2\/posts\/60691\/revisions"}],"predecessor-version":[{"id":60697,"href":"https:\/\/vipfesta.com.br\/vipfesta\/wp-json\/wp\/v2\/posts\/60691\/revisions\/60697"}],"wp:featuredmedia":[{"embeddable":true,"href":"https:\/\/vipfesta.com.br\/vipfesta\/wp-json\/wp\/v2\/media\/60692"}],"wp:attachment":[{"href":"https:\/\/vipfesta.com.br\/vipfesta\/wp-json\/wp\/v2\/media?parent=60691"}],"wp:term":[{"taxonomy":"category","embeddable":true,"href":"https:\/\/vipfesta.com.br\/vipfesta\/wp-json\/wp\/v2\/categories?post=60691"},{"taxonomy":"post_tag","embeddable":true,"href":"https:\/\/vipfesta.com.br\/vipfesta\/wp-json\/wp\/v2\/tags?post=60691"}],"curies":[{"name":"wp","href":"https:\/\/api.w.org\/{rel}","templated":true}]}}