{"id":60685,"date":"2026-04-30T18:30:46","date_gmt":"2026-04-30T22:30:46","guid":{"rendered":"https:\/\/vipfesta.com.br\/vipfesta\/?p=60685"},"modified":"2026-04-30T18:40:58","modified_gmt":"2026-04-30T22:40:58","slug":"semeia-5","status":"publish","type":"post","link":"https:\/\/vipfesta.com.br\/vipfesta\/semeia-5\/","title":{"rendered":"Secretaria Municipal de Meio Ambiente (Semeia) marcou presen\u00e7a no VII Encontro de Secret\u00e1rios, T\u00e9cnicos e Viveiristas em Cacoal"},"content":{"rendered":"\n<figure class=\"wp-block-image size-large\"><img loading=\"lazy\" decoding=\"async\" width=\"1024\" height=\"576\" src=\"https:\/\/vipfesta.com.br\/vipfesta\/wp-content\/uploads\/2026\/04\/4cc45d2d-2b8c-4d94-ac3e-0ab14e8f1303-1024x576.jpg\" alt=\"\" class=\"wp-image-60686\" srcset=\"https:\/\/vipfesta.com.br\/vipfesta\/wp-content\/uploads\/2026\/04\/4cc45d2d-2b8c-4d94-ac3e-0ab14e8f1303-1024x576.jpg 1024w, https:\/\/vipfesta.com.br\/vipfesta\/wp-content\/uploads\/2026\/04\/4cc45d2d-2b8c-4d94-ac3e-0ab14e8f1303-300x169.jpg 300w, https:\/\/vipfesta.com.br\/vipfesta\/wp-content\/uploads\/2026\/04\/4cc45d2d-2b8c-4d94-ac3e-0ab14e8f1303-768x432.jpg 768w, https:\/\/vipfesta.com.br\/vipfesta\/wp-content\/uploads\/2026\/04\/4cc45d2d-2b8c-4d94-ac3e-0ab14e8f1303-100x56.jpg 100w, https:\/\/vipfesta.com.br\/vipfesta\/wp-content\/uploads\/2026\/04\/4cc45d2d-2b8c-4d94-ac3e-0ab14e8f1303.jpg 1280w\" sizes=\"auto, (max-width: 1024px) 100vw, 1024px\" \/><\/figure>\n\n\n\n<p>A Secretaria Municipal de Meio Ambiente (Semeia) marcou presen\u00e7a no VII Encontro de Secret\u00e1rios, T\u00e9cnicos e Viveiristas, realizado nos dias 28 e 29 de abril, no munic\u00edpio de Cacoal. O evento reuniu representantes de diversas regi\u00f5es de Rond\u00f4nia com o objetivo de integrar a\u00e7\u00f5es e fortalecer estrat\u00e9gias voltadas \u00e0 preserva\u00e7\u00e3o ambiental.<\/p>\n\n\n\n<p>Promovido pelo Governo de Rond\u00f4nia, por meio da Secretaria de Estado do Desenvolvimento Ambiental (Sedam), em parceria com o Tribunal de Justi\u00e7a de Rond\u00f4nia (TJRO) e o Cons\u00f3rcio P\u00fablico Intermunicipal de Rond\u00f4nia (Cimcero), o encontro proporcionou um espa\u00e7o de di\u00e1logo entre gestores p\u00fablicos, t\u00e9cnicos e profissionais da \u00e1rea ambiental. <\/p>\n\n\n\n<figure class=\"wp-block-image size-large\"><img loading=\"lazy\" decoding=\"async\" width=\"1024\" height=\"576\" src=\"https:\/\/vipfesta.com.br\/vipfesta\/wp-content\/uploads\/2026\/04\/520598c1-7eb2-4a83-acdf-e2dfcfa98ac0-1024x576.jpg\" alt=\"\" class=\"wp-image-60688\" srcset=\"https:\/\/vipfesta.com.br\/vipfesta\/wp-content\/uploads\/2026\/04\/520598c1-7eb2-4a83-acdf-e2dfcfa98ac0-1024x576.jpg 1024w, https:\/\/vipfesta.com.br\/vipfesta\/wp-content\/uploads\/2026\/04\/520598c1-7eb2-4a83-acdf-e2dfcfa98ac0-300x169.jpg 300w, https:\/\/vipfesta.com.br\/vipfesta\/wp-content\/uploads\/2026\/04\/520598c1-7eb2-4a83-acdf-e2dfcfa98ac0-768x432.jpg 768w, https:\/\/vipfesta.com.br\/vipfesta\/wp-content\/uploads\/2026\/04\/520598c1-7eb2-4a83-acdf-e2dfcfa98ac0-100x56.jpg 100w, https:\/\/vipfesta.com.br\/vipfesta\/wp-content\/uploads\/2026\/04\/520598c1-7eb2-4a83-acdf-e2dfcfa98ac0.jpg 1280w\" sizes=\"auto, (max-width: 1024px) 100vw, 1024px\" \/><\/figure>\n\n\n\n<p>Representando a Semeia Ji-Paran\u00e1, participaram o secret\u00e1rio municipal de Meio Ambiente, Jo\u00e3o Luiz Barbosa, e o assistente de viveiro, Jos\u00e9 Ant\u00f4nio Pereira. A equipe acompanhou debates e atividades voltadas ao desenvolvimento sustent\u00e1vel, com destaque para o fortalecimento dos viveiros municipais, amplia\u00e7\u00e3o da produ\u00e7\u00e3o de mudas e a\u00e7\u00f5es de recupera\u00e7\u00e3o ambiental.<\/p>\n\n\n\n<p>Durante a programa\u00e7\u00e3o, tamb\u00e9m foram discutidas estrat\u00e9gias de combate ao desmatamento com o envolvimento direto dos munic\u00edpios, iniciativas de recupera\u00e7\u00e3o de nascentes e medidas para garantir a seguran\u00e7a h\u00eddrica. Temas como arboriza\u00e7\u00e3o urbana, legisla\u00e7\u00e3o fitossanit\u00e1ria e destina\u00e7\u00e3o adequada de madeira tamb\u00e9m estiveram em pauta. <\/p>\n\n\n\n<figure class=\"wp-block-image size-large\"><img loading=\"lazy\" decoding=\"async\" width=\"1024\" height=\"576\" src=\"https:\/\/vipfesta.com.br\/vipfesta\/wp-content\/uploads\/2026\/04\/209e1b4d-a70a-40c3-8862-584156cafc4a-1024x576.jpg\" alt=\"\" class=\"wp-image-60687\" srcset=\"https:\/\/vipfesta.com.br\/vipfesta\/wp-content\/uploads\/2026\/04\/209e1b4d-a70a-40c3-8862-584156cafc4a-1024x576.jpg 1024w, https:\/\/vipfesta.com.br\/vipfesta\/wp-content\/uploads\/2026\/04\/209e1b4d-a70a-40c3-8862-584156cafc4a-300x169.jpg 300w, https:\/\/vipfesta.com.br\/vipfesta\/wp-content\/uploads\/2026\/04\/209e1b4d-a70a-40c3-8862-584156cafc4a-768x432.jpg 768w, https:\/\/vipfesta.com.br\/vipfesta\/wp-content\/uploads\/2026\/04\/209e1b4d-a70a-40c3-8862-584156cafc4a-100x56.jpg 100w, https:\/\/vipfesta.com.br\/vipfesta\/wp-content\/uploads\/2026\/04\/209e1b4d-a70a-40c3-8862-584156cafc4a-1536x864.jpg 1536w, https:\/\/vipfesta.com.br\/vipfesta\/wp-content\/uploads\/2026\/04\/209e1b4d-a70a-40c3-8862-584156cafc4a.jpg 1600w\" sizes=\"auto, (max-width: 1024px) 100vw, 1024px\" \/><\/figure>\n\n\n\n<p>Para o secret\u00e1rio Jo\u00e3o Luiz Barbosa, o encontro refor\u00e7a a import\u00e2ncia da atua\u00e7\u00e3o conjunta entre os entes p\u00fablicos. \u201cA integra\u00e7\u00e3o entre estado, munic\u00edpios e demais institui\u00e7\u00f5es \u00e9 fundamental para avan\u00e7armos em pol\u00edticas ambientais mais eficientes. Momentos como este permitem a troca de experi\u00eancias e o alinhamento de a\u00e7\u00f5es que refletem diretamente na preserva\u00e7\u00e3o dos nossos recursos naturais\u201d, destacou.<\/p>\n\n\n\n<p>O evento reafirma o compromisso das institui\u00e7\u00f5es participantes com a constru\u00e7\u00e3o de pol\u00edticas p\u00fablicas integradas, visando o desenvolvimento sustent\u00e1vel e a conserva\u00e7\u00e3o ambiental em Rond\u00f4nia.<\/p>\n\n\n\n<p>Decom\/Fotos: Semeia<\/p>\n\n\n\n<p>Texto: Natalino FS<\/p>\n","protected":false},"excerpt":{"rendered":"<p>A Secretaria Municipal de Meio Ambiente (Semeia) marcou presen\u00e7a no VII Encontro de Secret\u00e1rios, T\u00e9cnicos e Viveiristas, realizado nos dias<\/p>\n","protected":false},"author":1,"featured_media":60686,"comment_status":"closed","ping_status":"open","sticky":false,"template":"","format":"standard","meta":{"colormag_page_container_layout":"default_layout","colormag_page_sidebar_layout":"default_layout","footnotes":""},"categories":[471],"tags":[489,1432],"class_list":["post-60685","post","type-post","status-publish","format-standard","has-post-thumbnail","hentry","category-meio-ambiente","tag-meio-ambiente","tag-viveiro"],"_links":{"self":[{"href":"https:\/\/vipfesta.com.br\/vipfesta\/wp-json\/wp\/v2\/posts\/60685","targetHints":{"allow":["GET"]}}],"collection":[{"href":"https:\/\/vipfesta.com.br\/vipfesta\/wp-json\/wp\/v2\/posts"}],"about":[{"href":"https:\/\/vipfesta.com.br\/vipfesta\/wp-json\/wp\/v2\/types\/post"}],"author":[{"embeddable":true,"href":"https:\/\/vipfesta.com.br\/vipfesta\/wp-json\/wp\/v2\/users\/1"}],"replies":[{"embeddable":true,"href":"https:\/\/vipfesta.com.br\/vipfesta\/wp-json\/wp\/v2\/comments?post=60685"}],"version-history":[{"count":2,"href":"https:\/\/vipfesta.com.br\/vipfesta\/wp-json\/wp\/v2\/posts\/60685\/revisions"}],"predecessor-version":[{"id":60690,"href":"https:\/\/vipfesta.com.br\/vipfesta\/wp-json\/wp\/v2\/posts\/60685\/revisions\/60690"}],"wp:featuredmedia":[{"embeddable":true,"href":"https:\/\/vipfesta.com.br\/vipfesta\/wp-json\/wp\/v2\/media\/60686"}],"wp:attachment":[{"href":"https:\/\/vipfesta.com.br\/vipfesta\/wp-json\/wp\/v2\/media?parent=60685"}],"wp:term":[{"taxonomy":"category","embeddable":true,"href":"https:\/\/vipfesta.com.br\/vipfesta\/wp-json\/wp\/v2\/categories?post=60685"},{"taxonomy":"post_tag","embeddable":true,"href":"https:\/\/vipfesta.com.br\/vipfesta\/wp-json\/wp\/v2\/tags?post=60685"}],"curies":[{"name":"wp","href":"https:\/\/api.w.org\/{rel}","templated":true}]}}