{"id":60679,"date":"2026-04-30T18:14:41","date_gmt":"2026-04-30T22:14:41","guid":{"rendered":"https:\/\/vipfesta.com.br\/vipfesta\/?p=60679"},"modified":"2026-04-30T18:15:51","modified_gmt":"2026-04-30T22:15:51","slug":"silvia-cristina-257","status":"publish","type":"post","link":"https:\/\/vipfesta.com.br\/vipfesta\/silvia-cristina-257\/","title":{"rendered":"S\u00edlvia Cristina relata projeto aprovado pela C\u00e2mara, que considera fator amaz\u00f4nico nas despesas da merenda escolar"},"content":{"rendered":"\n<figure class=\"wp-block-image size-full\"><img loading=\"lazy\" decoding=\"async\" width=\"768\" height=\"473\" src=\"https:\/\/vipfesta.com.br\/vipfesta\/wp-content\/uploads\/2026\/04\/IMG-20260430-WA04902.jpg\" alt=\"\" class=\"wp-image-60681\" srcset=\"https:\/\/vipfesta.com.br\/vipfesta\/wp-content\/uploads\/2026\/04\/IMG-20260430-WA04902.jpg 768w, https:\/\/vipfesta.com.br\/vipfesta\/wp-content\/uploads\/2026\/04\/IMG-20260430-WA04902-300x185.jpg 300w, https:\/\/vipfesta.com.br\/vipfesta\/wp-content\/uploads\/2026\/04\/IMG-20260430-WA04902-100x62.jpg 100w\" sizes=\"auto, (max-width: 768px) 100vw, 768px\" \/><figcaption class=\"wp-element-caption\">Lei define novos crit\u00e9rios de repasse, levando em conta as dist\u00e2ncias e dificuldades de acesso na Amaz\u00f4nia Legal<\/figcaption><\/figure>\n\n\n\n<p>A deputada federal S\u00edlvia Cristina foi a relatora do Projeto de Lei 1248\/24, aprovado nesta quarta-feira (29), na C\u00e2mara dos Deputados, que passa a considerar o chamado fator amaz\u00f4nico, nos repasses do Programa Nacional de Alimenta\u00e7\u00e3o Escolar (Pnae) a escolas situadas na Amaz\u00f4nia Legal.<\/p>\n\n\n\n<p>\u201cNa nossa Amaz\u00f4nia temos desafios que outras regi\u00f5es n\u00e3o possuem, como longas dist\u00e2ncias, dificuldades de acesso e outras quest\u00f5es que acabam elevando os custos dos alimentos da merenda escolar. Esse projeto equilibra essa distor\u00e7\u00e3o e representa ganho real e justi\u00e7a com a rede p\u00fablica de ensino\u201d, explicou Silvia Cristina.<\/p>\n\n\n\n<p>De acordo com a mat\u00e9ria aprovada, dever\u00e1 ser levado em conta no c\u00e1lculo o chamado fator amaz\u00f4nico e tamb\u00e9m as etapas, modalidades, tipos de estabelecimento e jornada do ensino. Para os fins desse c\u00e1lculo, o fator amaz\u00f4nico \u00e9 definido como o conjunto de custos adicionais devido \u00e0s caracter\u00edsticas pr\u00f3prias da regi\u00e3o amaz\u00f4nica, como baixa densidade demogr\u00e1fica, log\u00edstica limitada e dificuldade de acesso a produtos e servi\u00e7os em raz\u00e3o do uso de rios para locomo\u00e7\u00e3o de pessoas e cargas.<\/p>\n\n\n\n<p>Tamb\u00e9m devem ser consideradas as despesas extraordin\u00e1rias com transporte, energia, comunica\u00e7\u00e3o, armazenamento e manuseio de g\u00eaneros aliment\u00edcios, pessoal e manuten\u00e7\u00e3o escolar.<\/p>\n\n\n\n<p>Com informa\u00e7\u00f5es da Ag\u00eancia C\u00e2mara de Not\u00edcias<\/p>\n\n\n\n<p>&nbsp;Foto Kayo Magalh\u00e3es &#8211; C\u00e2mara dos Deputados<\/p>\n","protected":false},"excerpt":{"rendered":"<p>A deputada federal S\u00edlvia Cristina foi a relatora do Projeto de Lei 1248\/24, aprovado nesta quarta-feira (29), na C\u00e2mara dos<\/p>\n","protected":false},"author":1,"featured_media":60681,"comment_status":"closed","ping_status":"open","sticky":false,"template":"","format":"standard","meta":{"colormag_page_container_layout":"default_layout","colormag_page_sidebar_layout":"default_layout","footnotes":""},"categories":[470,303],"tags":[541],"class_list":["post-60679","post","type-post","status-publish","format-standard","has-post-thumbnail","hentry","category-silvia-cristina","category-politica","tag-silvia-cristina"],"_links":{"self":[{"href":"https:\/\/vipfesta.com.br\/vipfesta\/wp-json\/wp\/v2\/posts\/60679","targetHints":{"allow":["GET"]}}],"collection":[{"href":"https:\/\/vipfesta.com.br\/vipfesta\/wp-json\/wp\/v2\/posts"}],"about":[{"href":"https:\/\/vipfesta.com.br\/vipfesta\/wp-json\/wp\/v2\/types\/post"}],"author":[{"embeddable":true,"href":"https:\/\/vipfesta.com.br\/vipfesta\/wp-json\/wp\/v2\/users\/1"}],"replies":[{"embeddable":true,"href":"https:\/\/vipfesta.com.br\/vipfesta\/wp-json\/wp\/v2\/comments?post=60679"}],"version-history":[{"count":2,"href":"https:\/\/vipfesta.com.br\/vipfesta\/wp-json\/wp\/v2\/posts\/60679\/revisions"}],"predecessor-version":[{"id":60684,"href":"https:\/\/vipfesta.com.br\/vipfesta\/wp-json\/wp\/v2\/posts\/60679\/revisions\/60684"}],"wp:featuredmedia":[{"embeddable":true,"href":"https:\/\/vipfesta.com.br\/vipfesta\/wp-json\/wp\/v2\/media\/60681"}],"wp:attachment":[{"href":"https:\/\/vipfesta.com.br\/vipfesta\/wp-json\/wp\/v2\/media?parent=60679"}],"wp:term":[{"taxonomy":"category","embeddable":true,"href":"https:\/\/vipfesta.com.br\/vipfesta\/wp-json\/wp\/v2\/categories?post=60679"},{"taxonomy":"post_tag","embeddable":true,"href":"https:\/\/vipfesta.com.br\/vipfesta\/wp-json\/wp\/v2\/tags?post=60679"}],"curies":[{"name":"wp","href":"https:\/\/api.w.org\/{rel}","templated":true}]}}