{"id":60668,"date":"2026-04-30T07:46:00","date_gmt":"2026-04-30T11:46:00","guid":{"rendered":"https:\/\/vipfesta.com.br\/vipfesta\/?p=60668"},"modified":"2026-04-30T07:46:45","modified_gmt":"2026-04-30T11:46:45","slug":"rrs-114","status":"publish","type":"post","link":"https:\/\/vipfesta.com.br\/vipfesta\/rrs-114\/","title":{"rendered":"Governo de RO alinha estrutura com a imprensa sobre 13\u00aa Rond\u00f4nia Rural Show Internacional"},"content":{"rendered":"\n<figure class=\"wp-block-image size-large\"><img loading=\"lazy\" decoding=\"async\" width=\"1024\" height=\"683\" src=\"https:\/\/vipfesta.com.br\/vipfesta\/wp-content\/uploads\/2026\/04\/Reuniao-Imprensa-RR-Show-27-04-26-Frank-Nery-74-2048x1366-1-1024x683.jpg\" alt=\"\" class=\"wp-image-60669\" srcset=\"https:\/\/vipfesta.com.br\/vipfesta\/wp-content\/uploads\/2026\/04\/Reuniao-Imprensa-RR-Show-27-04-26-Frank-Nery-74-2048x1366-1-1024x683.jpg 1024w, https:\/\/vipfesta.com.br\/vipfesta\/wp-content\/uploads\/2026\/04\/Reuniao-Imprensa-RR-Show-27-04-26-Frank-Nery-74-2048x1366-1-300x200.jpg 300w, https:\/\/vipfesta.com.br\/vipfesta\/wp-content\/uploads\/2026\/04\/Reuniao-Imprensa-RR-Show-27-04-26-Frank-Nery-74-2048x1366-1-768x512.jpg 768w, https:\/\/vipfesta.com.br\/vipfesta\/wp-content\/uploads\/2026\/04\/Reuniao-Imprensa-RR-Show-27-04-26-Frank-Nery-74-2048x1366-1-100x67.jpg 100w, https:\/\/vipfesta.com.br\/vipfesta\/wp-content\/uploads\/2026\/04\/Reuniao-Imprensa-RR-Show-27-04-26-Frank-Nery-74-2048x1366-1-1536x1025.jpg 1536w, https:\/\/vipfesta.com.br\/vipfesta\/wp-content\/uploads\/2026\/04\/Reuniao-Imprensa-RR-Show-27-04-26-Frank-Nery-74-2048x1366-1.jpg 2048w\" sizes=\"auto, (max-width: 1024px) 100vw, 1024px\" \/><figcaption class=\"wp-element-caption\">O governo de RO realizou reuni\u00e3o com os ve\u00edculos de comunica\u00e7\u00e3o para alinhar a organiza\u00e7\u00e3o e a cobertura da Rond\u00f4nia Rural Show Internacional 2026<\/figcaption><\/figure>\n\n\n\n<blockquote class=\"wp-block-quote is-layout-flow wp-block-quote-is-layout-flow\">\n<p>&nbsp;Governo de Rond\u00f4nia, realizou nesta segunda-feira. 27, na Sala de Reuni\u00f5es da Secretaria de Estado da Agricultura (Seagri), em Porto Velho, reuni\u00e3o com os ve\u00edculos de comunica\u00e7\u00e3o para alinhar a organiza\u00e7\u00e3o e a cobertura da Rond\u00f4nia Rural Show Internacional 2026, considerada a maior feira do agroneg\u00f3cio da regi\u00e3o Norte.<\/p>\n<\/blockquote>\n\n\n\n<p>O objetivo foi apresentar a estrutura da Rond\u00f4nia Rural Show Internacional que ser\u00e1 realizada no Centro Tecnol\u00f3gico Vandeci Rack, em Ji-Paran\u00e1, reunindo inova\u00e7\u00e3o, neg\u00f3cios e desenvolvimento em um dos maiores eventos do setor, especialmente o pavilh\u00e3o governamental, al\u00e9m de refor\u00e7ar a import\u00e2ncia da imprensa na divulga\u00e7\u00e3o das a\u00e7\u00f5es, resultados e oportunidades geradas durante a feira.<\/p>\n\n\n\n<p>Durante a reuni\u00e3o, foram apresentadas as melhorias na organiza\u00e7\u00e3o dos espa\u00e7os, incluindo o ordenamento das \u00e1reas destinadas aos ve\u00edculos de comunica\u00e7\u00e3o, audit\u00f3rio ampliado e preparados para transmiss\u00e3o ao vivo, coletivas e produ\u00e7\u00e3o de conte\u00fado.<\/p>\n\n\n\n<p>O secret\u00e1rio de Estado da Agricultura, Luiz Paulo destacou que a imprensa exerce papel essencial antes, durante e ap\u00f3s o evento, sendo respons\u00e1vel por levar informa\u00e7\u00f5es ao p\u00fablico e ampliar a visibilidade da feira em n\u00edvel nacional e internacional. \u201cA Rond\u00f4nia Rural Show n\u00e3o \u00e9 apenas uma feira agropecu\u00e1ria, \u00e9 uma feira de neg\u00f3cios, com foco em tecnologia, inova\u00e7\u00e3o e gera\u00e7\u00e3o de oportunidades. E a imprensa \u00e9 fundamental para que essa mensagem chegue a todos\u201d.<\/p>\n\n\n\n<p><strong>VALORIZA\u00c7\u00c3O DO AGRONEG\u00d3CIO<\/strong><\/p>\n\n\n\n<p>A Rond\u00f4nia Rural Show Internacional tem se consolidado como vitrine do potencial produtivo do estado, reunindo cadeias como caf\u00e9, cacau, leite, soja e outras culturas que destacam Rond\u00f4nia no cen\u00e1rio nacional e internacional.&nbsp;Al\u00e9m disso, o evento promove a troca de conhecimento, acesso a novas tecnologias e atra\u00e7\u00e3o de investidores, fortalecendo o desenvolvimento sustent\u00e1vel do agroneg\u00f3cio.<\/p>\n\n\n\n<p><strong>EXPECTATIVA&nbsp;<\/strong><\/p>\n\n\n\n<p>Com menos de 30 dias para o in\u00edcio da feira, a expectativa \u00e9 de mais uma edi\u00e7\u00e3o de sucesso, com grande participa\u00e7\u00e3o de expositores, produtores rurais, investidores e visitantes.\u00a0 <\/p>\n\n\n\n<p>Secom\/Texto: Midian Mascarenhas sob supervis\u00e3o de Larissa Malta<br>Fotos: Frank Nery<\/p>\n","protected":false},"excerpt":{"rendered":"<p>&nbsp;Governo de Rond\u00f4nia, realizou nesta segunda-feira. 27, na Sala de Reuni\u00f5es da Secretaria de Estado da Agricultura (Seagri), em Porto<\/p>\n","protected":false},"author":1,"featured_media":60669,"comment_status":"closed","ping_status":"open","sticky":false,"template":"","format":"standard","meta":{"colormag_page_container_layout":"default_layout","colormag_page_sidebar_layout":"default_layout","footnotes":""},"categories":[301,438],"tags":[105],"class_list":["post-60668","post","type-post","status-publish","format-standard","has-post-thumbnail","hentry","category-agronegocio","category-rondonia-rural-show","tag-rondonia-rural-show"],"_links":{"self":[{"href":"https:\/\/vipfesta.com.br\/vipfesta\/wp-json\/wp\/v2\/posts\/60668","targetHints":{"allow":["GET"]}}],"collection":[{"href":"https:\/\/vipfesta.com.br\/vipfesta\/wp-json\/wp\/v2\/posts"}],"about":[{"href":"https:\/\/vipfesta.com.br\/vipfesta\/wp-json\/wp\/v2\/types\/post"}],"author":[{"embeddable":true,"href":"https:\/\/vipfesta.com.br\/vipfesta\/wp-json\/wp\/v2\/users\/1"}],"replies":[{"embeddable":true,"href":"https:\/\/vipfesta.com.br\/vipfesta\/wp-json\/wp\/v2\/comments?post=60668"}],"version-history":[{"count":2,"href":"https:\/\/vipfesta.com.br\/vipfesta\/wp-json\/wp\/v2\/posts\/60668\/revisions"}],"predecessor-version":[{"id":60671,"href":"https:\/\/vipfesta.com.br\/vipfesta\/wp-json\/wp\/v2\/posts\/60668\/revisions\/60671"}],"wp:featuredmedia":[{"embeddable":true,"href":"https:\/\/vipfesta.com.br\/vipfesta\/wp-json\/wp\/v2\/media\/60669"}],"wp:attachment":[{"href":"https:\/\/vipfesta.com.br\/vipfesta\/wp-json\/wp\/v2\/media?parent=60668"}],"wp:term":[{"taxonomy":"category","embeddable":true,"href":"https:\/\/vipfesta.com.br\/vipfesta\/wp-json\/wp\/v2\/categories?post=60668"},{"taxonomy":"post_tag","embeddable":true,"href":"https:\/\/vipfesta.com.br\/vipfesta\/wp-json\/wp\/v2\/tags?post=60668"}],"curies":[{"name":"wp","href":"https:\/\/api.w.org\/{rel}","templated":true}]}}