{"id":60660,"date":"2026-04-29T23:06:31","date_gmt":"2026-04-30T03:06:31","guid":{"rendered":"https:\/\/vipfesta.com.br\/vipfesta\/?p=60660"},"modified":"2026-04-29T23:09:08","modified_gmt":"2026-04-30T03:09:08","slug":"prefeitura-187","status":"publish","type":"post","link":"https:\/\/vipfesta.com.br\/vipfesta\/prefeitura-187\/","title":{"rendered":"Prefeito Affonso C\u00e2ndido recebe acad\u00eamicos da Est\u00e1cio Unijipa"},"content":{"rendered":"\n<figure class=\"wp-block-image size-large\"><img loading=\"lazy\" decoding=\"async\" width=\"1024\" height=\"682\" src=\"https:\/\/vipfesta.com.br\/vipfesta\/wp-content\/uploads\/2026\/04\/Visita.-Estacio-3-1024x682.jpg\" alt=\"\" class=\"wp-image-60661\" srcset=\"https:\/\/vipfesta.com.br\/vipfesta\/wp-content\/uploads\/2026\/04\/Visita.-Estacio-3-1024x682.jpg 1024w, https:\/\/vipfesta.com.br\/vipfesta\/wp-content\/uploads\/2026\/04\/Visita.-Estacio-3-300x200.jpg 300w, https:\/\/vipfesta.com.br\/vipfesta\/wp-content\/uploads\/2026\/04\/Visita.-Estacio-3-768x512.jpg 768w, https:\/\/vipfesta.com.br\/vipfesta\/wp-content\/uploads\/2026\/04\/Visita.-Estacio-3-100x67.jpg 100w, https:\/\/vipfesta.com.br\/vipfesta\/wp-content\/uploads\/2026\/04\/Visita.-Estacio-3-1536x1023.jpg 1536w, https:\/\/vipfesta.com.br\/vipfesta\/wp-content\/uploads\/2026\/04\/Visita.-Estacio-3-2048x1364.jpg 2048w\" sizes=\"auto, (max-width: 1024px) 100vw, 1024px\" \/><\/figure>\n\n\n\n<p><\/p>\n\n\n\n<p>O prefeito de Ji-Paran\u00e1, Affonso C\u00e2ndido (PL), recebeu, na ter\u00e7a-feira (28), acad\u00eamicos do curso de Direito da Faculdade Est\u00e1cio Unijipa para explicar e ser questionado sobre o funcionamento da administra\u00e7\u00e3o p\u00fablica.&nbsp;&nbsp;A visita se estendeu \u00e0 Procuradoria Geral do Munic\u00edpio (PGM) e \u00e0 C\u00e2mara Municipal de Ji-Paran\u00e1 (CMJP).<\/p>\n\n\n\n<p>\u201cA visita t\u00e9cnica realizada pelos alunos do Est\u00e1gio IV do curso de Direito teve o objetivo proporcionar aos acad\u00eamicos uma aproxima\u00e7\u00e3o pr\u00e1tica com o funcionamento das institui\u00e7\u00f5es p\u00fablicas municipais, permitindo a compreens\u00e3o, na pr\u00e1tica, da atua\u00e7\u00e3o dos poderes locais e dos \u00f3rg\u00e3os jur\u00eddicos que integram a estrutura administrativa do munic\u00edpio\u201d, explicou a professora Gabriela Cristina Moretto Alves Eusafa, que coordenou a visita. <\/p>\n\n\n\n<figure class=\"wp-block-image size-large\"><img loading=\"lazy\" decoding=\"async\" width=\"1024\" height=\"682\" src=\"https:\/\/vipfesta.com.br\/vipfesta\/wp-content\/uploads\/2026\/04\/Visita.-Estacio-5-1024x682.jpg\" alt=\"\" class=\"wp-image-60665\" srcset=\"https:\/\/vipfesta.com.br\/vipfesta\/wp-content\/uploads\/2026\/04\/Visita.-Estacio-5-1024x682.jpg 1024w, https:\/\/vipfesta.com.br\/vipfesta\/wp-content\/uploads\/2026\/04\/Visita.-Estacio-5-300x200.jpg 300w, https:\/\/vipfesta.com.br\/vipfesta\/wp-content\/uploads\/2026\/04\/Visita.-Estacio-5-768x512.jpg 768w, https:\/\/vipfesta.com.br\/vipfesta\/wp-content\/uploads\/2026\/04\/Visita.-Estacio-5-100x67.jpg 100w, https:\/\/vipfesta.com.br\/vipfesta\/wp-content\/uploads\/2026\/04\/Visita.-Estacio-5-1536x1023.jpg 1536w, https:\/\/vipfesta.com.br\/vipfesta\/wp-content\/uploads\/2026\/04\/Visita.-Estacio-5-2048x1364.jpg 2048w\" sizes=\"auto, (max-width: 1024px) 100vw, 1024px\" \/><\/figure>\n\n\n\n<p>A atividade buscou integrar o conhecimento te\u00f3rico desenvolvido em sala de aula com a realidade institucional, especialmente no que se refere \u00e0 organiza\u00e7\u00e3o, compet\u00eancias e din\u00e2micas de atua\u00e7\u00e3o da prefeitura, CMJP e PGM. Ela contribuiu para a forma\u00e7\u00e3o cr\u00edtica e profissional dos estudantes, que atualmente se encontram entre o 8\u00ba e o 10\u00ba per\u00edodo do curso.<\/p>\n\n\n\n<p>\u201cSou bacharel em Direito e sei o quanto \u00e9 importante a viv\u00eancia com o poder p\u00fablico para os alunos que est\u00e3o se formando. Como fa\u00e7o sempre, esclareci pontos que s\u00e3o da compet\u00eancia do munic\u00edpio e apresentei projetos que ainda ser\u00e3o executados na minha administra\u00e7\u00e3o. Os questionamentos foram direcionados ao prefeito de Ji-Paran\u00e1 e receberam respostas que ajudam a explicar o nosso dia a dia\u201d, afirmou Affonso C\u00e2ndido. <\/p>\n\n\n\n<figure class=\"wp-block-image size-large\"><img loading=\"lazy\" decoding=\"async\" width=\"1024\" height=\"683\" src=\"https:\/\/vipfesta.com.br\/vipfesta\/wp-content\/uploads\/2026\/04\/Visita.-Estacio-1-1024x683.jpg\" alt=\"\" class=\"wp-image-60666\" srcset=\"https:\/\/vipfesta.com.br\/vipfesta\/wp-content\/uploads\/2026\/04\/Visita.-Estacio-1-1024x683.jpg 1024w, https:\/\/vipfesta.com.br\/vipfesta\/wp-content\/uploads\/2026\/04\/Visita.-Estacio-1-300x200.jpg 300w, https:\/\/vipfesta.com.br\/vipfesta\/wp-content\/uploads\/2026\/04\/Visita.-Estacio-1-768x512.jpg 768w, https:\/\/vipfesta.com.br\/vipfesta\/wp-content\/uploads\/2026\/04\/Visita.-Estacio-1-100x67.jpg 100w, https:\/\/vipfesta.com.br\/vipfesta\/wp-content\/uploads\/2026\/04\/Visita.-Estacio-1-1536x1024.jpg 1536w, https:\/\/vipfesta.com.br\/vipfesta\/wp-content\/uploads\/2026\/04\/Visita.-Estacio-1-2048x1365.jpg 2048w\" sizes=\"auto, (max-width: 1024px) 100vw, 1024px\" \/><\/figure>\n\n\n\n<p>\u201cA recep\u00e7\u00e3o e a disponibilidade das equipes [da prefeitura] foram extremamente positivas e enriquecedoras. Na Prefeitura Municipal, foi poss\u00edvel observar de forma clara a complexidade da gest\u00e3o administrativa e a import\u00e2ncia da atua\u00e7\u00e3o jur\u00eddica na condu\u00e7\u00e3o das pol\u00edticas p\u00fablicas e na legalidade dos atos administrativos\u201d, admitiu Gabriela Eusafa.&nbsp;<\/p>\n\n\n\n<p>\u201cNa C\u00e2mara Municipal, os alunos puderam compreender mais de perto o funcionamento do poder legislativo local, especialmente, no que se refere ao processo legislativo, \u00e0 fun\u00e7\u00e3o fiscalizadora e ao papel dos vereadores na representa\u00e7\u00e3o da sociedade, o que contribuiu significativamente para a consolida\u00e7\u00e3o dos conte\u00fados estudados\u201d.<\/p>\n\n\n\n<p>\u201cJ\u00e1 na Procuradoria-Geral do Munic\u00edpio, destacou-se a relev\u00e2ncia da atua\u00e7\u00e3o dos procuradores na defesa dos interesses do ente p\u00fablico, bem como na consultoria jur\u00eddica preventiva, aspecto fundamental para a seguran\u00e7a jur\u00eddica da administra\u00e7\u00e3o p\u00fablica\u201d, acrescentou a professora.<\/p>\n\n\n\n<p>Segundo ela, a visita aos \u00f3rg\u00e3os p\u00fablicos proporcionou aos alunos uma experi\u00eancia pr\u00e1tica valiosa e ampliou a compreens\u00e3o sobre o papel das institui\u00e7\u00f5es p\u00fablicas no Estado Democr\u00e1tico de Direito. \u201cS\u00e3o importantes iniciativas como essa para a forma\u00e7\u00e3o acad\u00eamica, uma vez que aproximam o estudante da realidade profissional que encontrar\u00e1 ap\u00f3s a gradua\u00e7\u00e3o\u201d, avaliou.<\/p>\n\n\n\n<p>Decom\/Texto: Jairo Ardull<\/p>\n\n\n\n<p>Fatos: Bruno Perazzoli<\/p>\n","protected":false},"excerpt":{"rendered":"<p>O prefeito de Ji-Paran\u00e1, Affonso C\u00e2ndido (PL), recebeu, na ter\u00e7a-feira (28), acad\u00eamicos do curso de Direito da Faculdade Est\u00e1cio Unijipa<\/p>\n","protected":false},"author":1,"featured_media":60661,"comment_status":"closed","ping_status":"open","sticky":false,"template":"","format":"standard","meta":{"colormag_page_container_layout":"default_layout","colormag_page_sidebar_layout":"default_layout","footnotes":""},"categories":[1,283],"tags":[36,21],"class_list":["post-60660","post","type-post","status-publish","format-standard","has-post-thumbnail","hentry","category-news","category-cidades","tag-prefeitura","tag-unijipa"],"_links":{"self":[{"href":"https:\/\/vipfesta.com.br\/vipfesta\/wp-json\/wp\/v2\/posts\/60660","targetHints":{"allow":["GET"]}}],"collection":[{"href":"https:\/\/vipfesta.com.br\/vipfesta\/wp-json\/wp\/v2\/posts"}],"about":[{"href":"https:\/\/vipfesta.com.br\/vipfesta\/wp-json\/wp\/v2\/types\/post"}],"author":[{"embeddable":true,"href":"https:\/\/vipfesta.com.br\/vipfesta\/wp-json\/wp\/v2\/users\/1"}],"replies":[{"embeddable":true,"href":"https:\/\/vipfesta.com.br\/vipfesta\/wp-json\/wp\/v2\/comments?post=60660"}],"version-history":[{"count":3,"href":"https:\/\/vipfesta.com.br\/vipfesta\/wp-json\/wp\/v2\/posts\/60660\/revisions"}],"predecessor-version":[{"id":60667,"href":"https:\/\/vipfesta.com.br\/vipfesta\/wp-json\/wp\/v2\/posts\/60660\/revisions\/60667"}],"wp:featuredmedia":[{"embeddable":true,"href":"https:\/\/vipfesta.com.br\/vipfesta\/wp-json\/wp\/v2\/media\/60661"}],"wp:attachment":[{"href":"https:\/\/vipfesta.com.br\/vipfesta\/wp-json\/wp\/v2\/media?parent=60660"}],"wp:term":[{"taxonomy":"category","embeddable":true,"href":"https:\/\/vipfesta.com.br\/vipfesta\/wp-json\/wp\/v2\/categories?post=60660"},{"taxonomy":"post_tag","embeddable":true,"href":"https:\/\/vipfesta.com.br\/vipfesta\/wp-json\/wp\/v2\/tags?post=60660"}],"curies":[{"name":"wp","href":"https:\/\/api.w.org\/{rel}","templated":true}]}}