{"id":60654,"date":"2026-04-29T20:52:16","date_gmt":"2026-04-30T00:52:16","guid":{"rendered":"https:\/\/vipfesta.com.br\/vipfesta\/?p=60654"},"modified":"2026-04-29T20:53:30","modified_gmt":"2026-04-30T00:53:30","slug":"silvia-cristina-256","status":"publish","type":"post","link":"https:\/\/vipfesta.com.br\/vipfesta\/silvia-cristina-256\/","title":{"rendered":"Deputada Silvia Cristina anuncia que tratamento de quimioterapia chega a Ji-Paran\u00e1 neste ano"},"content":{"rendered":"\n<figure class=\"wp-block-image size-large\"><img loading=\"lazy\" decoding=\"async\" width=\"960\" height=\"720\" src=\"https:\/\/vipfesta.com.br\/vipfesta\/wp-content\/uploads\/2026\/04\/Silvia-Cristina-e-Henrique-Prata-anunciam-quimioterapia-edited.jpeg\" alt=\"\" class=\"wp-image-60656\" srcset=\"https:\/\/vipfesta.com.br\/vipfesta\/wp-content\/uploads\/2026\/04\/Silvia-Cristina-e-Henrique-Prata-anunciam-quimioterapia-edited.jpeg 960w, https:\/\/vipfesta.com.br\/vipfesta\/wp-content\/uploads\/2026\/04\/Silvia-Cristina-e-Henrique-Prata-anunciam-quimioterapia-edited-300x225.jpeg 300w, https:\/\/vipfesta.com.br\/vipfesta\/wp-content\/uploads\/2026\/04\/Silvia-Cristina-e-Henrique-Prata-anunciam-quimioterapia-edited-768x576.jpeg 768w, https:\/\/vipfesta.com.br\/vipfesta\/wp-content\/uploads\/2026\/04\/Silvia-Cristina-e-Henrique-Prata-anunciam-quimioterapia-edited-100x75.jpeg 100w\" sizes=\"auto, (max-width: 960px) 100vw, 960px\" \/><figcaption class=\"wp-element-caption\">An\u00fancio nas redes sociais foi feito junto com o presidente do Hospital do Amor, Henrique Prata<\/figcaption><\/figure>\n\n\n\n<p>A deputada federal S\u00edlvia Cristina confirmou que a popula\u00e7\u00e3o de Ji-Paran\u00e1 e de demais regi\u00f5es do Estado vai poder contar, ainda neste ano, com o servi\u00e7o de quimioterapia no Centro de Preven\u00e7\u00e3o e Diagn\u00f3stico de C\u00e2ncer em Ji-Paran\u00e1. O an\u00fancio foi feito nesta quarta-feira (29), atrav\u00e9s das redes sociais, junto com o presidente do Hospital de Amor, Henrique Prata.<\/p>\n\n\n\n<p>\u201cEstou muito feliz em fazer esse an\u00fancio ao lado do Henrique Prata: O tratamento oncol\u00f3gico em Rond\u00f4nia ganha mais um avan\u00e7o, com o servi\u00e7o de quimioterapia em Ji-Paran\u00e1, contemplando pacientes da regi\u00e3o Central, do Cone Sul e de outras localidades, que n\u00e3o mais precisar\u00e3o se deslocar at\u00e9 Porto Velho\u201d, disse a deputada.<\/p>\n\n\n\n<p>Prata confirmou a novidade e acrescentou que \u201cestamos configurando mais um projeto muito importante, de humaniza\u00e7\u00e3o no tratamento, trazendo o paciente que hoje \u00e9 atendido em Porto Velho, para Ji-Paran\u00e1. A quimioterapia \u00e9 um dos procedimentos mais longos. Se Deus quiser neste ano ainda, faremos a instala\u00e7\u00e3o desse servi\u00e7o, reduzindo as dist\u00e2ncias para o tratamento\u201d.<\/p>\n\n\n\n<p><strong>A quimioterapia<\/strong><\/p>\n\n\n\n<p>A quimioterapia \u00e9 um tratamento oncol\u00f3gico que utiliza medicamentos potentes para destruir, controlar ou inibir o crescimento de c\u00e9lulas cancer\u00edgenas. Ela atua de forma sist\u00eamica, espalhando-se pela corrente sangu\u00ednea para atingir o tumor prim\u00e1rio e met\u00e1stases (c\u00e9lulas espalhadas) em qualquer lugar do corpo.<\/p>\n\n\n\n<p>A quimioterapia pode ser feita por via intravenosa (na veia, comumente em hospital), oral (comprimidos), inje\u00e7\u00e3o, entre outras formas. Esses medicamentos atacam c\u00e9lulas que se multiplicam rapidamente, caracter\u00edsticas do c\u00e2ncer.<\/p>\n\n\n\n<p>O tratamento geralmente ocorre em ciclos, alternando dias de medica\u00e7\u00e3o com per\u00edodos de descanso para o corpo se recuperar. <\/p>\n\n\n\n<p>Assessoria da deputada federal Silvia Cristina <\/p>\n\n\n\n<p><\/p>\n","protected":false},"excerpt":{"rendered":"<p>A deputada federal S\u00edlvia Cristina confirmou que a popula\u00e7\u00e3o de Ji-Paran\u00e1 e de demais regi\u00f5es do Estado vai poder contar,<\/p>\n","protected":false},"author":1,"featured_media":60656,"comment_status":"closed","ping_status":"open","sticky":false,"template":"","format":"standard","meta":{"colormag_page_container_layout":"default_layout","colormag_page_sidebar_layout":"default_layout","footnotes":""},"categories":[303,470],"tags":[541],"class_list":["post-60654","post","type-post","status-publish","format-standard","has-post-thumbnail","hentry","category-politica","category-silvia-cristina","tag-silvia-cristina"],"_links":{"self":[{"href":"https:\/\/vipfesta.com.br\/vipfesta\/wp-json\/wp\/v2\/posts\/60654","targetHints":{"allow":["GET"]}}],"collection":[{"href":"https:\/\/vipfesta.com.br\/vipfesta\/wp-json\/wp\/v2\/posts"}],"about":[{"href":"https:\/\/vipfesta.com.br\/vipfesta\/wp-json\/wp\/v2\/types\/post"}],"author":[{"embeddable":true,"href":"https:\/\/vipfesta.com.br\/vipfesta\/wp-json\/wp\/v2\/users\/1"}],"replies":[{"embeddable":true,"href":"https:\/\/vipfesta.com.br\/vipfesta\/wp-json\/wp\/v2\/comments?post=60654"}],"version-history":[{"count":2,"href":"https:\/\/vipfesta.com.br\/vipfesta\/wp-json\/wp\/v2\/posts\/60654\/revisions"}],"predecessor-version":[{"id":60659,"href":"https:\/\/vipfesta.com.br\/vipfesta\/wp-json\/wp\/v2\/posts\/60654\/revisions\/60659"}],"wp:featuredmedia":[{"embeddable":true,"href":"https:\/\/vipfesta.com.br\/vipfesta\/wp-json\/wp\/v2\/media\/60656"}],"wp:attachment":[{"href":"https:\/\/vipfesta.com.br\/vipfesta\/wp-json\/wp\/v2\/media?parent=60654"}],"wp:term":[{"taxonomy":"category","embeddable":true,"href":"https:\/\/vipfesta.com.br\/vipfesta\/wp-json\/wp\/v2\/categories?post=60654"},{"taxonomy":"post_tag","embeddable":true,"href":"https:\/\/vipfesta.com.br\/vipfesta\/wp-json\/wp\/v2\/tags?post=60654"}],"curies":[{"name":"wp","href":"https:\/\/api.w.org\/{rel}","templated":true}]}}