{"id":60644,"date":"2026-04-29T11:55:24","date_gmt":"2026-04-29T15:55:24","guid":{"rendered":"https:\/\/vipfesta.com.br\/vipfesta\/?p=60644"},"modified":"2026-04-29T12:15:36","modified_gmt":"2026-04-29T16:15:36","slug":"politica-5","status":"publish","type":"post","link":"https:\/\/vipfesta.com.br\/vipfesta\/politica-5\/","title":{"rendered":"Vereador Marcelo Lemos re\u00fane mais de 800 pessoas em grande evento pol\u00edtico em Ji-Paran\u00e1"},"content":{"rendered":"\n<figure class=\"wp-block-image size-full\"><img loading=\"lazy\" decoding=\"async\" width=\"668\" height=\"500\" src=\"https:\/\/vipfesta.com.br\/vipfesta\/wp-content\/uploads\/2026\/04\/instagram-17774755188642.jpg\" alt=\"\" class=\"wp-image-60645\" srcset=\"https:\/\/vipfesta.com.br\/vipfesta\/wp-content\/uploads\/2026\/04\/instagram-17774755188642.jpg 668w, https:\/\/vipfesta.com.br\/vipfesta\/wp-content\/uploads\/2026\/04\/instagram-17774755188642-300x225.jpg 300w, https:\/\/vipfesta.com.br\/vipfesta\/wp-content\/uploads\/2026\/04\/instagram-17774755188642-100x75.jpg 100w\" sizes=\"auto, (max-width: 668px) 100vw, 668px\" \/><\/figure>\n\n\n\n<p><\/p>\n\n\n\n<p>Em um evento considerado hist\u00f3rico para o cen\u00e1rio pol\u00edtico de Ji-Paran\u00e1, o vereador Marcelo Lemos (Republicanos) reuniu mais de 800 pessoas na segunda-feira (27), durante o lan\u00e7amento de sua pr\u00e9-candidatura a deputado estadual.<\/p>\n\n\n\n<p>O encontro aconteceu no Prime House Centro de Conven\u00e7\u00f5es, no 1\u00ba distrito, e contou com a presen\u00e7a de apoiadores e lideran\u00e7as vindas de diversas regi\u00f5es do estado.<\/p>\n\n\n\n<p>O encontro reuniu lideran\u00e7as pol\u00edticas como a deputada federal Silvia Cristina (PP),<br>vereador Weslei Brito (PL), representando o senador Marcos Rog\u00e9rio (PL), deputado federal Maur\u00edcio Carvalho e a ex-deputada federal, Mariana Carvalho (Republicanos), o vereador de Porto Velho Thiago Tezzari (PSDB) e o prefeito Affonso C\u00e2ndido (PL). <\/p>\n\n\n\n<figure class=\"wp-block-image size-full\"><img loading=\"lazy\" decoding=\"async\" width=\"774\" height=\"580\" src=\"https:\/\/vipfesta.com.br\/vipfesta\/wp-content\/uploads\/2026\/04\/instagram-17774755196642.jpg\" alt=\"\" class=\"wp-image-60650\" srcset=\"https:\/\/vipfesta.com.br\/vipfesta\/wp-content\/uploads\/2026\/04\/instagram-17774755196642.jpg 774w, https:\/\/vipfesta.com.br\/vipfesta\/wp-content\/uploads\/2026\/04\/instagram-17774755196642-300x225.jpg 300w, https:\/\/vipfesta.com.br\/vipfesta\/wp-content\/uploads\/2026\/04\/instagram-17774755196642-768x576.jpg 768w, https:\/\/vipfesta.com.br\/vipfesta\/wp-content\/uploads\/2026\/04\/instagram-17774755196642-100x75.jpg 100w\" sizes=\"auto, (max-width: 774px) 100vw, 774px\" \/><\/figure>\n\n\n\n<p>Silvia Cristina destacou participa\u00e7\u00e3o popular no evento. Segundo ela, n\u00e3o \u00e9 f\u00e1cil mobilizar um p\u00fablico t\u00e3o grande, e Marcelo Lemos demonstrou for\u00e7a ao reunir centenas de apoiadores. Ela ressaltou que o trabalho conjunto voltado \u00e0 popula\u00e7\u00e3o tem unido<br>lideran\u00e7as pol\u00edticas e assegurou que \u201cningu\u00e9m faz nada sozinho\u201d, enfatizando que a sociedade precisa de representantes com f\u00e9 e compromisso com o trabalho.<\/p>\n\n\n\n<p>Mariana Carvalho assegurou que Marcelo Lemos tem identifica\u00e7\u00e3o com as pessoas e com a pol\u00edtica, caracter\u00edstica que, segundo ela, fortalece a trajet\u00f3ria dele. Ela declarou que acredita no potencial da nominata do partido, projetando a elei\u00e7\u00e3o de tr\u00eas deputados estaduais, incluindo o nome de Marcelo Lemos entre os poss\u00edveis eleitos.<\/p>\n\n\n\n<p>Maur\u00edcio Carvalho afirmou que o compromisso dos Republicanos com os membros e a import\u00e2ncia da responsabilidade, trabalho e fidelidade pol\u00edtica. O parlamentar garantiu que levar\u00e1 o nome de Marcelo Lemos com orgulho durante a campanha e anunciou a previs\u00e3o de novos investimentos, que inclui um projeto voltado \u00e0 implanta\u00e7\u00e3o de transporte p\u00fablico gratuito no munic\u00edpio.<\/p>\n\n\n\n<p>O prefeito Affonso C\u00e2ndido lembrou as parcerias em andamento e informou que o projeto para a cria\u00e7\u00e3o de um Centro de Atendimento ao Diabetes j\u00e1 est\u00e1 estruturado. Segundo ele, a iniciativa contar\u00e1 com recursos da deputada Silvia Cristina e do senador Marcos Rog\u00e9rio para aquisi\u00e7\u00e3o de equipamentos destinados ao monitoramento de diabetes tipo 1.<\/p>\n\n\n\n<figure class=\"wp-block-image size-full\"><img loading=\"lazy\" decoding=\"async\" width=\"810\" height=\"607\" src=\"https:\/\/vipfesta.com.br\/vipfesta\/wp-content\/uploads\/2026\/04\/instagram-17774755195642.jpg\" alt=\"\" class=\"wp-image-60652\" srcset=\"https:\/\/vipfesta.com.br\/vipfesta\/wp-content\/uploads\/2026\/04\/instagram-17774755195642.jpg 810w, https:\/\/vipfesta.com.br\/vipfesta\/wp-content\/uploads\/2026\/04\/instagram-17774755195642-300x225.jpg 300w, https:\/\/vipfesta.com.br\/vipfesta\/wp-content\/uploads\/2026\/04\/instagram-17774755195642-768x576.jpg 768w, https:\/\/vipfesta.com.br\/vipfesta\/wp-content\/uploads\/2026\/04\/instagram-17774755195642-100x75.jpg 100w\" sizes=\"auto, (max-width: 810px) 100vw, 810px\" \/><\/figure>\n\n\n\n<p>Marcelo Lemos agradeceu a presen\u00e7a do p\u00fablico e o apoio recebido de lideran\u00e7as<br>partid\u00e1rias e a participa\u00e7\u00e3o popular no projeto pol\u00edtico. O pr\u00e9-candidato apresentou propostas para as \u00e1reas da sa\u00fade, com a implanta\u00e7\u00e3o do Centro de Atendimento a Diabetes, e esporte, com a implanta\u00e7\u00e3o de mais espa\u00e7os para a forma\u00e7\u00e3o de atletas e lazer.<\/p>\n\n\n\n<p>Assessoria de Comunica\u00e7\u00e3o Marcelo Lemos<\/p>\n\n\n\n<p><\/p>\n","protected":false},"excerpt":{"rendered":"<p>Em um evento considerado hist\u00f3rico para o cen\u00e1rio pol\u00edtico de Ji-Paran\u00e1, o vereador Marcelo Lemos (Republicanos) reuniu mais de 800<\/p>\n","protected":false},"author":1,"featured_media":60645,"comment_status":"closed","ping_status":"open","sticky":false,"template":"","format":"standard","meta":{"colormag_page_container_layout":"default_layout","colormag_page_sidebar_layout":"default_layout","footnotes":""},"categories":[303],"tags":[20],"class_list":["post-60644","post","type-post","status-publish","format-standard","has-post-thumbnail","hentry","category-politica","tag-politica"],"_links":{"self":[{"href":"https:\/\/vipfesta.com.br\/vipfesta\/wp-json\/wp\/v2\/posts\/60644","targetHints":{"allow":["GET"]}}],"collection":[{"href":"https:\/\/vipfesta.com.br\/vipfesta\/wp-json\/wp\/v2\/posts"}],"about":[{"href":"https:\/\/vipfesta.com.br\/vipfesta\/wp-json\/wp\/v2\/types\/post"}],"author":[{"embeddable":true,"href":"https:\/\/vipfesta.com.br\/vipfesta\/wp-json\/wp\/v2\/users\/1"}],"replies":[{"embeddable":true,"href":"https:\/\/vipfesta.com.br\/vipfesta\/wp-json\/wp\/v2\/comments?post=60644"}],"version-history":[{"count":4,"href":"https:\/\/vipfesta.com.br\/vipfesta\/wp-json\/wp\/v2\/posts\/60644\/revisions"}],"predecessor-version":[{"id":60653,"href":"https:\/\/vipfesta.com.br\/vipfesta\/wp-json\/wp\/v2\/posts\/60644\/revisions\/60653"}],"wp:featuredmedia":[{"embeddable":true,"href":"https:\/\/vipfesta.com.br\/vipfesta\/wp-json\/wp\/v2\/media\/60645"}],"wp:attachment":[{"href":"https:\/\/vipfesta.com.br\/vipfesta\/wp-json\/wp\/v2\/media?parent=60644"}],"wp:term":[{"taxonomy":"category","embeddable":true,"href":"https:\/\/vipfesta.com.br\/vipfesta\/wp-json\/wp\/v2\/categories?post=60644"},{"taxonomy":"post_tag","embeddable":true,"href":"https:\/\/vipfesta.com.br\/vipfesta\/wp-json\/wp\/v2\/tags?post=60644"}],"curies":[{"name":"wp","href":"https:\/\/api.w.org\/{rel}","templated":true}]}}