{"id":60635,"date":"2026-04-28T18:20:07","date_gmt":"2026-04-28T22:20:07","guid":{"rendered":"https:\/\/vipfesta.com.br\/vipfesta\/?p=60635"},"modified":"2026-04-28T18:22:33","modified_gmt":"2026-04-28T22:22:33","slug":"ponte","status":"publish","type":"post","link":"https:\/\/vipfesta.com.br\/vipfesta\/ponte\/","title":{"rendered":"Obra garante seguran\u00e7a e mobilidade na zona rural"},"content":{"rendered":"\n<figure class=\"wp-block-image size-large\"><img loading=\"lazy\" decoding=\"async\" width=\"1024\" height=\"692\" src=\"https:\/\/vipfesta.com.br\/vipfesta\/wp-content\/uploads\/2026\/04\/Camada-1.jpg-2-1024x692.jpg\" alt=\"\" class=\"wp-image-60636\" srcset=\"https:\/\/vipfesta.com.br\/vipfesta\/wp-content\/uploads\/2026\/04\/Camada-1.jpg-2-1024x692.jpg 1024w, https:\/\/vipfesta.com.br\/vipfesta\/wp-content\/uploads\/2026\/04\/Camada-1.jpg-2-300x203.jpg 300w, https:\/\/vipfesta.com.br\/vipfesta\/wp-content\/uploads\/2026\/04\/Camada-1.jpg-2-768x519.jpg 768w, https:\/\/vipfesta.com.br\/vipfesta\/wp-content\/uploads\/2026\/04\/Camada-1.jpg-2-100x68.jpg 100w, https:\/\/vipfesta.com.br\/vipfesta\/wp-content\/uploads\/2026\/04\/Camada-1.jpg-2.jpg 1504w\" sizes=\"auto, (max-width: 1024px) 100vw, 1024px\" \/><\/figure>\n\n\n\n<p><\/p>\n\n\n\n<p>\u201cEstamos trabalhando para garantir que cada cidad\u00e3o tenha seu direito de ir e vir preservado, especialmente nas regi\u00f5es rurais que dependem dessas estruturas para o dia a dia\u201d, afirmou o prefeito Affonso C\u00e2ndido.<\/p>\n\n\n\n<p>A Prefeitura de Ji-Paran\u00e1 concluiu, no dia 24 de abril, a reconstru\u00e7\u00e3o da ponte sobre o Rio Forquilha, localizada na L-205, no Setor das 200. A obra foi executada pela equipe de Ponte de Madeira da Secretaria Municipal de Obras e Servi\u00e7os P\u00fablicos (Semosp), com in\u00edcio dos trabalhos em 17 de mar\u00e7o, come\u00e7ando pelo transporte de madeira e seguindo todas as etapas necess\u00e1rias at\u00e9 a finaliza\u00e7\u00e3o. <\/p>\n\n\n\n<figure class=\"wp-block-image size-large\"><img loading=\"lazy\" decoding=\"async\" width=\"1024\" height=\"768\" src=\"https:\/\/vipfesta.com.br\/vipfesta\/wp-content\/uploads\/2026\/04\/Camada-3.jpg-2-1024x768.jpg\" alt=\"\" class=\"wp-image-60637\" srcset=\"https:\/\/vipfesta.com.br\/vipfesta\/wp-content\/uploads\/2026\/04\/Camada-3.jpg-2-1024x768.jpg 1024w, https:\/\/vipfesta.com.br\/vipfesta\/wp-content\/uploads\/2026\/04\/Camada-3.jpg-2-300x225.jpg 300w, https:\/\/vipfesta.com.br\/vipfesta\/wp-content\/uploads\/2026\/04\/Camada-3.jpg-2-768x576.jpg 768w, https:\/\/vipfesta.com.br\/vipfesta\/wp-content\/uploads\/2026\/04\/Camada-3.jpg-2-100x75.jpg 100w, https:\/\/vipfesta.com.br\/vipfesta\/wp-content\/uploads\/2026\/04\/Camada-3.jpg-2.jpg 1200w\" sizes=\"auto, (max-width: 1024px) 100vw, 1024px\" \/><\/figure>\n\n\n\n<p>A interven\u00e7\u00e3o teve como objetivo restaurar uma estrutura essencial para a mobilidade da popula\u00e7\u00e3o rural, garantindo acesso seguro a propriedades, escolas e servi\u00e7os. A ponte sofreu deteriora\u00e7\u00e3o natural causada pelo tempo e pela constante exposi\u00e7\u00e3o \u00e0s intemp\u00e9ries, situa\u00e7\u00e3o que exigiu uma a\u00e7\u00e3o t\u00e9cnica eficiente e duradoura.<\/p>\n\n\n\n<p>Para assegurar maior resist\u00eancia e estabilidade, a equipe utilizou pedras de grande porte nos aterros e implantou pilares de madeira com bases refor\u00e7adas por manilhas de um metro de di\u00e2metro, preenchidas com concreto, formando sapatas robustas. Esse m\u00e9todo aumenta significativamente a vida \u00fatil da estrutura e reduz riscos em per\u00edodos de cheia.<\/p>\n\n\n\n<p>Os trabalhos enfrentaram desafios importantes, principalmente devido ao per\u00edodo chuvoso, que elevou o n\u00edvel das \u00e1guas e exigiu pausas estrat\u00e9gicas at\u00e9 que as condi\u00e7\u00f5es permitissem a continuidade segura da obra. Mesmo assim, a equipe manteve o cronograma dentro do poss\u00edvel, conciliando a reforma com atendimentos emergenciais. <\/p>\n\n\n\n<figure class=\"wp-block-image size-large\"><img loading=\"lazy\" decoding=\"async\" width=\"1024\" height=\"671\" src=\"https:\/\/vipfesta.com.br\/vipfesta\/wp-content\/uploads\/2026\/04\/Camada-2.jpg-3-1024x671.jpg\" alt=\"\" class=\"wp-image-60638\" srcset=\"https:\/\/vipfesta.com.br\/vipfesta\/wp-content\/uploads\/2026\/04\/Camada-2.jpg-3-1024x671.jpg 1024w, https:\/\/vipfesta.com.br\/vipfesta\/wp-content\/uploads\/2026\/04\/Camada-2.jpg-3-300x197.jpg 300w, https:\/\/vipfesta.com.br\/vipfesta\/wp-content\/uploads\/2026\/04\/Camada-2.jpg-3-768x503.jpg 768w, https:\/\/vipfesta.com.br\/vipfesta\/wp-content\/uploads\/2026\/04\/Camada-2.jpg-3-100x66.jpg 100w, https:\/\/vipfesta.com.br\/vipfesta\/wp-content\/uploads\/2026\/04\/Camada-2.jpg-3.jpg 1408w\" sizes=\"auto, (max-width: 1024px) 100vw, 1024px\" \/><\/figure>\n\n\n\n<p>Durante esse per\u00edodo, tamb\u00e9m foram realizadas melhorias em outros pontos da zona rural, como a reforma de dois bueiros na pr\u00f3pria L-205, nas proximidades do \u201cs\u00edtio do Rildo\u201d, al\u00e9m da recupera\u00e7\u00e3o de pontes em diferentes localidades: uma de 9 metros no Rio Riachuelo (L-98), outra de 8 metros na mesma linha, uma de 7 metros na L-86 e uma de 6 metros na L-Uni\u00e3o. As informa\u00e7\u00f5es foram detalhadas pelo chefe da equipe, Ant\u00f4nio Carlos Flor\u00eancio, (Neg\u00e3o).<\/p>\n\n\n\n<p>\u201cCada obra como essa representa mais seguran\u00e7a e dignidade para quem vive e produz na zona rural. Nosso compromisso \u00e9 garantir estruturas resistentes e trafeg\u00e1veis durante todo o ano\u201d, destacou a secret\u00e1ria Valqu\u00edria Rodrigues Luz de Andrade. <\/p>\n\n\n\n<figure class=\"wp-block-image size-large\"><img loading=\"lazy\" decoding=\"async\" width=\"1024\" height=\"768\" src=\"https:\/\/vipfesta.com.br\/vipfesta\/wp-content\/uploads\/2026\/04\/Camada-0.jpg-2-1024x768.jpg\" alt=\"\" class=\"wp-image-60642\" srcset=\"https:\/\/vipfesta.com.br\/vipfesta\/wp-content\/uploads\/2026\/04\/Camada-0.jpg-2-1024x768.jpg 1024w, https:\/\/vipfesta.com.br\/vipfesta\/wp-content\/uploads\/2026\/04\/Camada-0.jpg-2-300x225.jpg 300w, https:\/\/vipfesta.com.br\/vipfesta\/wp-content\/uploads\/2026\/04\/Camada-0.jpg-2-768x576.jpg 768w, https:\/\/vipfesta.com.br\/vipfesta\/wp-content\/uploads\/2026\/04\/Camada-0.jpg-2-100x75.jpg 100w, https:\/\/vipfesta.com.br\/vipfesta\/wp-content\/uploads\/2026\/04\/Camada-0.jpg-2.jpg 1200w\" sizes=\"auto, (max-width: 1024px) 100vw, 1024px\" \/><\/figure>\n\n\n\n<p>A reconstru\u00e7\u00e3o da ponte do Rio Forquilha refor\u00e7a o compromisso da atual gest\u00e3o municipal com a infraestrutura rural, reconhecendo a import\u00e2ncia dessas vias para o desenvolvimento econ\u00f4mico e social. Ao investir em solu\u00e7\u00f5es dur\u00e1veis e enfrentar adversidades com planejamento, o Governo Municipal demonstra que cuidar das estradas e pontes \u00e9, acima de tudo, cuidar das pessoas e do futuro de Ji-Paran\u00e1.<\/p>\n\n\n\n<p>Secom\/Texto:\u00a0Anfr\u00edzio Santana<br>Fotos: Ant\u00f4nio Carlos Flor\u00eancio (Neg\u00e3o)<\/p>\n","protected":false},"excerpt":{"rendered":"<p>\u201cEstamos trabalhando para garantir que cada cidad\u00e3o tenha seu direito de ir e vir preservado, especialmente nas regi\u00f5es rurais que<\/p>\n","protected":false},"author":1,"featured_media":60636,"comment_status":"closed","ping_status":"open","sticky":false,"template":"","format":"standard","meta":{"colormag_page_container_layout":"default_layout","colormag_page_sidebar_layout":"default_layout","footnotes":""},"categories":[283],"tags":[815,36],"class_list":["post-60635","post","type-post","status-publish","format-standard","has-post-thumbnail","hentry","category-cidades","tag-ponte","tag-prefeitura"],"_links":{"self":[{"href":"https:\/\/vipfesta.com.br\/vipfesta\/wp-json\/wp\/v2\/posts\/60635","targetHints":{"allow":["GET"]}}],"collection":[{"href":"https:\/\/vipfesta.com.br\/vipfesta\/wp-json\/wp\/v2\/posts"}],"about":[{"href":"https:\/\/vipfesta.com.br\/vipfesta\/wp-json\/wp\/v2\/types\/post"}],"author":[{"embeddable":true,"href":"https:\/\/vipfesta.com.br\/vipfesta\/wp-json\/wp\/v2\/users\/1"}],"replies":[{"embeddable":true,"href":"https:\/\/vipfesta.com.br\/vipfesta\/wp-json\/wp\/v2\/comments?post=60635"}],"version-history":[{"count":3,"href":"https:\/\/vipfesta.com.br\/vipfesta\/wp-json\/wp\/v2\/posts\/60635\/revisions"}],"predecessor-version":[{"id":60643,"href":"https:\/\/vipfesta.com.br\/vipfesta\/wp-json\/wp\/v2\/posts\/60635\/revisions\/60643"}],"wp:featuredmedia":[{"embeddable":true,"href":"https:\/\/vipfesta.com.br\/vipfesta\/wp-json\/wp\/v2\/media\/60636"}],"wp:attachment":[{"href":"https:\/\/vipfesta.com.br\/vipfesta\/wp-json\/wp\/v2\/media?parent=60635"}],"wp:term":[{"taxonomy":"category","embeddable":true,"href":"https:\/\/vipfesta.com.br\/vipfesta\/wp-json\/wp\/v2\/categories?post=60635"},{"taxonomy":"post_tag","embeddable":true,"href":"https:\/\/vipfesta.com.br\/vipfesta\/wp-json\/wp\/v2\/tags?post=60635"}],"curies":[{"name":"wp","href":"https:\/\/api.w.org\/{rel}","templated":true}]}}