{"id":60588,"date":"2026-04-27T14:11:52","date_gmt":"2026-04-27T18:11:52","guid":{"rendered":"https:\/\/vipfesta.com.br\/vipfesta\/?p=60588"},"modified":"2026-04-27T14:13:51","modified_gmt":"2026-04-27T18:13:51","slug":"dia-de-unir-3","status":"publish","type":"post","link":"https:\/\/vipfesta.com.br\/vipfesta\/dia-de-unir-3\/","title":{"rendered":"Prefeitura de Ji-Paran\u00e1 participa de mais uma edi\u00e7\u00e3o do \u201cDia de Unir\u201d com oferta de servi\u00e7os \u00e0 popula\u00e7\u00e3o"},"content":{"rendered":"\n<figure class=\"wp-block-image size-large\"><img loading=\"lazy\" decoding=\"async\" width=\"924\" height=\"693\" src=\"https:\/\/vipfesta.com.br\/vipfesta\/wp-content\/uploads\/2026\/04\/WhatsApp-Image-2026-04-27-at-11.52.02-edited.jpeg\" alt=\"\" class=\"wp-image-60590\" srcset=\"https:\/\/vipfesta.com.br\/vipfesta\/wp-content\/uploads\/2026\/04\/WhatsApp-Image-2026-04-27-at-11.52.02-edited.jpeg 924w, https:\/\/vipfesta.com.br\/vipfesta\/wp-content\/uploads\/2026\/04\/WhatsApp-Image-2026-04-27-at-11.52.02-edited-300x225.jpeg 300w, https:\/\/vipfesta.com.br\/vipfesta\/wp-content\/uploads\/2026\/04\/WhatsApp-Image-2026-04-27-at-11.52.02-edited-768x576.jpeg 768w, https:\/\/vipfesta.com.br\/vipfesta\/wp-content\/uploads\/2026\/04\/WhatsApp-Image-2026-04-27-at-11.52.02-edited-100x75.jpeg 100w\" sizes=\"auto, (max-width: 924px) 100vw, 924px\" \/><\/figure>\n\n\n\n<p>No dia 26 de abril, Ji-Paran\u00e1 recebeu mais uma edi\u00e7\u00e3o do \u201cDia de Unir\u201d, evento promovido pela Universidade Federal de Rond\u00f4nia (Unir), campus local, com o objetivo de aproximar a comunidade dos servi\u00e7os p\u00fablicos e a\u00e7\u00f5es sociais, culturais e de sa\u00fade.<\/p>\n\n\n\n<p>A Prefeitura de Ji-Paran\u00e1 marcou presen\u00e7a por meio de diversas secretarias municipais, refor\u00e7ando o compromisso da gest\u00e3o em levar atendimento direto \u00e0 popula\u00e7\u00e3o e ampliar o acesso a servi\u00e7os essenciais.<\/p>\n\n\n\n<p>A Secretaria Municipal de Prote\u00e7\u00e3o e Bem-Estar Animal (Sempba) realizou um importante trabalho voltado \u00e0 causa animal, com 112 cadastros para castra\u00e7\u00e3o, 100 vacina\u00e7\u00f5es antirr\u00e1bicas e a doa\u00e7\u00e3o de 15 animais, incentivando a ado\u00e7\u00e3o respons\u00e1vel e o cuidado com os pets. <\/p>\n\n\n\n<figure class=\"wp-block-image size-large\"><img loading=\"lazy\" decoding=\"async\" width=\"768\" height=\"1024\" src=\"https:\/\/vipfesta.com.br\/vipfesta\/wp-content\/uploads\/2026\/04\/WhatsApp-Image-2026-04-27-at-12.31.00-768x1024.jpeg\" alt=\"\" class=\"wp-image-60594\" srcset=\"https:\/\/vipfesta.com.br\/vipfesta\/wp-content\/uploads\/2026\/04\/WhatsApp-Image-2026-04-27-at-12.31.00-768x1024.jpeg 768w, https:\/\/vipfesta.com.br\/vipfesta\/wp-content\/uploads\/2026\/04\/WhatsApp-Image-2026-04-27-at-12.31.00-225x300.jpeg 225w, https:\/\/vipfesta.com.br\/vipfesta\/wp-content\/uploads\/2026\/04\/WhatsApp-Image-2026-04-27-at-12.31.00-100x133.jpeg 100w, https:\/\/vipfesta.com.br\/vipfesta\/wp-content\/uploads\/2026\/04\/WhatsApp-Image-2026-04-27-at-12.31.00.jpeg 960w\" sizes=\"auto, (max-width: 768px) 100vw, 768px\" \/><\/figure>\n\n\n\n<p>J\u00e1 a Secretaria Municipal de Assist\u00eancia Social e Fam\u00edlia (Semasf) esteve presente com orienta\u00e7\u00f5es e esclarecimentos \u00e0 popula\u00e7\u00e3o sobre programas e servi\u00e7os ofertados no munic\u00edpio, como atendimento no CRAS e CREAS, Cadastro \u00danico, Mam\u00e3e Cheguei, Fam\u00edlia Acolhedora e Crian\u00e7a Feliz, fortalecendo o acesso da comunidade \u00e0s pol\u00edticas p\u00fablicas de assist\u00eancia social.<\/p>\n\n\n\n<p>Na \u00e1rea da sa\u00fade, a Secretaria Municipal de Sa\u00fade (Semusa) disponibilizou uma equipe completa com enfermeiros realizando coleta de preventivo e testes r\u00e1pidos, al\u00e9m de t\u00e9cnicos de enfermagem respons\u00e1veis pela triagem e vacina\u00e7\u00e3o. M\u00e9dicos tamb\u00e9m estiveram presentes, garantindo atendimento cl\u00ednico dentro da estrat\u00e9gia Sa\u00fade da Fam\u00edlia, ampliando o cuidado com a popula\u00e7\u00e3o durante o evento.<\/p>\n\n\n\n<p>A Funda\u00e7\u00e3o Cultural de Ji-Paran\u00e1 (FCJP) contribuiu com uma programa\u00e7\u00e3o diversificada ao longo do dia, com apresenta\u00e7\u00f5es musicais, dan\u00e7a, literatura, teatro e exposi\u00e7\u00f5es de artesanato, valorizando os talentos locais e promovendo o acesso \u00e0 cultura.<\/p>\n\n\n\n<p>O evento tamb\u00e9m contou com o apoio da Secretaria Municipal de Obras e Servi\u00e7os P\u00fablicos (Semosp), que auxiliou na organiza\u00e7\u00e3o pr\u00e9via, da Secretaria Municipal de Meio Ambiente, com a doa\u00e7\u00e3o de mudas \u00e0 popula\u00e7\u00e3o, e da Secretaria Municipal de Agricultura e Pecu\u00e1ria (Semagri), com a realiza\u00e7\u00e3o da Feira da Ro\u00e7a.<\/p>\n\n\n\n<p>A participa\u00e7\u00e3o integrada das secretarias municipais demonstra o esfor\u00e7o conjunto da Prefeitura de Ji-Paran\u00e1 em fortalecer a\u00e7\u00f5es intersetoriais, levando servi\u00e7os, informa\u00e7\u00e3o e qualidade de vida \u00e0 popula\u00e7\u00e3o, em parceria com institui\u00e7\u00f5es como a Unir.<\/p>\n\n\n\n<p>O \u201cDia de Unir\u201d segue como um importante espa\u00e7o de aproxima\u00e7\u00e3o entre o poder p\u00fablico e a comunidade, promovendo cidadania, inclus\u00e3o e desenvolvimento social.<\/p>\n\n\n\n<p>Decom\/Texto: Nat\u00e1lia Pessoa<br>Foto: Equipe CCS e Sempba<\/p>\n","protected":false},"excerpt":{"rendered":"<p>No dia 26 de abril, Ji-Paran\u00e1 recebeu mais uma edi\u00e7\u00e3o do \u201cDia de Unir\u201d, evento promovido pela Universidade Federal de<\/p>\n","protected":false},"author":1,"featured_media":60590,"comment_status":"closed","ping_status":"open","sticky":false,"template":"","format":"standard","meta":{"colormag_page_container_layout":"default_layout","colormag_page_sidebar_layout":"default_layout","footnotes":""},"categories":[283,379,347],"tags":[1630],"class_list":["post-60588","post","type-post","status-publish","format-standard","has-post-thumbnail","hentry","category-cidades","category-eventos","category-jiparana","tag-dia-de-unir"],"_links":{"self":[{"href":"https:\/\/vipfesta.com.br\/vipfesta\/wp-json\/wp\/v2\/posts\/60588","targetHints":{"allow":["GET"]}}],"collection":[{"href":"https:\/\/vipfesta.com.br\/vipfesta\/wp-json\/wp\/v2\/posts"}],"about":[{"href":"https:\/\/vipfesta.com.br\/vipfesta\/wp-json\/wp\/v2\/types\/post"}],"author":[{"embeddable":true,"href":"https:\/\/vipfesta.com.br\/vipfesta\/wp-json\/wp\/v2\/users\/1"}],"replies":[{"embeddable":true,"href":"https:\/\/vipfesta.com.br\/vipfesta\/wp-json\/wp\/v2\/comments?post=60588"}],"version-history":[{"count":3,"href":"https:\/\/vipfesta.com.br\/vipfesta\/wp-json\/wp\/v2\/posts\/60588\/revisions"}],"predecessor-version":[{"id":60595,"href":"https:\/\/vipfesta.com.br\/vipfesta\/wp-json\/wp\/v2\/posts\/60588\/revisions\/60595"}],"wp:featuredmedia":[{"embeddable":true,"href":"https:\/\/vipfesta.com.br\/vipfesta\/wp-json\/wp\/v2\/media\/60590"}],"wp:attachment":[{"href":"https:\/\/vipfesta.com.br\/vipfesta\/wp-json\/wp\/v2\/media?parent=60588"}],"wp:term":[{"taxonomy":"category","embeddable":true,"href":"https:\/\/vipfesta.com.br\/vipfesta\/wp-json\/wp\/v2\/categories?post=60588"},{"taxonomy":"post_tag","embeddable":true,"href":"https:\/\/vipfesta.com.br\/vipfesta\/wp-json\/wp\/v2\/tags?post=60588"}],"curies":[{"name":"wp","href":"https:\/\/api.w.org\/{rel}","templated":true}]}}