{"id":60581,"date":"2026-04-27T10:04:13","date_gmt":"2026-04-27T14:04:13","guid":{"rendered":"https:\/\/vipfesta.com.br\/vipfesta\/?p=60581"},"modified":"2026-04-27T10:05:04","modified_gmt":"2026-04-27T14:05:04","slug":"silvia-cristina-255","status":"publish","type":"post","link":"https:\/\/vipfesta.com.br\/vipfesta\/silvia-cristina-255\/","title":{"rendered":"Funda\u00e7\u00e3o Francisco Dornelles promove capacita\u00e7\u00e3o para fortalecer a forma\u00e7\u00e3o de lideran\u00e7as"},"content":{"rendered":"\n<figure class=\"wp-block-image size-large\"><img loading=\"lazy\" decoding=\"async\" width=\"1024\" height=\"576\" src=\"https:\/\/vipfesta.com.br\/vipfesta\/wp-content\/uploads\/2026\/04\/Capacitacao-em-Porto-Velho-1024x576.jpeg\" alt=\"\" class=\"wp-image-60582\" srcset=\"https:\/\/vipfesta.com.br\/vipfesta\/wp-content\/uploads\/2026\/04\/Capacitacao-em-Porto-Velho-1024x576.jpeg 1024w, https:\/\/vipfesta.com.br\/vipfesta\/wp-content\/uploads\/2026\/04\/Capacitacao-em-Porto-Velho-300x169.jpeg 300w, https:\/\/vipfesta.com.br\/vipfesta\/wp-content\/uploads\/2026\/04\/Capacitacao-em-Porto-Velho-768x432.jpeg 768w, https:\/\/vipfesta.com.br\/vipfesta\/wp-content\/uploads\/2026\/04\/Capacitacao-em-Porto-Velho-100x56.jpeg 100w, https:\/\/vipfesta.com.br\/vipfesta\/wp-content\/uploads\/2026\/04\/Capacitacao-em-Porto-Velho-1536x864.jpeg 1536w, https:\/\/vipfesta.com.br\/vipfesta\/wp-content\/uploads\/2026\/04\/Capacitacao-em-Porto-Velho.jpeg 1600w\" sizes=\"auto, (max-width: 1024px) 100vw, 1024px\" \/><figcaption class=\"wp-element-caption\">Presidente do Progressistas, Silvia Cristina destacou o evento como uma oportunidade de aprimoramento<\/figcaption><\/figure>\n\n\n\n<p>A Funda\u00e7\u00e3o Francisco Dornelles promoveu nas cidades de Porto Velho e Ji-Paran\u00e1, em Rond\u00f4nia, a capacita\u00e7\u00e3o Campanha Vitoriosa: Comunica\u00e7\u00e3o, Estrat\u00e9gia e Marketing na Pr\u00e1tica, conduzida pelo master trainer em Programa\u00e7\u00e3o neurolingu\u00edstica Weliton Magela, do Instituto Elo de Desenvolvimento Humano.<\/p>\n\n\n\n<p>A presidente do Progressistas, deputada federal S\u00edlvia Cristina, destacou a realiza\u00e7\u00e3o desse treinamento, voltado a vereadores, lideran\u00e7as, pr\u00e9-candidatos e representantes de entidades. <\/p>\n\n\n\n<figure class=\"wp-block-image size-large\"><img loading=\"lazy\" decoding=\"async\" width=\"1024\" height=\"576\" src=\"https:\/\/vipfesta.com.br\/vipfesta\/wp-content\/uploads\/2026\/04\/IMG-20260427-WA0149-1024x576.jpg\" alt=\"\" class=\"wp-image-60583\" srcset=\"https:\/\/vipfesta.com.br\/vipfesta\/wp-content\/uploads\/2026\/04\/IMG-20260427-WA0149-1024x576.jpg 1024w, https:\/\/vipfesta.com.br\/vipfesta\/wp-content\/uploads\/2026\/04\/IMG-20260427-WA0149-300x169.jpg 300w, https:\/\/vipfesta.com.br\/vipfesta\/wp-content\/uploads\/2026\/04\/IMG-20260427-WA0149-768x432.jpg 768w, https:\/\/vipfesta.com.br\/vipfesta\/wp-content\/uploads\/2026\/04\/IMG-20260427-WA0149-100x56.jpg 100w, https:\/\/vipfesta.com.br\/vipfesta\/wp-content\/uploads\/2026\/04\/IMG-20260427-WA0149-1536x864.jpg 1536w, https:\/\/vipfesta.com.br\/vipfesta\/wp-content\/uploads\/2026\/04\/IMG-20260427-WA0149.jpg 1600w\" sizes=\"auto, (max-width: 1024px) 100vw, 1024px\" \/><\/figure>\n\n\n\n<p>\u201cAgradecer \u00e0 Funda\u00e7\u00e3o Francisco Dornelles por disponibilizar essa capacita\u00e7\u00e3o. Tamb\u00e9m agradecer ao presidente nacional do Progressistas, senador Ciro Nogueira e o nosso l\u00edder deputado Dr. Luizinho. O Progressistas tem se dedicado a aperfei\u00e7oar o nosso time, abrindo oportunidades nessa forma\u00e7\u00e3o t\u00e3o importante\u201d, destacou S\u00edlvia. <\/p>\n\n\n\n<figure class=\"wp-block-image size-large\"><img loading=\"lazy\" decoding=\"async\" width=\"1024\" height=\"576\" src=\"https:\/\/vipfesta.com.br\/vipfesta\/wp-content\/uploads\/2026\/04\/IMG-20260427-WA0150-1024x576.jpg\" alt=\"\" class=\"wp-image-60584\" srcset=\"https:\/\/vipfesta.com.br\/vipfesta\/wp-content\/uploads\/2026\/04\/IMG-20260427-WA0150-1024x576.jpg 1024w, https:\/\/vipfesta.com.br\/vipfesta\/wp-content\/uploads\/2026\/04\/IMG-20260427-WA0150-300x169.jpg 300w, https:\/\/vipfesta.com.br\/vipfesta\/wp-content\/uploads\/2026\/04\/IMG-20260427-WA0150-768x432.jpg 768w, https:\/\/vipfesta.com.br\/vipfesta\/wp-content\/uploads\/2026\/04\/IMG-20260427-WA0150-100x56.jpg 100w, https:\/\/vipfesta.com.br\/vipfesta\/wp-content\/uploads\/2026\/04\/IMG-20260427-WA0150-1536x864.jpg 1536w, https:\/\/vipfesta.com.br\/vipfesta\/wp-content\/uploads\/2026\/04\/IMG-20260427-WA0150.jpg 1600w\" sizes=\"auto, (max-width: 1024px) 100vw, 1024px\" \/><\/figure>\n\n\n\n<p>O palestrante Weliton Magela abordou o desenvolvimento de compet\u00eancias em comunica\u00e7\u00e3o, planejamento e estrat\u00e9gias de relacionamento. <\/p>\n\n\n\n<p>Assessoria da deputada federal Silvia Cristina <\/p>\n","protected":false},"excerpt":{"rendered":"<p>A Funda\u00e7\u00e3o Francisco Dornelles promoveu nas cidades de Porto Velho e Ji-Paran\u00e1, em Rond\u00f4nia, a capacita\u00e7\u00e3o Campanha Vitoriosa: Comunica\u00e7\u00e3o, Estrat\u00e9gia<\/p>\n","protected":false},"author":1,"featured_media":60582,"comment_status":"closed","ping_status":"open","sticky":false,"template":"","format":"standard","meta":{"colormag_page_container_layout":"default_layout","colormag_page_sidebar_layout":"default_layout","footnotes":""},"categories":[303,470],"tags":[541],"class_list":["post-60581","post","type-post","status-publish","format-standard","has-post-thumbnail","hentry","category-politica","category-silvia-cristina","tag-silvia-cristina"],"_links":{"self":[{"href":"https:\/\/vipfesta.com.br\/vipfesta\/wp-json\/wp\/v2\/posts\/60581","targetHints":{"allow":["GET"]}}],"collection":[{"href":"https:\/\/vipfesta.com.br\/vipfesta\/wp-json\/wp\/v2\/posts"}],"about":[{"href":"https:\/\/vipfesta.com.br\/vipfesta\/wp-json\/wp\/v2\/types\/post"}],"author":[{"embeddable":true,"href":"https:\/\/vipfesta.com.br\/vipfesta\/wp-json\/wp\/v2\/users\/1"}],"replies":[{"embeddable":true,"href":"https:\/\/vipfesta.com.br\/vipfesta\/wp-json\/wp\/v2\/comments?post=60581"}],"version-history":[{"count":2,"href":"https:\/\/vipfesta.com.br\/vipfesta\/wp-json\/wp\/v2\/posts\/60581\/revisions"}],"predecessor-version":[{"id":60587,"href":"https:\/\/vipfesta.com.br\/vipfesta\/wp-json\/wp\/v2\/posts\/60581\/revisions\/60587"}],"wp:featuredmedia":[{"embeddable":true,"href":"https:\/\/vipfesta.com.br\/vipfesta\/wp-json\/wp\/v2\/media\/60582"}],"wp:attachment":[{"href":"https:\/\/vipfesta.com.br\/vipfesta\/wp-json\/wp\/v2\/media?parent=60581"}],"wp:term":[{"taxonomy":"category","embeddable":true,"href":"https:\/\/vipfesta.com.br\/vipfesta\/wp-json\/wp\/v2\/categories?post=60581"},{"taxonomy":"post_tag","embeddable":true,"href":"https:\/\/vipfesta.com.br\/vipfesta\/wp-json\/wp\/v2\/tags?post=60581"}],"curies":[{"name":"wp","href":"https:\/\/api.w.org\/{rel}","templated":true}]}}