{"id":59805,"date":"2026-03-17T11:15:52","date_gmt":"2026-03-17T15:15:52","guid":{"rendered":"https:\/\/vipfesta.com.br\/vipfesta\/?p=59805"},"modified":"2026-03-17T11:17:53","modified_gmt":"2026-03-17T15:17:53","slug":"karate-30","status":"publish","type":"post","link":"https:\/\/vipfesta.com.br\/vipfesta\/karate-30\/","title":{"rendered":"Federa\u00e7\u00e3o de Karat\u00ea promove Cl\u00ednica de Arbitragem"},"content":{"rendered":"\n<figure class=\"wp-block-image size-large\"><img loading=\"lazy\" decoding=\"async\" width=\"1024\" height=\"611\" src=\"https:\/\/vipfesta.com.br\/vipfesta\/wp-content\/uploads\/2026\/03\/IMG-20260316-WA0763-1024x611.jpg\" alt=\"\" class=\"wp-image-59806\" srcset=\"https:\/\/vipfesta.com.br\/vipfesta\/wp-content\/uploads\/2026\/03\/IMG-20260316-WA0763-1024x611.jpg 1024w, https:\/\/vipfesta.com.br\/vipfesta\/wp-content\/uploads\/2026\/03\/IMG-20260316-WA0763-300x179.jpg 300w, https:\/\/vipfesta.com.br\/vipfesta\/wp-content\/uploads\/2026\/03\/IMG-20260316-WA0763-768x458.jpg 768w, https:\/\/vipfesta.com.br\/vipfesta\/wp-content\/uploads\/2026\/03\/IMG-20260316-WA0763-100x60.jpg 100w, https:\/\/vipfesta.com.br\/vipfesta\/wp-content\/uploads\/2026\/03\/IMG-20260316-WA0763.jpg 1080w\" sizes=\"auto, (max-width: 1024px) 100vw, 1024px\" \/><\/figure>\n\n\n\n<p><\/p>\n\n\n\n<p>No \u00faltimo s\u00e1bado dia 14 de Mar\u00e7o aconteceu no audit\u00f3rio da C\u00e2mara Municipal de Vereadores de Ji-Paran\u00e1, a Cl\u00ednica Regional de arbitragem do Karat\u00ea Esportivo.<\/p>\n\n\n\n<p>O evento reuniu 35 participantes entre \u00e1rbitros, atletas, e professores, representantes dos munic\u00edpios de Ji-Paran\u00e1, Presidente M\u00e9dici, Rolim de Moura, Ariquemes e Espig\u00e3o Do Oeste.<\/p>\n\n\n\n<p>Teve in\u00edcio \u00e0s 08:00h at\u00e9 \u00e0s 12:00h e das 13:30h \u00e0s 17:00h, ministrado pelo Diretor de Arbitragem da FRKE, senhor Lucas Chagas, que abordou as novas regras de arbitragem que ser\u00e3o utilizadas nos pr\u00f3ximos eventos de 2026. <\/p>\n\n\n\n<figure class=\"wp-block-image size-large\"><img loading=\"lazy\" decoding=\"async\" width=\"1024\" height=\"768\" src=\"https:\/\/vipfesta.com.br\/vipfesta\/wp-content\/uploads\/2026\/03\/IMG-20260316-WA0768-1024x768.jpg\" alt=\"\" class=\"wp-image-59809\" srcset=\"https:\/\/vipfesta.com.br\/vipfesta\/wp-content\/uploads\/2026\/03\/IMG-20260316-WA0768-1024x768.jpg 1024w, https:\/\/vipfesta.com.br\/vipfesta\/wp-content\/uploads\/2026\/03\/IMG-20260316-WA0768-300x225.jpg 300w, https:\/\/vipfesta.com.br\/vipfesta\/wp-content\/uploads\/2026\/03\/IMG-20260316-WA0768-768x576.jpg 768w, https:\/\/vipfesta.com.br\/vipfesta\/wp-content\/uploads\/2026\/03\/IMG-20260316-WA0768-100x75.jpg 100w, https:\/\/vipfesta.com.br\/vipfesta\/wp-content\/uploads\/2026\/03\/IMG-20260316-WA0768-1536x1152.jpg 1536w, https:\/\/vipfesta.com.br\/vipfesta\/wp-content\/uploads\/2026\/03\/IMG-20260316-WA0768.jpg 1600w\" sizes=\"auto, (max-width: 1024px) 100vw, 1024px\" \/><\/figure>\n\n\n\n<p>J\u00e1 est\u00e1 programado a 1\u00aa Fase estadual para o m\u00eas de Junho na cidade de Espig\u00e3o Do Oeste, a 2\u00aa Fase para o munic\u00edpio de Buritis e a 3\u00aa Fase para o munic\u00edpio de S\u00e3o Francisco do Guapor\u00e9.<\/p>\n\n\n\n<p>O evento contou com o apoio do Vereador Marcelo Lemos (Presidente do Legislativo Municipal) que prontamente atendeu \u00e0 solicita\u00e7\u00e3o da Federa\u00e7\u00e3o Rondoniense de Karat\u00ea Esportivo.<\/p>\n\n\n\n<p>Sensei Agnaldo Souza<br>Faixa preta 4\u00ba DAN \u2013 CREF 314-RO<\/p>\n\n\n\n<p><\/p>\n","protected":false},"excerpt":{"rendered":"<p>No \u00faltimo s\u00e1bado dia 14 de Mar\u00e7o aconteceu no audit\u00f3rio da C\u00e2mara Municipal de Vereadores de Ji-Paran\u00e1, a Cl\u00ednica Regional<\/p>\n","protected":false},"author":1,"featured_media":59806,"comment_status":"closed","ping_status":"open","sticky":false,"template":"","format":"standard","meta":{"colormag_page_container_layout":"default_layout","colormag_page_sidebar_layout":"default_layout","footnotes":""},"categories":[304,408],"tags":[43,518],"class_list":["post-59805","post","type-post","status-publish","format-standard","has-post-thumbnail","hentry","category-esporte","category-karate","tag-karate","tag-karate-esportivo"],"_links":{"self":[{"href":"https:\/\/vipfesta.com.br\/vipfesta\/wp-json\/wp\/v2\/posts\/59805","targetHints":{"allow":["GET"]}}],"collection":[{"href":"https:\/\/vipfesta.com.br\/vipfesta\/wp-json\/wp\/v2\/posts"}],"about":[{"href":"https:\/\/vipfesta.com.br\/vipfesta\/wp-json\/wp\/v2\/types\/post"}],"author":[{"embeddable":true,"href":"https:\/\/vipfesta.com.br\/vipfesta\/wp-json\/wp\/v2\/users\/1"}],"replies":[{"embeddable":true,"href":"https:\/\/vipfesta.com.br\/vipfesta\/wp-json\/wp\/v2\/comments?post=59805"}],"version-history":[{"count":2,"href":"https:\/\/vipfesta.com.br\/vipfesta\/wp-json\/wp\/v2\/posts\/59805\/revisions"}],"predecessor-version":[{"id":59810,"href":"https:\/\/vipfesta.com.br\/vipfesta\/wp-json\/wp\/v2\/posts\/59805\/revisions\/59810"}],"wp:featuredmedia":[{"embeddable":true,"href":"https:\/\/vipfesta.com.br\/vipfesta\/wp-json\/wp\/v2\/media\/59806"}],"wp:attachment":[{"href":"https:\/\/vipfesta.com.br\/vipfesta\/wp-json\/wp\/v2\/media?parent=59805"}],"wp:term":[{"taxonomy":"category","embeddable":true,"href":"https:\/\/vipfesta.com.br\/vipfesta\/wp-json\/wp\/v2\/categories?post=59805"},{"taxonomy":"post_tag","embeddable":true,"href":"https:\/\/vipfesta.com.br\/vipfesta\/wp-json\/wp\/v2\/tags?post=59805"}],"curies":[{"name":"wp","href":"https:\/\/api.w.org\/{rel}","templated":true}]}}