{"id":59791,"date":"2026-03-16T17:18:56","date_gmt":"2026-03-16T21:18:56","guid":{"rendered":"https:\/\/vipfesta.com.br\/vipfesta\/?p=59791"},"modified":"2026-03-16T17:20:15","modified_gmt":"2026-03-16T21:20:15","slug":"silvia-cristina-239","status":"publish","type":"post","link":"https:\/\/vipfesta.com.br\/vipfesta\/silvia-cristina-239\/","title":{"rendered":"Apae de S\u00e3o Miguel do Guapor\u00e9 recebe R$ 100 mil de emenda da deputada federal S\u00edlvia Cristina"},"content":{"rendered":"\n<figure class=\"wp-block-image size-large\"><img loading=\"lazy\" decoding=\"async\" width=\"1024\" height=\"819\" src=\"https:\/\/vipfesta.com.br\/vipfesta\/wp-content\/uploads\/2026\/03\/IMG-20260316-WA0543-1024x819.jpg\" alt=\"\" class=\"wp-image-59792\" srcset=\"https:\/\/vipfesta.com.br\/vipfesta\/wp-content\/uploads\/2026\/03\/IMG-20260316-WA0543-1024x819.jpg 1024w, https:\/\/vipfesta.com.br\/vipfesta\/wp-content\/uploads\/2026\/03\/IMG-20260316-WA0543-300x240.jpg 300w, https:\/\/vipfesta.com.br\/vipfesta\/wp-content\/uploads\/2026\/03\/IMG-20260316-WA0543-768x614.jpg 768w, https:\/\/vipfesta.com.br\/vipfesta\/wp-content\/uploads\/2026\/03\/IMG-20260316-WA0543-100x80.jpg 100w, https:\/\/vipfesta.com.br\/vipfesta\/wp-content\/uploads\/2026\/03\/IMG-20260316-WA0543.jpg 1053w\" sizes=\"auto, (max-width: 1024px) 100vw, 1024px\" \/><figcaption class=\"wp-element-caption\">Parlamentar participou da entrega do recurso e anunciou mais R$ 100 mil para custeio da entidade<\/figcaption><\/figure>\n\n\n\n<p><\/p>\n\n\n\n<p>A deputada federal S\u00edlvia Cristina participou da solenidade de entrega de R$ 100 mil para custeio e manuten\u00e7\u00e3o da Apae de S\u00e3o Miguel do Guapor\u00e9. O recurso foi assegurado pelo mandato da parlamentar, que \u00e9 madrinha das Apaes em Rond\u00f4nia e todos os anos assegura investimentos para a institui\u00e7\u00e3o, que tem um trabalho reconhecido pela sociedade.<\/p>\n\n\n\n<p>\u201c\u00c9 sempre uma alegria poder, todos anos, contribuir com as Apaes de Rond\u00f4nia, destinando emendas e assegurando a manuten\u00e7\u00e3o e custeio dos trabalhos dessa institui\u00e7\u00e3o que promove a inclus\u00e3o e a cidadania\u201d, disse a deputada.<\/p>\n\n\n\n<p>Na solenidade, que ocorreu ainda a inaugura\u00e7\u00e3o da quadra coberta da Apae, assegurada pelo deputado estadual Ismael Crispin, com um investimento de quase R$ 1 milh\u00e3o, estavam presentes o chefe da Casa Civil, Elias Rezende, o prefeito de S\u00e3o Miguel do Guapor\u00e9, Coronel Crispin, o deputado Ismael Crispin.<\/p>\n\n\n\n<p>A deputada foi recebida pela presidente da Apae, Daiane Machado, pela diretora da Apae, K\u00e1tia Maria e a representante da Federa\u00e7\u00e3o Nacional das Apaes, Ilda Salvatico. Os vereadores de S\u00e3o Miguel do Guapor\u00e9 Jair Top Car, Alem\u00e3o, Nenemz\u00e3o, Valcir Tomas, Genivaldo e Marcos Miguel, participaram do evento. <\/p>\n\n\n\n<p><\/p>\n\n\n\n<p>Assessoria da deputada federal Silvia Cristina <\/p>\n\n\n\n<p><\/p>\n","protected":false},"excerpt":{"rendered":"<p>A deputada federal S\u00edlvia Cristina participou da solenidade de entrega de R$ 100 mil para custeio e manuten\u00e7\u00e3o da Apae<\/p>\n","protected":false},"author":1,"featured_media":59792,"comment_status":"closed","ping_status":"open","sticky":false,"template":"","format":"standard","meta":{"colormag_page_container_layout":"default_layout","colormag_page_sidebar_layout":"default_layout","footnotes":""},"categories":[470,303],"tags":[541],"class_list":["post-59791","post","type-post","status-publish","format-standard","has-post-thumbnail","hentry","category-silvia-cristina","category-politica","tag-silvia-cristina"],"_links":{"self":[{"href":"https:\/\/vipfesta.com.br\/vipfesta\/wp-json\/wp\/v2\/posts\/59791","targetHints":{"allow":["GET"]}}],"collection":[{"href":"https:\/\/vipfesta.com.br\/vipfesta\/wp-json\/wp\/v2\/posts"}],"about":[{"href":"https:\/\/vipfesta.com.br\/vipfesta\/wp-json\/wp\/v2\/types\/post"}],"author":[{"embeddable":true,"href":"https:\/\/vipfesta.com.br\/vipfesta\/wp-json\/wp\/v2\/users\/1"}],"replies":[{"embeddable":true,"href":"https:\/\/vipfesta.com.br\/vipfesta\/wp-json\/wp\/v2\/comments?post=59791"}],"version-history":[{"count":2,"href":"https:\/\/vipfesta.com.br\/vipfesta\/wp-json\/wp\/v2\/posts\/59791\/revisions"}],"predecessor-version":[{"id":59795,"href":"https:\/\/vipfesta.com.br\/vipfesta\/wp-json\/wp\/v2\/posts\/59791\/revisions\/59795"}],"wp:featuredmedia":[{"embeddable":true,"href":"https:\/\/vipfesta.com.br\/vipfesta\/wp-json\/wp\/v2\/media\/59792"}],"wp:attachment":[{"href":"https:\/\/vipfesta.com.br\/vipfesta\/wp-json\/wp\/v2\/media?parent=59791"}],"wp:term":[{"taxonomy":"category","embeddable":true,"href":"https:\/\/vipfesta.com.br\/vipfesta\/wp-json\/wp\/v2\/categories?post=59791"},{"taxonomy":"post_tag","embeddable":true,"href":"https:\/\/vipfesta.com.br\/vipfesta\/wp-json\/wp\/v2\/tags?post=59791"}],"curies":[{"name":"wp","href":"https:\/\/api.w.org\/{rel}","templated":true}]}}