{"id":59783,"date":"2026-03-16T11:24:27","date_gmt":"2026-03-16T15:24:27","guid":{"rendered":"https:\/\/vipfesta.com.br\/vipfesta\/?p=59783"},"modified":"2026-03-16T11:28:09","modified_gmt":"2026-03-16T15:28:09","slug":"prefeitura-179","status":"publish","type":"post","link":"https:\/\/vipfesta.com.br\/vipfesta\/prefeitura-179\/","title":{"rendered":"Pra\u00e7a do Capelasso \u00e9 revitalizada pela Prefeitura e tem o espa\u00e7o de lazer ampliado"},"content":{"rendered":"\n<figure class=\"wp-block-image size-full\"><img loading=\"lazy\" decoding=\"async\" width=\"768\" height=\"576\" src=\"https:\/\/vipfesta.com.br\/vipfesta\/wp-content\/uploads\/2026\/03\/4038d372-821c-48e0-9467-e6f6f381dd8c-768x576-1.jpg\" alt=\"\" class=\"wp-image-59785\" srcset=\"https:\/\/vipfesta.com.br\/vipfesta\/wp-content\/uploads\/2026\/03\/4038d372-821c-48e0-9467-e6f6f381dd8c-768x576-1.jpg 768w, https:\/\/vipfesta.com.br\/vipfesta\/wp-content\/uploads\/2026\/03\/4038d372-821c-48e0-9467-e6f6f381dd8c-768x576-1-300x225.jpg 300w, https:\/\/vipfesta.com.br\/vipfesta\/wp-content\/uploads\/2026\/03\/4038d372-821c-48e0-9467-e6f6f381dd8c-768x576-1-100x75.jpg 100w\" sizes=\"auto, (max-width: 768px) 100vw, 768px\" \/><\/figure>\n\n\n\n<h4 class=\"wp-block-heading\"><\/h4>\n\n\n\n<p>A Prefeitura de Ji-Paran\u00e1, nesta segunda-feira, 16, trabalha na revitaliza\u00e7\u00e3o da Pra\u00e7a do Capelasso, proporcionando \u00e0 popula\u00e7\u00e3o um espa\u00e7o ampliado, renovado e mais adequado para atividades de lazer, pr\u00e1tica esportiva e conviv\u00eancia familiar. A obra est\u00e1 sendo executada pela equipe da Secretaria Municipal de Obras e Servi\u00e7os P\u00fablicos (Semosp), atendendo a uma solicita\u00e7\u00e3o dos moradores do bairro.<\/p>\n\n\n\n<p>A pra\u00e7a passa por uma s\u00e9rie de melhorias, incluindo servi\u00e7os de limpeza, pintura, ro\u00e7agem e restaura\u00e7\u00e3o das coberturas dos quiosques. O objetivo \u00e9 oferecer mais conforto, seguran\u00e7a e qualidade de vida aos moradores que utilizam o espa\u00e7o para atividades di\u00e1rias e momentos de lazer. Como parte das melhorias, o local tamb\u00e9m receber\u00e1 nova ilumina\u00e7\u00e3o em toda a sua extens\u00e3o. <\/p>\n\n\n\n<figure class=\"wp-block-image size-full\"><img loading=\"lazy\" decoding=\"async\" width=\"768\" height=\"576\" src=\"https:\/\/vipfesta.com.br\/vipfesta\/wp-content\/uploads\/2026\/03\/de6506c0-c969-41be-b702-407b03596bc2-768x576-1.jpg\" alt=\"\" class=\"wp-image-59784\" srcset=\"https:\/\/vipfesta.com.br\/vipfesta\/wp-content\/uploads\/2026\/03\/de6506c0-c969-41be-b702-407b03596bc2-768x576-1.jpg 768w, https:\/\/vipfesta.com.br\/vipfesta\/wp-content\/uploads\/2026\/03\/de6506c0-c969-41be-b702-407b03596bc2-768x576-1-300x225.jpg 300w, https:\/\/vipfesta.com.br\/vipfesta\/wp-content\/uploads\/2026\/03\/de6506c0-c969-41be-b702-407b03596bc2-768x576-1-100x75.jpg 100w\" sizes=\"auto, (max-width: 768px) 100vw, 768px\" \/><\/figure>\n\n\n\n<p>Os moradores acompanham o trabalho e destacaram a import\u00e2ncia da revitaliza\u00e7\u00e3o para o bairro. Em contrapartida, a comunidade tamb\u00e9m se comprometeu a colaborar com a conserva\u00e7\u00e3o do espa\u00e7o p\u00fablico.<\/p>\n\n\n\n<p>Morador do Capelasso, Jo\u00e3o Gomes agradeceu \u00e0 administra\u00e7\u00e3o municipal pela realiza\u00e7\u00e3o das melhorias e ressaltou o papel da pra\u00e7a como ponto de encontro. \u201cAqui podemos praticar esportes, cuidar da sa\u00fade, reunir os vizinhos e trazer a fam\u00edlia para aproveitar esse espa\u00e7o. Ficamos muito felizes com a revitaliza\u00e7\u00e3o, porque a pra\u00e7a \u00e9 um lugar de encontro das fam\u00edlias\u201d, afirmou.<\/p>\n\n\n\n<p>O secret\u00e1rio municipal de Esportes, Alessandro Barroso, destacou que o projeto fortalece os espa\u00e7os p\u00fablicos voltados ao lazer e \u00e0 pr\u00e1tica esportiva. Segundo ele, a pra\u00e7a oferece estrutura para atender diferentes faixas et\u00e1rias. \u201cNo Capelasso temos um espa\u00e7o com oportunidades de uso para todas as idades. A pra\u00e7a conta com quadra de v\u00f4lei e futebol de areia, parquinho para as crian\u00e7as, academia ao ar livre e \u00e1rea coberta para o conv\u00edvio das fam\u00edlias\u201d, explicou.<\/p>\n\n\n\n<p>A revitaliza\u00e7\u00e3o da Pra\u00e7a do Capelasso integra o conjunto de a\u00e7\u00f5es da Prefeitura de Ji-Paran\u00e1 voltadas \u00e0 melhoria dos espa\u00e7os p\u00fablicos e \u00e0 promo\u00e7\u00e3o de qualidade de vida para a popula\u00e7\u00e3o.<\/p>\n\n\n\n<p>Decom\/Fotos: Gabriel Agreda<\/p>\n\n\n\n<p>Texto: Natalino FS<\/p>\n","protected":false},"excerpt":{"rendered":"<p>A Prefeitura de Ji-Paran\u00e1, nesta segunda-feira, 16, trabalha na revitaliza\u00e7\u00e3o da Pra\u00e7a do Capelasso, proporcionando \u00e0 popula\u00e7\u00e3o um espa\u00e7o ampliado,<\/p>\n","protected":false},"author":1,"featured_media":59785,"comment_status":"closed","ping_status":"open","sticky":false,"template":"","format":"standard","meta":{"colormag_page_container_layout":"default_layout","colormag_page_sidebar_layout":"default_layout","footnotes":""},"categories":[318,283,347],"tags":[36],"class_list":["post-59783","post","type-post","status-publish","format-standard","has-post-thumbnail","hentry","category-prefeitura","category-cidades","category-jiparana","tag-prefeitura"],"_links":{"self":[{"href":"https:\/\/vipfesta.com.br\/vipfesta\/wp-json\/wp\/v2\/posts\/59783","targetHints":{"allow":["GET"]}}],"collection":[{"href":"https:\/\/vipfesta.com.br\/vipfesta\/wp-json\/wp\/v2\/posts"}],"about":[{"href":"https:\/\/vipfesta.com.br\/vipfesta\/wp-json\/wp\/v2\/types\/post"}],"author":[{"embeddable":true,"href":"https:\/\/vipfesta.com.br\/vipfesta\/wp-json\/wp\/v2\/users\/1"}],"replies":[{"embeddable":true,"href":"https:\/\/vipfesta.com.br\/vipfesta\/wp-json\/wp\/v2\/comments?post=59783"}],"version-history":[{"count":3,"href":"https:\/\/vipfesta.com.br\/vipfesta\/wp-json\/wp\/v2\/posts\/59783\/revisions"}],"predecessor-version":[{"id":59790,"href":"https:\/\/vipfesta.com.br\/vipfesta\/wp-json\/wp\/v2\/posts\/59783\/revisions\/59790"}],"wp:featuredmedia":[{"embeddable":true,"href":"https:\/\/vipfesta.com.br\/vipfesta\/wp-json\/wp\/v2\/media\/59785"}],"wp:attachment":[{"href":"https:\/\/vipfesta.com.br\/vipfesta\/wp-json\/wp\/v2\/media?parent=59783"}],"wp:term":[{"taxonomy":"category","embeddable":true,"href":"https:\/\/vipfesta.com.br\/vipfesta\/wp-json\/wp\/v2\/categories?post=59783"},{"taxonomy":"post_tag","embeddable":true,"href":"https:\/\/vipfesta.com.br\/vipfesta\/wp-json\/wp\/v2\/tags?post=59783"}],"curies":[{"name":"wp","href":"https:\/\/api.w.org\/{rel}","templated":true}]}}