{"id":59774,"date":"2026-03-16T10:07:43","date_gmt":"2026-03-16T14:07:43","guid":{"rendered":"https:\/\/vipfesta.com.br\/vipfesta\/?p=59774"},"modified":"2026-03-16T10:14:30","modified_gmt":"2026-03-16T14:14:30","slug":"coocamarji-3","status":"publish","type":"post","link":"https:\/\/vipfesta.com.br\/vipfesta\/coocamarji-3\/","title":{"rendered":"Coocamarji confirma coleta seletiva na 13\u00aa Rond\u00f4nia Rural Show Internacional"},"content":{"rendered":"\n<figure class=\"wp-block-image size-full\"><img loading=\"lazy\" decoding=\"async\" width=\"947\" height=\"683\" src=\"https:\/\/vipfesta.com.br\/vipfesta\/wp-content\/uploads\/2026\/03\/IMG-20260315-WA03802.jpg\" alt=\"\" class=\"wp-image-59775\" srcset=\"https:\/\/vipfesta.com.br\/vipfesta\/wp-content\/uploads\/2026\/03\/IMG-20260315-WA03802.jpg 947w, https:\/\/vipfesta.com.br\/vipfesta\/wp-content\/uploads\/2026\/03\/IMG-20260315-WA03802-300x216.jpg 300w, https:\/\/vipfesta.com.br\/vipfesta\/wp-content\/uploads\/2026\/03\/IMG-20260315-WA03802-768x554.jpg 768w, https:\/\/vipfesta.com.br\/vipfesta\/wp-content\/uploads\/2026\/03\/IMG-20260315-WA03802-100x72.jpg 100w\" sizes=\"auto, (max-width: 947px) 100vw, 947px\" \/><\/figure>\n\n\n\n<p><\/p>\n\n\n\n<p>A Cooperativa dos Catadores de Materiais Recicl\u00e1veis de Ji-Paran\u00e1 (Coocamarji) confirmou participa\u00e7\u00e3o na 13\u00aa edi\u00e7\u00e3o da Rond\u00f4nia Rural Show Internacional, prevista para ocorrer entre os dias 25 e 30 de maio de 2026, no Centro Tecnol\u00f3gico Vandeci Rack. A atua\u00e7\u00e3o da cooperativa refor\u00e7a o compromisso do evento com pr\u00e1ticas sustent\u00e1veis, mantendo e ampliando as a\u00e7\u00f5es de coleta seletiva implementadas em edi\u00e7\u00f5es anteriores.<\/p>\n\n\n\n<p>O an\u00fancio foi feito nesta semana pelo presidente da Coocamarji, Celso Luiz, durante reuni\u00e3o de alinhamento que contou com a participa\u00e7\u00e3o do Governo de Rond\u00f4nia, por meio da Secretaria de Estado da Assist\u00eancia e do Desenvolvimento Social (Seas), do Servi\u00e7o Brasileiro de Apoio \u00e0s Micro e Pequenas Empresas (Sebrae) e de outras 15 cooperativas de catadores de diferentes munic\u00edpios do estado. As entidades atuar\u00e3o de forma integrada na gest\u00e3o dos res\u00edduos gerados durante a feira. <\/p>\n\n\n\n<figure class=\"wp-block-image size-large\"><img loading=\"lazy\" decoding=\"async\" width=\"1024\" height=\"603\" src=\"https:\/\/vipfesta.com.br\/vipfesta\/wp-content\/uploads\/2026\/03\/IMG-20260315-WA0381-1024x603.jpg\" alt=\"\" class=\"wp-image-59778\" srcset=\"https:\/\/vipfesta.com.br\/vipfesta\/wp-content\/uploads\/2026\/03\/IMG-20260315-WA0381-1024x603.jpg 1024w, https:\/\/vipfesta.com.br\/vipfesta\/wp-content\/uploads\/2026\/03\/IMG-20260315-WA0381-300x177.jpg 300w, https:\/\/vipfesta.com.br\/vipfesta\/wp-content\/uploads\/2026\/03\/IMG-20260315-WA0381-768x452.jpg 768w, https:\/\/vipfesta.com.br\/vipfesta\/wp-content\/uploads\/2026\/03\/IMG-20260315-WA0381-100x59.jpg 100w, https:\/\/vipfesta.com.br\/vipfesta\/wp-content\/uploads\/2026\/03\/IMG-20260315-WA0381.jpg 1268w\" sizes=\"auto, (max-width: 1024px) 100vw, 1024px\" \/><\/figure>\n\n\n\n<p>De acordo com Celso Luiz, a edi\u00e7\u00e3o de 2026 tem expectativa de superar os resultados alcan\u00e7ados em anos anteriores. Segundo ele, a coleta seletiva dentro do parque tecnol\u00f3gico ser\u00e1 realizada em parceria entre Seas, Sebrae e as cooperativas de catadores. \u201cO Sebrae ser\u00e1 respons\u00e1vel pela estrutura, alimenta\u00e7\u00e3o e hospedagem dos catadores, enquanto a Seas far\u00e1 o pagamento pelos servi\u00e7os. J\u00e1 as cooperativas ficar\u00e3o encarregadas da coleta e da destina\u00e7\u00e3o adequada dos materiais recicl\u00e1veis\u201d, explicou o presidente.<\/p>\n\n\n\n<p>Uma das novidades previstas para este ano ser\u00e1 a amplia\u00e7\u00e3o das a\u00e7\u00f5es de incentivo \u00e0 participa\u00e7\u00e3o do p\u00fablico e dos expositores na separa\u00e7\u00e3o correta dos res\u00edduos. A proposta inclui a cria\u00e7\u00e3o de mecanismos de premia\u00e7\u00e3o e certifica\u00e7\u00e3o para os estandes que mais colaborarem com a coleta seletiva. <\/p>\n\n\n\n<figure class=\"wp-block-image size-large\"><img loading=\"lazy\" decoding=\"async\" width=\"1024\" height=\"869\" src=\"https:\/\/vipfesta.com.br\/vipfesta\/wp-content\/uploads\/2026\/03\/IMG-20260315-WA0383-1-1024x869.jpg\" alt=\"\" class=\"wp-image-59781\" srcset=\"https:\/\/vipfesta.com.br\/vipfesta\/wp-content\/uploads\/2026\/03\/IMG-20260315-WA0383-1-1024x869.jpg 1024w, https:\/\/vipfesta.com.br\/vipfesta\/wp-content\/uploads\/2026\/03\/IMG-20260315-WA0383-1-300x255.jpg 300w, https:\/\/vipfesta.com.br\/vipfesta\/wp-content\/uploads\/2026\/03\/IMG-20260315-WA0383-1-768x652.jpg 768w, https:\/\/vipfesta.com.br\/vipfesta\/wp-content\/uploads\/2026\/03\/IMG-20260315-WA0383-1-100x85.jpg 100w, https:\/\/vipfesta.com.br\/vipfesta\/wp-content\/uploads\/2026\/03\/IMG-20260315-WA0383-1.jpg 1203w\" sizes=\"auto, (max-width: 1024px) 100vw, 1024px\" \/><\/figure>\n\n\n\n<p>Entre as iniciativas est\u00e1 a circula\u00e7\u00e3o de um triciclo dentro do parque de exposi\u00e7\u00f5es, respons\u00e1vel por recolher os materiais recicl\u00e1veis e distribuir sacolas para os estandes. Os participantes que mais contribu\u00edrem com a separa\u00e7\u00e3o dos res\u00edduos poder\u00e3o receber reconhecimento durante o evento.<\/p>\n\n\n\n<p>\u201cQueremos estimular expositores e visitantes a participarem da coleta seletiva. A ideia \u00e9 premiar quem mais colaborar. Com isso, os catadores ganham com os recicl\u00e1veis, o governo fortalece a pol\u00edtica ambiental e social do evento, a prefeitura economiza ao reduzir o volume de res\u00edduos destinados ao aterro sanit\u00e1rio e a feira avan\u00e7a na certifica\u00e7\u00e3o como evento sustent\u00e1vel\u201d, destacou Celso Luiz. <\/p>\n\n\n\n<figure class=\"wp-block-image size-large\"><img loading=\"lazy\" decoding=\"async\" width=\"1024\" height=\"576\" src=\"https:\/\/vipfesta.com.br\/vipfesta\/wp-content\/uploads\/2026\/03\/IMG-20260315-WA0382-1024x576.jpg\" alt=\"\" class=\"wp-image-59779\" srcset=\"https:\/\/vipfesta.com.br\/vipfesta\/wp-content\/uploads\/2026\/03\/IMG-20260315-WA0382-1024x576.jpg 1024w, https:\/\/vipfesta.com.br\/vipfesta\/wp-content\/uploads\/2026\/03\/IMG-20260315-WA0382-300x169.jpg 300w, https:\/\/vipfesta.com.br\/vipfesta\/wp-content\/uploads\/2026\/03\/IMG-20260315-WA0382-768x432.jpg 768w, https:\/\/vipfesta.com.br\/vipfesta\/wp-content\/uploads\/2026\/03\/IMG-20260315-WA0382-100x56.jpg 100w, https:\/\/vipfesta.com.br\/vipfesta\/wp-content\/uploads\/2026\/03\/IMG-20260315-WA0382-1536x864.jpg 1536w, https:\/\/vipfesta.com.br\/vipfesta\/wp-content\/uploads\/2026\/03\/IMG-20260315-WA0382.jpg 1600w\" sizes=\"auto, (max-width: 1024px) 100vw, 1024px\" \/><\/figure>\n\n\n\n<p>Na 12\u00aa edi\u00e7\u00e3o da Rond\u00f4nia Rural Show Internacional, realizada em 2025, a Coocamarji recolheu aproximadamente 11 toneladas de res\u00edduos s\u00f3lidos. O trabalho contou com a atua\u00e7\u00e3o de 28 catadores e marcou a implanta\u00e7\u00e3o do primeiro centro de triagem de materiais recicl\u00e1veis dentro da feira.<\/p>\n\n\n\n<p>Fotos: Coocamarji<br>Texto: Natalino FS.<\/p>\n","protected":false},"excerpt":{"rendered":"<p>A Cooperativa dos Catadores de Materiais Recicl\u00e1veis de Ji-Paran\u00e1 (Coocamarji) confirmou participa\u00e7\u00e3o na 13\u00aa edi\u00e7\u00e3o da Rond\u00f4nia Rural Show Internacional,<\/p>\n","protected":false},"author":1,"featured_media":59775,"comment_status":"closed","ping_status":"open","sticky":false,"template":"","format":"standard","meta":{"colormag_page_container_layout":"default_layout","colormag_page_sidebar_layout":"default_layout","footnotes":""},"categories":[471,438,466],"tags":[105],"class_list":["post-59774","post","type-post","status-publish","format-standard","has-post-thumbnail","hentry","category-meio-ambiente","category-rondonia-rural-show","category-utilidade-publica","tag-rondonia-rural-show"],"_links":{"self":[{"href":"https:\/\/vipfesta.com.br\/vipfesta\/wp-json\/wp\/v2\/posts\/59774","targetHints":{"allow":["GET"]}}],"collection":[{"href":"https:\/\/vipfesta.com.br\/vipfesta\/wp-json\/wp\/v2\/posts"}],"about":[{"href":"https:\/\/vipfesta.com.br\/vipfesta\/wp-json\/wp\/v2\/types\/post"}],"author":[{"embeddable":true,"href":"https:\/\/vipfesta.com.br\/vipfesta\/wp-json\/wp\/v2\/users\/1"}],"replies":[{"embeddable":true,"href":"https:\/\/vipfesta.com.br\/vipfesta\/wp-json\/wp\/v2\/comments?post=59774"}],"version-history":[{"count":2,"href":"https:\/\/vipfesta.com.br\/vipfesta\/wp-json\/wp\/v2\/posts\/59774\/revisions"}],"predecessor-version":[{"id":59782,"href":"https:\/\/vipfesta.com.br\/vipfesta\/wp-json\/wp\/v2\/posts\/59774\/revisions\/59782"}],"wp:featuredmedia":[{"embeddable":true,"href":"https:\/\/vipfesta.com.br\/vipfesta\/wp-json\/wp\/v2\/media\/59775"}],"wp:attachment":[{"href":"https:\/\/vipfesta.com.br\/vipfesta\/wp-json\/wp\/v2\/media?parent=59774"}],"wp:term":[{"taxonomy":"category","embeddable":true,"href":"https:\/\/vipfesta.com.br\/vipfesta\/wp-json\/wp\/v2\/categories?post=59774"},{"taxonomy":"post_tag","embeddable":true,"href":"https:\/\/vipfesta.com.br\/vipfesta\/wp-json\/wp\/v2\/tags?post=59774"}],"curies":[{"name":"wp","href":"https:\/\/api.w.org\/{rel}","templated":true}]}}