{"id":58551,"date":"2026-01-06T16:12:59","date_gmt":"2026-01-06T20:12:59","guid":{"rendered":"https:\/\/vipfesta.com.br\/vipfesta\/?p=58551"},"modified":"2026-01-06T16:13:51","modified_gmt":"2026-01-06T20:13:51","slug":"formatura-15","status":"publish","type":"post","link":"https:\/\/vipfesta.com.br\/vipfesta\/formatura-15\/","title":{"rendered":"Prefeitura conclui forma\u00e7\u00f5es escolares na rede municipal de ensino"},"content":{"rendered":"\n<figure class=\"wp-block-image size-large\"><img loading=\"lazy\" decoding=\"async\" width=\"1024\" height=\"768\" src=\"https:\/\/vipfesta.com.br\/vipfesta\/wp-content\/uploads\/2026\/01\/Formacao.Semed-92-1024x768.jpg\" alt=\"\" class=\"wp-image-58552\" srcset=\"https:\/\/vipfesta.com.br\/vipfesta\/wp-content\/uploads\/2026\/01\/Formacao.Semed-92-1024x768.jpg 1024w, https:\/\/vipfesta.com.br\/vipfesta\/wp-content\/uploads\/2026\/01\/Formacao.Semed-92-300x225.jpg 300w, https:\/\/vipfesta.com.br\/vipfesta\/wp-content\/uploads\/2026\/01\/Formacao.Semed-92-768x576.jpg 768w, https:\/\/vipfesta.com.br\/vipfesta\/wp-content\/uploads\/2026\/01\/Formacao.Semed-92-100x75.jpg 100w, https:\/\/vipfesta.com.br\/vipfesta\/wp-content\/uploads\/2026\/01\/Formacao.Semed-92-1536x1152.jpg 1536w, https:\/\/vipfesta.com.br\/vipfesta\/wp-content\/uploads\/2026\/01\/Formacao.Semed-92.jpg 1600w\" sizes=\"auto, (max-width: 1024px) 100vw, 1024px\" \/><\/figure>\n\n\n\n<p><\/p>\n\n\n\n<p>A Prefeitura de Ji-Paran\u00e1, por meio da Secretaria Municipal de Educa\u00e7\u00e3o (Semed), concluiu as etapas de forma\u00e7\u00f5es escolares de mais de 1.600 estudantes da rede municipal de ensino. Eles finalizaram o Pr\u00e9 I, Pr\u00e9 II, 5\u00ba e 9\u00ba ano, distribu\u00eddos entre as 36 escolas municipais, resultado que reafirma o compromisso da gest\u00e3o com uma educa\u00e7\u00e3o p\u00fablica de qualidade.<\/p>\n\n\n\n<p>O prefeito Affonso C\u00e2ndido (PL) afirmou que os avan\u00e7os s\u00e3o fruto de planejamento, investimento e do trabalho coletivo desenvolvido ao longo do ano letivo. Segundo ele, a educa\u00e7\u00e3o segue como uma das prioridades da administra\u00e7\u00e3o municipal, pelo papel fundamental na constru\u00e7\u00e3o do futuro das crian\u00e7as e adolescentes. <\/p>\n\n\n\n<figure class=\"wp-block-image size-large\"><img loading=\"lazy\" decoding=\"async\" width=\"1024\" height=\"768\" src=\"https:\/\/vipfesta.com.br\/vipfesta\/wp-content\/uploads\/2026\/01\/Formacao.Semed-32-1024x768.jpg\" alt=\"\" class=\"wp-image-58553\" srcset=\"https:\/\/vipfesta.com.br\/vipfesta\/wp-content\/uploads\/2026\/01\/Formacao.Semed-32-1024x768.jpg 1024w, https:\/\/vipfesta.com.br\/vipfesta\/wp-content\/uploads\/2026\/01\/Formacao.Semed-32-300x225.jpg 300w, https:\/\/vipfesta.com.br\/vipfesta\/wp-content\/uploads\/2026\/01\/Formacao.Semed-32-768x576.jpg 768w, https:\/\/vipfesta.com.br\/vipfesta\/wp-content\/uploads\/2026\/01\/Formacao.Semed-32-100x75.jpg 100w, https:\/\/vipfesta.com.br\/vipfesta\/wp-content\/uploads\/2026\/01\/Formacao.Semed-32-1536x1152.jpg 1536w, https:\/\/vipfesta.com.br\/vipfesta\/wp-content\/uploads\/2026\/01\/Formacao.Semed-32.jpg 1600w\" sizes=\"auto, (max-width: 1024px) 100vw, 1024px\" \/><\/figure>\n\n\n\n<p>O secret\u00e1rio municipal de Educa\u00e7\u00e3o, Robson Casula, ressaltou que os n\u00fameros refletem o empenho di\u00e1rio de toda a rede. \u201cCada estudante que conclui uma etapa representa o esfor\u00e7o conjunto de professores, gestores, coordenadores, equipes pedag\u00f3gicas, servidores administrativos e profissionais de apoio, que se dedicam diariamente para garantir um ensino de qualidade\u201d,frisou. <\/p>\n\n\n\n<figure class=\"wp-block-image size-large\"><img loading=\"lazy\" decoding=\"async\" width=\"1024\" height=\"768\" src=\"https:\/\/vipfesta.com.br\/vipfesta\/wp-content\/uploads\/2026\/01\/Formacao.Semed-22-1024x768.jpg\" alt=\"\" class=\"wp-image-58554\" srcset=\"https:\/\/vipfesta.com.br\/vipfesta\/wp-content\/uploads\/2026\/01\/Formacao.Semed-22-1024x768.jpg 1024w, https:\/\/vipfesta.com.br\/vipfesta\/wp-content\/uploads\/2026\/01\/Formacao.Semed-22-300x225.jpg 300w, https:\/\/vipfesta.com.br\/vipfesta\/wp-content\/uploads\/2026\/01\/Formacao.Semed-22-768x576.jpg 768w, https:\/\/vipfesta.com.br\/vipfesta\/wp-content\/uploads\/2026\/01\/Formacao.Semed-22-100x75.jpg 100w, https:\/\/vipfesta.com.br\/vipfesta\/wp-content\/uploads\/2026\/01\/Formacao.Semed-22.jpg 1439w\" sizes=\"auto, (max-width: 1024px) 100vw, 1024px\" \/><\/figure>\n\n\n\n<p>A Semed agradece a todos os servidores e servidoras que contribu\u00edram para o resultado, e reconhece neles o comprometimento, a responsabilidade e o cuidado com que cada profissional exerce sua fun\u00e7\u00e3o nas unidades escolares. Conclu\u00edram no Pr\u00e9 I (601), Pr\u00e9 II (657), 5\u00ba (344) e 9\u00ba ano (73).<\/p>\n\n\n\n<p>O encerramento das etapas \u00e9 a consolida\u00e7\u00e3o de importantes ciclos educacionais e o in\u00edcio de novos desafios para os estudantes, fortalecendo o compromisso da prefeitura com uma educa\u00e7\u00e3o inclusiva, humanizada e transformadora.<\/p>\n\n\n\n<p>Decom\/Texto: Assessoria Semed<\/p>\n\n\n\n<p>Foto: Assessoria Semed<\/p>\n\n\n\n<p><\/p>\n","protected":false},"excerpt":{"rendered":"<p>A Prefeitura de Ji-Paran\u00e1, por meio da Secretaria Municipal de Educa\u00e7\u00e3o (Semed), concluiu as etapas de forma\u00e7\u00f5es escolares de mais<\/p>\n","protected":false},"author":1,"featured_media":58552,"comment_status":"closed","ping_status":"open","sticky":false,"template":"","format":"standard","meta":{"colormag_page_container_layout":"default_layout","colormag_page_sidebar_layout":"default_layout","footnotes":""},"categories":[296,1],"tags":[10,36],"class_list":["post-58551","post","type-post","status-publish","format-standard","has-post-thumbnail","hentry","category-formatura","category-news","tag-formatura","tag-prefeitura"],"_links":{"self":[{"href":"https:\/\/vipfesta.com.br\/vipfesta\/wp-json\/wp\/v2\/posts\/58551","targetHints":{"allow":["GET"]}}],"collection":[{"href":"https:\/\/vipfesta.com.br\/vipfesta\/wp-json\/wp\/v2\/posts"}],"about":[{"href":"https:\/\/vipfesta.com.br\/vipfesta\/wp-json\/wp\/v2\/types\/post"}],"author":[{"embeddable":true,"href":"https:\/\/vipfesta.com.br\/vipfesta\/wp-json\/wp\/v2\/users\/1"}],"replies":[{"embeddable":true,"href":"https:\/\/vipfesta.com.br\/vipfesta\/wp-json\/wp\/v2\/comments?post=58551"}],"version-history":[{"count":2,"href":"https:\/\/vipfesta.com.br\/vipfesta\/wp-json\/wp\/v2\/posts\/58551\/revisions"}],"predecessor-version":[{"id":58556,"href":"https:\/\/vipfesta.com.br\/vipfesta\/wp-json\/wp\/v2\/posts\/58551\/revisions\/58556"}],"wp:featuredmedia":[{"embeddable":true,"href":"https:\/\/vipfesta.com.br\/vipfesta\/wp-json\/wp\/v2\/media\/58552"}],"wp:attachment":[{"href":"https:\/\/vipfesta.com.br\/vipfesta\/wp-json\/wp\/v2\/media?parent=58551"}],"wp:term":[{"taxonomy":"category","embeddable":true,"href":"https:\/\/vipfesta.com.br\/vipfesta\/wp-json\/wp\/v2\/categories?post=58551"},{"taxonomy":"post_tag","embeddable":true,"href":"https:\/\/vipfesta.com.br\/vipfesta\/wp-json\/wp\/v2\/tags?post=58551"}],"curies":[{"name":"wp","href":"https:\/\/api.w.org\/{rel}","templated":true}]}}