{"id":54269,"date":"2025-05-12T12:32:57","date_gmt":"2025-05-12T16:32:57","guid":{"rendered":"https:\/\/vipfesta.com.br\/vipfesta\/?p=54269"},"modified":"2025-05-12T13:53:06","modified_gmt":"2025-05-12T17:53:06","slug":"prefeitura-110","status":"publish","type":"post","link":"https:\/\/vipfesta.com.br\/vipfesta\/prefeitura-110\/","title":{"rendered":"Prefeitura de Ji-Paran\u00e1 lan\u00e7a projeto social \u201cAbra\u00e7o Acolhedor\u201d"},"content":{"rendered":"\n<figure class=\"wp-block-image size-large\"><img loading=\"lazy\" decoding=\"async\" width=\"1024\" height=\"768\" src=\"https:\/\/vipfesta.com.br\/vipfesta\/wp-content\/uploads\/2025\/05\/f7e5875d-8593-405d-8cbc-03489bd8fcec-1024x768.jpg\" alt=\"\" class=\"wp-image-54270\" srcset=\"https:\/\/vipfesta.com.br\/vipfesta\/wp-content\/uploads\/2025\/05\/f7e5875d-8593-405d-8cbc-03489bd8fcec-1024x768.jpg 1024w, https:\/\/vipfesta.com.br\/vipfesta\/wp-content\/uploads\/2025\/05\/f7e5875d-8593-405d-8cbc-03489bd8fcec-300x225.jpg 300w, https:\/\/vipfesta.com.br\/vipfesta\/wp-content\/uploads\/2025\/05\/f7e5875d-8593-405d-8cbc-03489bd8fcec-768x576.jpg 768w, https:\/\/vipfesta.com.br\/vipfesta\/wp-content\/uploads\/2025\/05\/f7e5875d-8593-405d-8cbc-03489bd8fcec-150x113.jpg 150w, https:\/\/vipfesta.com.br\/vipfesta\/wp-content\/uploads\/2025\/05\/f7e5875d-8593-405d-8cbc-03489bd8fcec.jpg 1280w\" sizes=\"auto, (max-width: 1024px) 100vw, 1024px\" \/><\/figure>\n\n\n\n<p><\/p>\n\n\n\n<p>A Prefeitura de Ji-Paran\u00e1, por meio da Secretaria Municipal de Assist\u00eancia Social e Fam\u00edlia (Semasf), lan\u00e7ou na manh\u00e3 de s\u00e1bado (10), no audit\u00f3rio Leila Barreiros, o projeto social \u201cAbra\u00e7o Acolhedor\u201d. A cerim\u00f4nia integrou o encerramento da Semana das M\u00e3es At\u00edpicas e teve como objetivo apresentar a iniciativa que busca apoiar e valorizar m\u00e3es de crian\u00e7as com necessidades especiais, reconhecendo o papel fundamental que exercem na vida de seus filhos.<\/p>\n\n\n\n<p>O lan\u00e7amento contou com a presen\u00e7a do prefeito Affonso C\u00e2ndido (PL) e da vice-prefeita Marley Muniz (PL), al\u00e9m dos vereadores Wallison Amaro \u2013 autor do projeto \u2013, Wilian C\u00e2ndido (Republicanos), Marcelo Lemos (Republicanos), presidente da C\u00e2mara Municipal, e da secret\u00e1ria de Assist\u00eancia Social e Fam\u00edlia, Sirlene Muniz Ferreira e C\u00e2ndido. Tamb\u00e9m participou o superintendente Especial de Inclus\u00e3o e Atendimento Educacional Especializado para Pessoas com Transtorno do Espectro Autista, Ageu Lacerda. <\/p>\n\n\n\n<figure class=\"wp-block-image size-large\"><img loading=\"lazy\" decoding=\"async\" width=\"1024\" height=\"768\" src=\"https:\/\/vipfesta.com.br\/vipfesta\/wp-content\/uploads\/2025\/05\/f287d58d-ca24-43fd-b254-2b15b9dbc938-1024x768.jpg\" alt=\"\" class=\"wp-image-54271\" srcset=\"https:\/\/vipfesta.com.br\/vipfesta\/wp-content\/uploads\/2025\/05\/f287d58d-ca24-43fd-b254-2b15b9dbc938-1024x768.jpg 1024w, https:\/\/vipfesta.com.br\/vipfesta\/wp-content\/uploads\/2025\/05\/f287d58d-ca24-43fd-b254-2b15b9dbc938-300x225.jpg 300w, https:\/\/vipfesta.com.br\/vipfesta\/wp-content\/uploads\/2025\/05\/f287d58d-ca24-43fd-b254-2b15b9dbc938-768x576.jpg 768w, https:\/\/vipfesta.com.br\/vipfesta\/wp-content\/uploads\/2025\/05\/f287d58d-ca24-43fd-b254-2b15b9dbc938-150x113.jpg 150w, https:\/\/vipfesta.com.br\/vipfesta\/wp-content\/uploads\/2025\/05\/f287d58d-ca24-43fd-b254-2b15b9dbc938.jpg 1280w\" sizes=\"auto, (max-width: 1024px) 100vw, 1024px\" \/><\/figure>\n\n\n\n<p>A administra\u00e7\u00e3o municipal refor\u00e7ou seu compromisso com pol\u00edticas p\u00fablicas que promovam inclus\u00e3o e respeito \u00e0s diferen\u00e7as, com \u00eanfase no cuidado e acolhimento das m\u00e3es que enfrentam os desafios cotidianos no acompanhamento de seus filhos. \u201cAo ouvir os relatos dessas m\u00e3es, conseguimos entender melhor como agir para melhorar nosso apoio. Hoje, sentimos que estamos no caminho certo\u201d, afirmou o prefeito Affonso C\u00e2ndido.<\/p>\n\n\n\n<p>Para a secret\u00e1ria Sirlene Muniz Ferreira e C\u00e2ndido, o \u201cAbra\u00e7o Acolhedor\u201d representa o compromisso da gest\u00e3o em fortalecer o apoio \u00e0s fam\u00edlias at\u00edpicas. \u201cNosso objetivo \u00e9 mostrar \u00e0s m\u00e3es at\u00edpicas que elas n\u00e3o est\u00e3o sozinhas. Estamos construindo uma rede preparada para acolher, entender e agir com empatia e conhecimento\u201d, destacou.<\/p>\n\n\n\n<p>O evento foi encerrado com a palestra da psic\u00f3loga T\u00e9rcia Mar\u00edlia Martins, mestre em Dist\u00farbios do Desenvolvimento, supervisora ABA, analista do comportamento e treinadora certificada no Programa de Gerenciamento de Crises (PCM), que trouxe reflex\u00f5es e orienta\u00e7\u00f5es importantes para as fam\u00edlias presentes.<\/p>\n\n\n\n<p>Texto: Natalino Ferreira Soares<\/p>\n\n\n\n<p>Fotos: Bruno Perazzoli<\/p>\n","protected":false},"excerpt":{"rendered":"<p>A Prefeitura de Ji-Paran\u00e1, por meio da Secretaria Municipal de Assist\u00eancia Social e Fam\u00edlia (Semasf), lan\u00e7ou na manh\u00e3 de s\u00e1bado<\/p>\n","protected":false},"author":1,"featured_media":54270,"comment_status":"closed","ping_status":"open","sticky":false,"template":"","format":"standard","meta":{"colormag_page_container_layout":"default_layout","colormag_page_sidebar_layout":"default_layout","footnotes":""},"categories":[283,347],"tags":[1105],"class_list":["post-54269","post","type-post","status-publish","format-standard","has-post-thumbnail","hentry","category-cidades","category-jiparana","tag-palestras"],"_links":{"self":[{"href":"https:\/\/vipfesta.com.br\/vipfesta\/wp-json\/wp\/v2\/posts\/54269","targetHints":{"allow":["GET"]}}],"collection":[{"href":"https:\/\/vipfesta.com.br\/vipfesta\/wp-json\/wp\/v2\/posts"}],"about":[{"href":"https:\/\/vipfesta.com.br\/vipfesta\/wp-json\/wp\/v2\/types\/post"}],"author":[{"embeddable":true,"href":"https:\/\/vipfesta.com.br\/vipfesta\/wp-json\/wp\/v2\/users\/1"}],"replies":[{"embeddable":true,"href":"https:\/\/vipfesta.com.br\/vipfesta\/wp-json\/wp\/v2\/comments?post=54269"}],"version-history":[{"count":2,"href":"https:\/\/vipfesta.com.br\/vipfesta\/wp-json\/wp\/v2\/posts\/54269\/revisions"}],"predecessor-version":[{"id":54273,"href":"https:\/\/vipfesta.com.br\/vipfesta\/wp-json\/wp\/v2\/posts\/54269\/revisions\/54273"}],"wp:featuredmedia":[{"embeddable":true,"href":"https:\/\/vipfesta.com.br\/vipfesta\/wp-json\/wp\/v2\/media\/54270"}],"wp:attachment":[{"href":"https:\/\/vipfesta.com.br\/vipfesta\/wp-json\/wp\/v2\/media?parent=54269"}],"wp:term":[{"taxonomy":"category","embeddable":true,"href":"https:\/\/vipfesta.com.br\/vipfesta\/wp-json\/wp\/v2\/categories?post=54269"},{"taxonomy":"post_tag","embeddable":true,"href":"https:\/\/vipfesta.com.br\/vipfesta\/wp-json\/wp\/v2\/tags?post=54269"}],"curies":[{"name":"wp","href":"https:\/\/api.w.org\/{rel}","templated":true}]}}