{"id":53935,"date":"2025-04-25T13:59:12","date_gmt":"2025-04-25T17:59:12","guid":{"rendered":"https:\/\/vipfesta.com.br\/vipfesta\/?p=53935"},"modified":"2025-04-25T14:07:03","modified_gmt":"2025-04-25T18:07:03","slug":"prefeitura-101","status":"publish","type":"post","link":"https:\/\/vipfesta.com.br\/vipfesta\/prefeitura-101\/","title":{"rendered":"Prefeitura intensifica manuten\u00e7\u00e3o vi\u00e1ria e avan\u00e7a com opera\u00e7\u00e3o \u201ctapa-buracos\u201d  em Ji-Paran\u00e1"},"content":{"rendered":"\n<figure class=\"wp-block-image size-large\"><img loading=\"lazy\" decoding=\"async\" width=\"1024\" height=\"768\" src=\"https:\/\/vipfesta.com.br\/vipfesta\/wp-content\/uploads\/2025\/04\/Nivelamento-da-Praca-Orleans-II.-Semosp.-CCS-2.jfif2_-1024x768.jpg\" alt=\"\" class=\"wp-image-53938\" srcset=\"https:\/\/vipfesta.com.br\/vipfesta\/wp-content\/uploads\/2025\/04\/Nivelamento-da-Praca-Orleans-II.-Semosp.-CCS-2.jfif2_-1024x768.jpg 1024w, https:\/\/vipfesta.com.br\/vipfesta\/wp-content\/uploads\/2025\/04\/Nivelamento-da-Praca-Orleans-II.-Semosp.-CCS-2.jfif2_-300x225.jpg 300w, https:\/\/vipfesta.com.br\/vipfesta\/wp-content\/uploads\/2025\/04\/Nivelamento-da-Praca-Orleans-II.-Semosp.-CCS-2.jfif2_-768x576.jpg 768w, https:\/\/vipfesta.com.br\/vipfesta\/wp-content\/uploads\/2025\/04\/Nivelamento-da-Praca-Orleans-II.-Semosp.-CCS-2.jfif2_-150x113.jpg 150w, https:\/\/vipfesta.com.br\/vipfesta\/wp-content\/uploads\/2025\/04\/Nivelamento-da-Praca-Orleans-II.-Semosp.-CCS-2.jfif2_.jpg 1276w\" sizes=\"auto, (max-width: 1024px) 100vw, 1024px\" \/><\/figure>\n\n\n\n<p><\/p>\n\n\n\n<p>Comprometida em melhorar a infraestrutura urbana, a Prefeitura de Ji-Paran\u00e1, com trabalhos da Secretaria Municipal de Obras e Servi\u00e7os P\u00fablicos (Semosp), segue ampliando as a\u00e7\u00f5es de manuten\u00e7\u00e3o vi\u00e1ria em bairros e nos distritos da cidade.<\/p>\n\n\n\n<p>Al\u00e9m das interven\u00e7\u00f5es na \u00e1rea urbana, as equipes tamb\u00e9m intensificaram os servi\u00e7os na zona rural.&nbsp;De acordo com o titular da Semosp, Cleber Littig, mesmo no per\u00edodo chuvoso, os trabalhos foram mantidos para garantir acesso \u00e0s estradas vicinais. &nbsp;<\/p>\n\n\n\n<p>Ele afirmou que o prefeito Affonso C\u00e2ndido (PL) determinou que o tr\u00e1fego das estradas rurais fosse garantido. \u201cNeste per\u00edodo, todos os pontos de tiveram interdi\u00e7\u00e3o parcial foram liberados. As chuvas atrasaram, mas n\u00e3o comprometeram os servi\u00e7os\u201d, garantiu. <\/p>\n\n\n\n<figure class=\"wp-block-image size-large\"><img loading=\"lazy\" decoding=\"async\" width=\"1024\" height=\"576\" src=\"https:\/\/vipfesta.com.br\/vipfesta\/wp-content\/uploads\/2025\/04\/Construcao-de-Galerias.-Semosp.-CCS-1.jfif2_-1024x576.jpg\" alt=\"\" class=\"wp-image-53942\" srcset=\"https:\/\/vipfesta.com.br\/vipfesta\/wp-content\/uploads\/2025\/04\/Construcao-de-Galerias.-Semosp.-CCS-1.jfif2_-1024x576.jpg 1024w, https:\/\/vipfesta.com.br\/vipfesta\/wp-content\/uploads\/2025\/04\/Construcao-de-Galerias.-Semosp.-CCS-1.jfif2_-300x169.jpg 300w, https:\/\/vipfesta.com.br\/vipfesta\/wp-content\/uploads\/2025\/04\/Construcao-de-Galerias.-Semosp.-CCS-1.jfif2_-768x432.jpg 768w, https:\/\/vipfesta.com.br\/vipfesta\/wp-content\/uploads\/2025\/04\/Construcao-de-Galerias.-Semosp.-CCS-1.jfif2_-150x84.jpg 150w, https:\/\/vipfesta.com.br\/vipfesta\/wp-content\/uploads\/2025\/04\/Construcao-de-Galerias.-Semosp.-CCS-1.jfif2_.jpg 1280w\" sizes=\"auto, (max-width: 1024px) 100vw, 1024px\" \/><\/figure>\n\n\n\n<p>Nesta semana, as equipes atuaram na retirada de ponto de cr\u00edtico na Linha 98 e recupera\u00e7\u00e3o de trechos da Linha 86, no Distrito de Nova Colina. E encascalhamento em ramais (transversais) da RO-135, pr\u00f3ximo ao Distrito de Londrina.<\/p>\n\n\n\n<p>Em janeiro, os trabalhos da opera\u00e7\u00e3o tapa-buracos iniciaram na T-28 (2\u00ba distrito) e, mesmo no per\u00edodo chuvoso, prosseguiram. Na ter\u00e7a-feira (22), os servi\u00e7os prosseguiram na rua Das Flores (entre T-5 e T-7).\u00a0 A Semosp confirmou tamb\u00e9m a constru\u00e7\u00e3o de galerias e bueiros. <\/p>\n\n\n\n<figure class=\"wp-block-image size-large\"><img loading=\"lazy\" decoding=\"async\" width=\"1024\" height=\"768\" src=\"https:\/\/vipfesta.com.br\/vipfesta\/wp-content\/uploads\/2025\/04\/Rua-Das-Flores-entre-T-5-e-T-7.-Semosp.-CCS-2.jfif_-1-1024x768.jpg\" alt=\"\" class=\"wp-image-53944\" srcset=\"https:\/\/vipfesta.com.br\/vipfesta\/wp-content\/uploads\/2025\/04\/Rua-Das-Flores-entre-T-5-e-T-7.-Semosp.-CCS-2.jfif_-1-1024x768.jpg 1024w, https:\/\/vipfesta.com.br\/vipfesta\/wp-content\/uploads\/2025\/04\/Rua-Das-Flores-entre-T-5-e-T-7.-Semosp.-CCS-2.jfif_-1-300x225.jpg 300w, https:\/\/vipfesta.com.br\/vipfesta\/wp-content\/uploads\/2025\/04\/Rua-Das-Flores-entre-T-5-e-T-7.-Semosp.-CCS-2.jfif_-1-768x576.jpg 768w, https:\/\/vipfesta.com.br\/vipfesta\/wp-content\/uploads\/2025\/04\/Rua-Das-Flores-entre-T-5-e-T-7.-Semosp.-CCS-2.jfif_-1-1536x1152.jpg 1536w, https:\/\/vipfesta.com.br\/vipfesta\/wp-content\/uploads\/2025\/04\/Rua-Das-Flores-entre-T-5-e-T-7.-Semosp.-CCS-2.jfif_-1-150x113.jpg 150w, https:\/\/vipfesta.com.br\/vipfesta\/wp-content\/uploads\/2025\/04\/Rua-Das-Flores-entre-T-5-e-T-7.-Semosp.-CCS-2.jfif_-1.jpg 1600w\" sizes=\"auto, (max-width: 1024px) 100vw, 1024px\" \/><\/figure>\n\n\n\n<p>Cleber Littig informou que as obras s\u00e3o necess\u00e1rias para evitar pontos de alagamento e atoleiros que podem dificultar ou impedir o tr\u00e2nsito de ve\u00edculos e pedestres. \u201cS\u00e3o v\u00e1rias frentes que atuam em diferentes bairros para manter o munic\u00edpio com as ruas limpas e organizadas\u201d, frisou.<\/p>\n\n\n\n<p>Ainda nesta semana, foi realizada a limpeza e compacta\u00e7\u00e3o da \u00e1rea para a futura pra\u00e7a do bairro Orleans II (2\u00ba distrito). O local receber\u00e1 recursos de R$ 500 mil do deputado estadual, Nim Barroso (PSD), e ter\u00e1 pista para caminhada e quadra de v\u00f4lei de areia.<\/p>\n\n\n\n<p>A Semosp estima que at\u00e9 15 km de vias foram recuperados nos primeiros quatro meses. De acordo com a pasta, a tend\u00eancia \u00e9 que os trabalhos avancem com o fim das chuvas. \u201cEstamos recuperando nosso parque de m\u00e1quinas para aumentarmos o ritmo de trabalho\u201d, garantiu Littig.<\/p>\n\n\n\n<p>Decom\/Texto: Jairo Ardull<\/p>\n\n\n\n<p>Foto: Equipe Semosp<\/p>\n","protected":false},"excerpt":{"rendered":"<p>Comprometida em melhorar a infraestrutura urbana, a Prefeitura de Ji-Paran\u00e1, com trabalhos da Secretaria Municipal de Obras e Servi\u00e7os P\u00fablicos<\/p>\n","protected":false},"author":1,"featured_media":53938,"comment_status":"closed","ping_status":"open","sticky":false,"template":"","format":"standard","meta":{"colormag_page_container_layout":"default_layout","colormag_page_sidebar_layout":"default_layout","footnotes":""},"categories":[283,347],"tags":[36],"class_list":["post-53935","post","type-post","status-publish","format-standard","has-post-thumbnail","hentry","category-cidades","category-jiparana","tag-prefeitura"],"_links":{"self":[{"href":"https:\/\/vipfesta.com.br\/vipfesta\/wp-json\/wp\/v2\/posts\/53935","targetHints":{"allow":["GET"]}}],"collection":[{"href":"https:\/\/vipfesta.com.br\/vipfesta\/wp-json\/wp\/v2\/posts"}],"about":[{"href":"https:\/\/vipfesta.com.br\/vipfesta\/wp-json\/wp\/v2\/types\/post"}],"author":[{"embeddable":true,"href":"https:\/\/vipfesta.com.br\/vipfesta\/wp-json\/wp\/v2\/users\/1"}],"replies":[{"embeddable":true,"href":"https:\/\/vipfesta.com.br\/vipfesta\/wp-json\/wp\/v2\/comments?post=53935"}],"version-history":[{"count":4,"href":"https:\/\/vipfesta.com.br\/vipfesta\/wp-json\/wp\/v2\/posts\/53935\/revisions"}],"predecessor-version":[{"id":53945,"href":"https:\/\/vipfesta.com.br\/vipfesta\/wp-json\/wp\/v2\/posts\/53935\/revisions\/53945"}],"wp:featuredmedia":[{"embeddable":true,"href":"https:\/\/vipfesta.com.br\/vipfesta\/wp-json\/wp\/v2\/media\/53938"}],"wp:attachment":[{"href":"https:\/\/vipfesta.com.br\/vipfesta\/wp-json\/wp\/v2\/media?parent=53935"}],"wp:term":[{"taxonomy":"category","embeddable":true,"href":"https:\/\/vipfesta.com.br\/vipfesta\/wp-json\/wp\/v2\/categories?post=53935"},{"taxonomy":"post_tag","embeddable":true,"href":"https:\/\/vipfesta.com.br\/vipfesta\/wp-json\/wp\/v2\/tags?post=53935"}],"curies":[{"name":"wp","href":"https:\/\/api.w.org\/{rel}","templated":true}]}}