{"id":53874,"date":"2025-04-23T13:46:48","date_gmt":"2025-04-23T17:46:48","guid":{"rendered":"https:\/\/vipfesta.com.br\/vipfesta\/?p=53874"},"modified":"2025-04-23T13:47:39","modified_gmt":"2025-04-23T17:47:39","slug":"semed-6","status":"publish","type":"post","link":"https:\/\/vipfesta.com.br\/vipfesta\/semed-6\/","title":{"rendered":"Semed recebe Selo Nacional de Compromisso com a Alfabetiza\u00e7\u00e3o"},"content":{"rendered":"\n<figure class=\"wp-block-image size-large\"><img loading=\"lazy\" decoding=\"async\" width=\"1024\" height=\"683\" src=\"https:\/\/vipfesta.com.br\/vipfesta\/wp-content\/uploads\/2025\/04\/WhatsApp-Image-2025-04-23-at-11.35.12-2-1024x683.jpg\" alt=\"\" class=\"wp-image-53875\" srcset=\"https:\/\/vipfesta.com.br\/vipfesta\/wp-content\/uploads\/2025\/04\/WhatsApp-Image-2025-04-23-at-11.35.12-2-1024x683.jpg 1024w, https:\/\/vipfesta.com.br\/vipfesta\/wp-content\/uploads\/2025\/04\/WhatsApp-Image-2025-04-23-at-11.35.12-2-300x200.jpg 300w, https:\/\/vipfesta.com.br\/vipfesta\/wp-content\/uploads\/2025\/04\/WhatsApp-Image-2025-04-23-at-11.35.12-2-768x512.jpg 768w, https:\/\/vipfesta.com.br\/vipfesta\/wp-content\/uploads\/2025\/04\/WhatsApp-Image-2025-04-23-at-11.35.12-2-1536x1024.jpg 1536w, https:\/\/vipfesta.com.br\/vipfesta\/wp-content\/uploads\/2025\/04\/WhatsApp-Image-2025-04-23-at-11.35.12-2-2048x1365.jpg 2048w, https:\/\/vipfesta.com.br\/vipfesta\/wp-content\/uploads\/2025\/04\/WhatsApp-Image-2025-04-23-at-11.35.12-2-150x100.jpg 150w\" sizes=\"auto, (max-width: 1024px) 100vw, 1024px\" \/><\/figure>\n\n\n\n<p><\/p>\n\n\n\n<p>A Prefeitura de Ji-Paran\u00e1, por meio da Secretaria Municipal de Educa\u00e7\u00e3o (Semed) e da Coordenadoria de Alfabetiza\u00e7\u00e3o, recebeu na manh\u00e3 desta quarta-feira (23) o Selo Nacional de Compromisso com a Alfabetiza\u00e7\u00e3o, categoria Ouro. A cerim\u00f4nia de entrega foi promovida pela Secretaria de Estado da Educa\u00e7\u00e3o (Seduc) e integrou a programa\u00e7\u00e3o do Proalfa Rond\u00f4nia \u2013 Programa de Apoio \u00e0 Implementa\u00e7\u00e3o da Pol\u00edtica de Alfabetiza\u00e7\u00e3o do Estado.<\/p>\n\n\n\n<p>O evento reuniu representantes de 33 secretarias municipais de Rond\u00f4nia e reconheceu os munic\u00edpios que cumpriram todos os indicadores exigidos pelo Minist\u00e9rio da Educa\u00e7\u00e3o (MEC) no processo de alfabetiza\u00e7\u00e3o, refor\u00e7ando o compromisso com a alfabetiza\u00e7\u00e3o na idade certa. <\/p>\n\n\n\n<figure class=\"wp-block-image size-large\"><img loading=\"lazy\" decoding=\"async\" width=\"1024\" height=\"682\" src=\"https:\/\/vipfesta.com.br\/vipfesta\/wp-content\/uploads\/2025\/04\/WhatsApp-Image-2025-04-23-at-11.35.12-1024x682.jpg\" alt=\"\" class=\"wp-image-53876\" srcset=\"https:\/\/vipfesta.com.br\/vipfesta\/wp-content\/uploads\/2025\/04\/WhatsApp-Image-2025-04-23-at-11.35.12-1024x682.jpg 1024w, https:\/\/vipfesta.com.br\/vipfesta\/wp-content\/uploads\/2025\/04\/WhatsApp-Image-2025-04-23-at-11.35.12-300x200.jpg 300w, https:\/\/vipfesta.com.br\/vipfesta\/wp-content\/uploads\/2025\/04\/WhatsApp-Image-2025-04-23-at-11.35.12-768x512.jpg 768w, https:\/\/vipfesta.com.br\/vipfesta\/wp-content\/uploads\/2025\/04\/WhatsApp-Image-2025-04-23-at-11.35.12-1536x1024.jpg 1536w, https:\/\/vipfesta.com.br\/vipfesta\/wp-content\/uploads\/2025\/04\/WhatsApp-Image-2025-04-23-at-11.35.12-2048x1365.jpg 2048w, https:\/\/vipfesta.com.br\/vipfesta\/wp-content\/uploads\/2025\/04\/WhatsApp-Image-2025-04-23-at-11.35.12-150x100.jpg 150w\" sizes=\"auto, (max-width: 1024px) 100vw, 1024px\" \/><\/figure>\n\n\n\n<p>Segundo a coordenadora de alfabetiza\u00e7\u00e3o do munic\u00edpio, Alessandra Alves, embora o reconhecimento seja motivo de orgulho, o trabalho continua. \u201cAtualmente, 67% dos estudantes do 2\u00ba ano do ensino fundamental est\u00e3o alfabetizados. A nossa meta \u00e9 alcan\u00e7ar 100% at\u00e9 o final de 2025. Para isso, estamos investindo na forma\u00e7\u00e3o continuada dos profissionais da educa\u00e7\u00e3o e na ado\u00e7\u00e3o de estrat\u00e9gias alinhadas ao plano de governo do prefeito Affonso C\u00e2ndido (PL)\u201d, destacou. <\/p>\n\n\n\n<figure class=\"wp-block-image size-large\"><img loading=\"lazy\" decoding=\"async\" width=\"1024\" height=\"683\" src=\"https:\/\/vipfesta.com.br\/vipfesta\/wp-content\/uploads\/2025\/04\/WhatsApp-Image-2025-04-23-at-11.35.13-1024x683.jpg\" alt=\"\" class=\"wp-image-53877\" srcset=\"https:\/\/vipfesta.com.br\/vipfesta\/wp-content\/uploads\/2025\/04\/WhatsApp-Image-2025-04-23-at-11.35.13-1024x683.jpg 1024w, https:\/\/vipfesta.com.br\/vipfesta\/wp-content\/uploads\/2025\/04\/WhatsApp-Image-2025-04-23-at-11.35.13-300x200.jpg 300w, https:\/\/vipfesta.com.br\/vipfesta\/wp-content\/uploads\/2025\/04\/WhatsApp-Image-2025-04-23-at-11.35.13-768x512.jpg 768w, https:\/\/vipfesta.com.br\/vipfesta\/wp-content\/uploads\/2025\/04\/WhatsApp-Image-2025-04-23-at-11.35.13-1536x1024.jpg 1536w, https:\/\/vipfesta.com.br\/vipfesta\/wp-content\/uploads\/2025\/04\/WhatsApp-Image-2025-04-23-at-11.35.13-2048x1365.jpg 2048w, https:\/\/vipfesta.com.br\/vipfesta\/wp-content\/uploads\/2025\/04\/WhatsApp-Image-2025-04-23-at-11.35.13-150x100.jpg 150w\" sizes=\"auto, (max-width: 1024px) 100vw, 1024px\" \/><\/figure>\n\n\n\n<p>Al\u00e9m da entrega do selo, o evento tamb\u00e9m marcou a realiza\u00e7\u00e3o do I Ciclo Formativo dos Articuladores Regionais e Municipais da Pol\u00edtica de Alfabetiza\u00e7\u00e3o de Rond\u00f4nia, com palestras voltadas ao aprimoramento t\u00e9cnico dos profissionais da \u00e1rea.<\/p>\n\n\n\n<p>A coordenadora enfatizou que a educa\u00e7\u00e3o de Ji-Paran\u00e1 segue em uma trajet\u00f3ria de avan\u00e7os, impulsionada por uma gest\u00e3o que valoriza a forma\u00e7\u00e3o dos servidores e investe na melhoria cont\u00ednua do ensino.<\/p>\n\n\n\n<p>A Prefeitura de Ji-Paran\u00e1 refor\u00e7a seu compromisso com a educa\u00e7\u00e3o p\u00fablica de qualidade e segue adotando medidas concretas para garantir que todas as crian\u00e7as concluam sua trajet\u00f3ria de alfabetiza\u00e7\u00e3o com excel\u00eancia.<br><br>Decom\/Texto: Nat\u00e1lia Pessoa&nbsp;<br>Foto: Bruno Perazzoli&nbsp;<\/p>\n","protected":false},"excerpt":{"rendered":"<p>A Prefeitura de Ji-Paran\u00e1, por meio da Secretaria Municipal de Educa\u00e7\u00e3o (Semed) e da Coordenadoria de Alfabetiza\u00e7\u00e3o, recebeu na manh\u00e3<\/p>\n","protected":false},"author":1,"featured_media":53875,"comment_status":"closed","ping_status":"open","sticky":false,"template":"","format":"standard","meta":{"colormag_page_container_layout":"default_layout","colormag_page_sidebar_layout":"default_layout","footnotes":""},"categories":[341,373,347],"tags":[37,1132],"class_list":["post-53874","post","type-post","status-publish","format-standard","has-post-thumbnail","hentry","category-ciclismo","category-educacao","category-jiparana","tag-educacao","tag-semed"],"_links":{"self":[{"href":"https:\/\/vipfesta.com.br\/vipfesta\/wp-json\/wp\/v2\/posts\/53874","targetHints":{"allow":["GET"]}}],"collection":[{"href":"https:\/\/vipfesta.com.br\/vipfesta\/wp-json\/wp\/v2\/posts"}],"about":[{"href":"https:\/\/vipfesta.com.br\/vipfesta\/wp-json\/wp\/v2\/types\/post"}],"author":[{"embeddable":true,"href":"https:\/\/vipfesta.com.br\/vipfesta\/wp-json\/wp\/v2\/users\/1"}],"replies":[{"embeddable":true,"href":"https:\/\/vipfesta.com.br\/vipfesta\/wp-json\/wp\/v2\/comments?post=53874"}],"version-history":[{"count":2,"href":"https:\/\/vipfesta.com.br\/vipfesta\/wp-json\/wp\/v2\/posts\/53874\/revisions"}],"predecessor-version":[{"id":53879,"href":"https:\/\/vipfesta.com.br\/vipfesta\/wp-json\/wp\/v2\/posts\/53874\/revisions\/53879"}],"wp:featuredmedia":[{"embeddable":true,"href":"https:\/\/vipfesta.com.br\/vipfesta\/wp-json\/wp\/v2\/media\/53875"}],"wp:attachment":[{"href":"https:\/\/vipfesta.com.br\/vipfesta\/wp-json\/wp\/v2\/media?parent=53874"}],"wp:term":[{"taxonomy":"category","embeddable":true,"href":"https:\/\/vipfesta.com.br\/vipfesta\/wp-json\/wp\/v2\/categories?post=53874"},{"taxonomy":"post_tag","embeddable":true,"href":"https:\/\/vipfesta.com.br\/vipfesta\/wp-json\/wp\/v2\/tags?post=53874"}],"curies":[{"name":"wp","href":"https:\/\/api.w.org\/{rel}","templated":true}]}}