{"id":52823,"date":"2025-02-17T22:15:24","date_gmt":"2025-02-18T02:15:24","guid":{"rendered":"https:\/\/vipfesta.com.br\/vipfesta\/?p=52823"},"modified":"2025-02-17T22:15:25","modified_gmt":"2025-02-18T02:15:25","slug":"fanfarra","status":"publish","type":"post","link":"https:\/\/vipfesta.com.br\/vipfesta\/fanfarra\/","title":{"rendered":"Muitas emo\u00e7\u00f5es na confraterniza\u00e7\u00e3o dos veteranos da Fanfarra Julio Guerra"},"content":{"rendered":"\n<figure class=\"wp-block-image size-full\"><img loading=\"lazy\" decoding=\"async\" width=\"960\" height=\"720\" src=\"https:\/\/vipfesta.com.br\/vipfesta\/wp-content\/uploads\/2025\/02\/IMG-20250217-WA04902.jpg\" alt=\"\" class=\"wp-image-52824\" srcset=\"https:\/\/vipfesta.com.br\/vipfesta\/wp-content\/uploads\/2025\/02\/IMG-20250217-WA04902.jpg 960w, https:\/\/vipfesta.com.br\/vipfesta\/wp-content\/uploads\/2025\/02\/IMG-20250217-WA04902-300x225.jpg 300w, https:\/\/vipfesta.com.br\/vipfesta\/wp-content\/uploads\/2025\/02\/IMG-20250217-WA04902-768x576.jpg 768w, https:\/\/vipfesta.com.br\/vipfesta\/wp-content\/uploads\/2025\/02\/IMG-20250217-WA04902-150x113.jpg 150w\" sizes=\"auto, (max-width: 960px) 100vw, 960px\" \/><\/figure>\n\n\n\n<p><\/p>\n\n\n\n<p>No s\u00e1bado, 15 de fevereiro, a sede da Associa\u00e7\u00e3o dos Policiais Civis de Ji-Paran\u00e1 foi palco de uma grande confraterniza\u00e7\u00e3o da Fanfarra do extinto Col\u00e9gio Julio Guerra. O evento reuniu dezenas de entusiastas, m\u00fasicos e, principalmente, veteranos, todos unidos pela paix\u00e3o pelo toque acelerado dos desfiles e pelas emblem\u00e1ticas cores preto e amarelo. O principal objetivo foi resgatar a rica hist\u00f3ria das fanfarras locais dos anos 1980 e 1990. <\/p>\n\n\n\n<figure class=\"wp-block-image size-large\"><img loading=\"lazy\" decoding=\"async\" width=\"1024\" height=\"768\" src=\"https:\/\/vipfesta.com.br\/vipfesta\/wp-content\/uploads\/2025\/02\/IMG-20250217-WA0489-1024x768.jpg\" alt=\"\" class=\"wp-image-52828\" srcset=\"https:\/\/vipfesta.com.br\/vipfesta\/wp-content\/uploads\/2025\/02\/IMG-20250217-WA0489-1024x768.jpg 1024w, https:\/\/vipfesta.com.br\/vipfesta\/wp-content\/uploads\/2025\/02\/IMG-20250217-WA0489-300x225.jpg 300w, https:\/\/vipfesta.com.br\/vipfesta\/wp-content\/uploads\/2025\/02\/IMG-20250217-WA0489-768x576.jpg 768w, https:\/\/vipfesta.com.br\/vipfesta\/wp-content\/uploads\/2025\/02\/IMG-20250217-WA0489-150x113.jpg 150w, https:\/\/vipfesta.com.br\/vipfesta\/wp-content\/uploads\/2025\/02\/IMG-20250217-WA0489.jpg 1280w\" sizes=\"auto, (max-width: 1024px) 100vw, 1024px\" \/><\/figure>\n\n\n\n<p>Idealizado e coordenado pelo maestro e instrutor Vagner Akinori Nakashima, o encontro foi uma verdadeira viagem no tempo. Veteranos de diferentes \u00e9pocas trouxeram suas mem\u00f3rias e hist\u00f3rias, relembrando momentos marcantes, apresenta\u00e7\u00f5es e conquistas que colocaram Ji-Paran\u00e1 em destaque no cen\u00e1rio das fanfarras, acumulando pr\u00eamios em toda a regi\u00e3o.<\/p>\n\n\n\n<p>A programa\u00e7\u00e3o do evento incluiu diversas homenagens e reuniu integrantes de diferentes fases da Fanfarra Julio Guerra. Para completar a atmosfera nost\u00e1lgica e emocionante, os veteranos foram recepcionados ao som de grandes sucessos musicais dos anos 80 e 90, permitindo que revivessem momentos inesquec\u00edveis. <\/p>\n\n\n\n<figure class=\"wp-block-image size-large\"><img loading=\"lazy\" decoding=\"async\" width=\"1024\" height=\"768\" src=\"https:\/\/vipfesta.com.br\/vipfesta\/wp-content\/uploads\/2025\/02\/IMG-20250217-WA0488-1024x768.jpg\" alt=\"\" class=\"wp-image-52829\" srcset=\"https:\/\/vipfesta.com.br\/vipfesta\/wp-content\/uploads\/2025\/02\/IMG-20250217-WA0488-1024x768.jpg 1024w, https:\/\/vipfesta.com.br\/vipfesta\/wp-content\/uploads\/2025\/02\/IMG-20250217-WA0488-300x225.jpg 300w, https:\/\/vipfesta.com.br\/vipfesta\/wp-content\/uploads\/2025\/02\/IMG-20250217-WA0488-768x576.jpg 768w, https:\/\/vipfesta.com.br\/vipfesta\/wp-content\/uploads\/2025\/02\/IMG-20250217-WA0488-150x113.jpg 150w, https:\/\/vipfesta.com.br\/vipfesta\/wp-content\/uploads\/2025\/02\/IMG-20250217-WA0488.jpg 1280w\" sizes=\"auto, (max-width: 1024px) 100vw, 1024px\" \/><\/figure>\n\n\n\n<p>Segundo Vagner Akinori Nakashima, maestro e instrutor, \u00e9 essencial reconhecer o legado deixado por aqueles que constru\u00edram essa hist\u00f3ria. \u201cTemos veteranos das primeiras turmas, e celebrar esses anos \u00e9 uma forma de agradecer por tudo que fizeram. Afinal, s\u00e3o mais de 40 anos de hist\u00f3ria\u201d, afirmou. Ele tamb\u00e9m ressaltou que, de acordo com dados oficiais da Funda\u00e7\u00e3o Cultural de Ji-Paran\u00e1, a Fanfarra Julio Guerra det\u00e9m o maior n\u00famero de t\u00edtulos na regi\u00e3o.<\/p>\n\n\n\n<p>O evento tamb\u00e9m serviu para resgatar as mem\u00f3rias vibrantes das fanfarras do estado de Rond\u00f4nia, conhecidas pelo ritmo contagiante, alegria e diversidade. Os jovens e adolescentes que participaram e contribu\u00edram para essa hist\u00f3ria tiveram um papel fundamental na promo\u00e7\u00e3o da inclus\u00e3o e da cultura, garantindo que o legado das fanfarras continue vivo nas mem\u00f3rias e nos cora\u00e7\u00f5es de todos.<\/p>\n\n\n\n<p>Texto: Natalino Ferreira Soares<\/p>\n","protected":false},"excerpt":{"rendered":"<p>No s\u00e1bado, 15 de fevereiro, a sede da Associa\u00e7\u00e3o dos Policiais Civis de Ji-Paran\u00e1 foi palco de uma grande confraterniza\u00e7\u00e3o<\/p>\n","protected":false},"author":1,"featured_media":52824,"comment_status":"closed","ping_status":"open","sticky":false,"template":"","format":"standard","meta":{"colormag_page_container_layout":"default_layout","colormag_page_sidebar_layout":"default_layout","footnotes":""},"categories":[295],"tags":[84],"class_list":["post-52823","post","type-post","status-publish","format-standard","has-post-thumbnail","hentry","category-entretenimento","tag-fanfarra"],"_links":{"self":[{"href":"https:\/\/vipfesta.com.br\/vipfesta\/wp-json\/wp\/v2\/posts\/52823","targetHints":{"allow":["GET"]}}],"collection":[{"href":"https:\/\/vipfesta.com.br\/vipfesta\/wp-json\/wp\/v2\/posts"}],"about":[{"href":"https:\/\/vipfesta.com.br\/vipfesta\/wp-json\/wp\/v2\/types\/post"}],"author":[{"embeddable":true,"href":"https:\/\/vipfesta.com.br\/vipfesta\/wp-json\/wp\/v2\/users\/1"}],"replies":[{"embeddable":true,"href":"https:\/\/vipfesta.com.br\/vipfesta\/wp-json\/wp\/v2\/comments?post=52823"}],"version-history":[{"count":3,"href":"https:\/\/vipfesta.com.br\/vipfesta\/wp-json\/wp\/v2\/posts\/52823\/revisions"}],"predecessor-version":[{"id":52830,"href":"https:\/\/vipfesta.com.br\/vipfesta\/wp-json\/wp\/v2\/posts\/52823\/revisions\/52830"}],"wp:featuredmedia":[{"embeddable":true,"href":"https:\/\/vipfesta.com.br\/vipfesta\/wp-json\/wp\/v2\/media\/52824"}],"wp:attachment":[{"href":"https:\/\/vipfesta.com.br\/vipfesta\/wp-json\/wp\/v2\/media?parent=52823"}],"wp:term":[{"taxonomy":"category","embeddable":true,"href":"https:\/\/vipfesta.com.br\/vipfesta\/wp-json\/wp\/v2\/categories?post=52823"},{"taxonomy":"post_tag","embeddable":true,"href":"https:\/\/vipfesta.com.br\/vipfesta\/wp-json\/wp\/v2\/tags?post=52823"}],"curies":[{"name":"wp","href":"https:\/\/api.w.org\/{rel}","templated":true}]}}