{"id":52640,"date":"2025-02-04T13:19:55","date_gmt":"2025-02-04T17:19:55","guid":{"rendered":"https:\/\/vipfesta.com.br\/vipfesta\/?p=52640"},"modified":"2025-02-04T13:30:58","modified_gmt":"2025-02-04T17:30:58","slug":"teatro-2","status":"publish","type":"post","link":"https:\/\/vipfesta.com.br\/vipfesta\/teatro-2\/","title":{"rendered":"Inscri\u00e7\u00f5es abertas para o 3\u00ba Guirii \u2013 Festival Amaz\u00f4nico de Conta\u00e7\u00e3o de Hist\u00f3ria"},"content":{"rendered":"\n<figure class=\"wp-block-image size-large\"><img loading=\"lazy\" decoding=\"async\" width=\"1024\" height=\"682\" src=\"https:\/\/vipfesta.com.br\/vipfesta\/wp-content\/uploads\/2025\/02\/IMG-20250204-WA02652-1024x682.jpg\" alt=\"\" class=\"wp-image-52641\" srcset=\"https:\/\/vipfesta.com.br\/vipfesta\/wp-content\/uploads\/2025\/02\/IMG-20250204-WA02652-1024x682.jpg 1024w, https:\/\/vipfesta.com.br\/vipfesta\/wp-content\/uploads\/2025\/02\/IMG-20250204-WA02652-300x200.jpg 300w, https:\/\/vipfesta.com.br\/vipfesta\/wp-content\/uploads\/2025\/02\/IMG-20250204-WA02652-768x512.jpg 768w, https:\/\/vipfesta.com.br\/vipfesta\/wp-content\/uploads\/2025\/02\/IMG-20250204-WA02652-1536x1023.jpg 1536w, https:\/\/vipfesta.com.br\/vipfesta\/wp-content\/uploads\/2025\/02\/IMG-20250204-WA02652-150x100.jpg 150w, https:\/\/vipfesta.com.br\/vipfesta\/wp-content\/uploads\/2025\/02\/IMG-20250204-WA02652.jpg 1600w\" sizes=\"auto, (max-width: 1024px) 100vw, 1024px\" \/><figcaption class=\"wp-element-caption\">Contadores de hist\u00f3rias de todo o Brasil podem ser inscrever atrav\u00e9s da internet<\/figcaption><\/figure>\n\n\n\n<p><\/p>\n\n\n\n<p>Est\u00e3o abertas as inscri\u00e7\u00f5es para o 3\u00ba Guirii \u2013 Festival Amaz\u00f4nico de Conta\u00e7\u00e3o de Hist\u00f3ria, um evento realizado pela Fada Inad Produtora Cultural e voltado ao p\u00fablico infantil. O festival tem como objetivo oferecer conte\u00fado art\u00edstico e cultural de qualidade para crian\u00e7as, al\u00e9m de promover a cultura amaz\u00f4nica e fortalecer o nome do estado de Rond\u00f4nia em todo o pa\u00eds. \u201cEstamos ansiosos para a edi\u00e7\u00e3o de 2025 que ser\u00e1 realizada no formato h\u00edbrido, com atividades presenciais e online\u201d, destacou Daniele Silva, produtora cultural.<\/p>\n\n\n\n<p>O projeto conta com o apoio da Lei Federal Paulo Gustavo (Lei n\u00ba 195\/2022) e do Governo de Rond\u00f4nia, por meio da Superintend\u00eancia Estadual da Juventude, Cultura, Esporte e Lazer (Sejucel). <\/p>\n\n\n\n<figure class=\"wp-block-image size-full\"><img loading=\"lazy\" decoding=\"async\" width=\"900\" height=\"900\" src=\"https:\/\/vipfesta.com.br\/vipfesta\/wp-content\/uploads\/2025\/02\/IMG-20250204-WA0264.jpg\" alt=\"\" class=\"wp-image-52642\" srcset=\"https:\/\/vipfesta.com.br\/vipfesta\/wp-content\/uploads\/2025\/02\/IMG-20250204-WA0264.jpg 900w, https:\/\/vipfesta.com.br\/vipfesta\/wp-content\/uploads\/2025\/02\/IMG-20250204-WA0264-300x300.jpg 300w, https:\/\/vipfesta.com.br\/vipfesta\/wp-content\/uploads\/2025\/02\/IMG-20250204-WA0264-150x150.jpg 150w, https:\/\/vipfesta.com.br\/vipfesta\/wp-content\/uploads\/2025\/02\/IMG-20250204-WA0264-768x768.jpg 768w, https:\/\/vipfesta.com.br\/vipfesta\/wp-content\/uploads\/2025\/02\/IMG-20250204-WA0264-96x96.jpg 96w\" sizes=\"auto, (max-width: 900px) 100vw, 900px\" \/><\/figure>\n\n\n\n<p><em><strong>Como participar<\/strong><\/em><\/p>\n\n\n\n<p>As inscri\u00e7\u00f5es s\u00e3o gratuitas e podem ser feitas at\u00e9 o dia 14 de fevereiro de 2025, exclusivamente por meio do formul\u00e1rio do festival, dispon\u00edvel no link: <a href=\"https:\/\/contacaodehistoria.com.br\/guiriifestival\/\" target=\"_blank\" rel=\"noopener\" title=\"\"><strong>https:\/\/contacaodehistoria.com.br\/guiriifestival\/<\/strong><\/a>.<\/p>\n\n\n\n<p>Cada artista pode inscrever at\u00e9 dois v\u00eddeos produzidos no Brasil. No total, ser\u00e3o selecionados 10 v\u00eddeos, que ser\u00e3o exibidos entre os dias 20 e 24 de mar\u00e7o de 2025. \u201cO resultado da sele\u00e7\u00e3o ser\u00e1 divulgado no dia 27 de fevereiro e cada contador de hist\u00f3rias escolhido receber\u00e1 um pr\u00eamio de R$ 1.000,00\u201d, ressaltou Ivan Marinho, produtor cultural.<\/p>\n\n\n\n<figure class=\"wp-block-image size-large\"><img loading=\"lazy\" decoding=\"async\" width=\"1024\" height=\"682\" src=\"https:\/\/vipfesta.com.br\/vipfesta\/wp-content\/uploads\/2025\/02\/IMG-20250204-WA0263-1024x682.jpg\" alt=\"\" class=\"wp-image-52643\" srcset=\"https:\/\/vipfesta.com.br\/vipfesta\/wp-content\/uploads\/2025\/02\/IMG-20250204-WA0263-1024x682.jpg 1024w, https:\/\/vipfesta.com.br\/vipfesta\/wp-content\/uploads\/2025\/02\/IMG-20250204-WA0263-300x200.jpg 300w, https:\/\/vipfesta.com.br\/vipfesta\/wp-content\/uploads\/2025\/02\/IMG-20250204-WA0263-768x512.jpg 768w, https:\/\/vipfesta.com.br\/vipfesta\/wp-content\/uploads\/2025\/02\/IMG-20250204-WA0263-1536x1023.jpg 1536w, https:\/\/vipfesta.com.br\/vipfesta\/wp-content\/uploads\/2025\/02\/IMG-20250204-WA0263-150x100.jpg 150w, https:\/\/vipfesta.com.br\/vipfesta\/wp-content\/uploads\/2025\/02\/IMG-20250204-WA0263.jpg 1600w\" sizes=\"auto, (max-width: 1024px) 100vw, 1024px\" \/><\/figure>\n\n\n\n<p><em><strong>Crescimento e Alcance<\/strong><\/em><\/p>\n\n\n\n<p>As edi\u00e7\u00f5es anteriores do Guirii Festival Amaz\u00f4nico de Conta\u00e7\u00e3o de Hist\u00f3rias tiveram grande alcance, recebendo mais de 300 inscri\u00e7\u00f5es de norte a sul do pa\u00eds, reunindo artistas de diversas regi\u00f5es e fortalecendo a valoriza\u00e7\u00e3o da oralidade e das tradi\u00e7\u00f5es culturais brasileiras.<\/p>\n\n\n\n<p>Esse reconhecimento consolidou o festival como um dos principais eventos do g\u00eanero no pa\u00eds, proporcionando um espa\u00e7o de destaque para a Conta\u00e7\u00e3o de Hist\u00f3ria.<\/p>\n","protected":false},"excerpt":{"rendered":"<p>Est\u00e3o abertas as inscri\u00e7\u00f5es para o 3\u00ba Guirii \u2013 Festival Amaz\u00f4nico de Conta\u00e7\u00e3o de Hist\u00f3ria, um evento realizado pela Fada<\/p>\n","protected":false},"author":1,"featured_media":52642,"comment_status":"closed","ping_status":"open","sticky":false,"template":"","format":"standard","meta":{"colormag_page_container_layout":"default_layout","colormag_page_sidebar_layout":"default_layout","footnotes":""},"categories":[295,378],"tags":[57],"class_list":["post-52640","post","type-post","status-publish","format-standard","has-post-thumbnail","hentry","category-entretenimento","category-espetaculo","tag-teatro"],"_links":{"self":[{"href":"https:\/\/vipfesta.com.br\/vipfesta\/wp-json\/wp\/v2\/posts\/52640","targetHints":{"allow":["GET"]}}],"collection":[{"href":"https:\/\/vipfesta.com.br\/vipfesta\/wp-json\/wp\/v2\/posts"}],"about":[{"href":"https:\/\/vipfesta.com.br\/vipfesta\/wp-json\/wp\/v2\/types\/post"}],"author":[{"embeddable":true,"href":"https:\/\/vipfesta.com.br\/vipfesta\/wp-json\/wp\/v2\/users\/1"}],"replies":[{"embeddable":true,"href":"https:\/\/vipfesta.com.br\/vipfesta\/wp-json\/wp\/v2\/comments?post=52640"}],"version-history":[{"count":3,"href":"https:\/\/vipfesta.com.br\/vipfesta\/wp-json\/wp\/v2\/posts\/52640\/revisions"}],"predecessor-version":[{"id":52647,"href":"https:\/\/vipfesta.com.br\/vipfesta\/wp-json\/wp\/v2\/posts\/52640\/revisions\/52647"}],"wp:featuredmedia":[{"embeddable":true,"href":"https:\/\/vipfesta.com.br\/vipfesta\/wp-json\/wp\/v2\/media\/52642"}],"wp:attachment":[{"href":"https:\/\/vipfesta.com.br\/vipfesta\/wp-json\/wp\/v2\/media?parent=52640"}],"wp:term":[{"taxonomy":"category","embeddable":true,"href":"https:\/\/vipfesta.com.br\/vipfesta\/wp-json\/wp\/v2\/categories?post=52640"},{"taxonomy":"post_tag","embeddable":true,"href":"https:\/\/vipfesta.com.br\/vipfesta\/wp-json\/wp\/v2\/tags?post=52640"}],"curies":[{"name":"wp","href":"https:\/\/api.w.org\/{rel}","templated":true}]}}