{"id":52463,"date":"2025-01-17T19:27:55","date_gmt":"2025-01-17T23:27:55","guid":{"rendered":"https:\/\/vipfesta.com.br\/vipfesta\/?p=52463"},"modified":"2025-01-18T06:53:38","modified_gmt":"2025-01-18T10:53:38","slug":"pm","status":"publish","type":"post","link":"https:\/\/vipfesta.com.br\/vipfesta\/pm\/","title":{"rendered":"Governo de RO entrega pacote de investimentos com mais de 30 ve\u00edculos e cerca de 600 equipamentos para a PM"},"content":{"rendered":"\n<figure class=\"wp-block-image size-large\"><img loading=\"lazy\" decoding=\"async\" width=\"1024\" height=\"813\" src=\"https:\/\/vipfesta.com.br\/vipfesta\/wp-content\/uploads\/2025\/01\/Detran-RO-entrega-pacote-de-investimentos-com-mais-de-30-veiculos-e-cerca-de-600-equipamentos-para-a-PM-Foto-Gabriel-Moreira-16-01-25-1536x1219-1-1024x813.jpg\" alt=\"\" class=\"wp-image-52464\" srcset=\"https:\/\/vipfesta.com.br\/vipfesta\/wp-content\/uploads\/2025\/01\/Detran-RO-entrega-pacote-de-investimentos-com-mais-de-30-veiculos-e-cerca-de-600-equipamentos-para-a-PM-Foto-Gabriel-Moreira-16-01-25-1536x1219-1-1024x813.jpg 1024w, https:\/\/vipfesta.com.br\/vipfesta\/wp-content\/uploads\/2025\/01\/Detran-RO-entrega-pacote-de-investimentos-com-mais-de-30-veiculos-e-cerca-de-600-equipamentos-para-a-PM-Foto-Gabriel-Moreira-16-01-25-1536x1219-1-300x238.jpg 300w, https:\/\/vipfesta.com.br\/vipfesta\/wp-content\/uploads\/2025\/01\/Detran-RO-entrega-pacote-de-investimentos-com-mais-de-30-veiculos-e-cerca-de-600-equipamentos-para-a-PM-Foto-Gabriel-Moreira-16-01-25-1536x1219-1-768x610.jpg 768w, https:\/\/vipfesta.com.br\/vipfesta\/wp-content\/uploads\/2025\/01\/Detran-RO-entrega-pacote-de-investimentos-com-mais-de-30-veiculos-e-cerca-de-600-equipamentos-para-a-PM-Foto-Gabriel-Moreira-16-01-25-1536x1219-1-150x119.jpg 150w, https:\/\/vipfesta.com.br\/vipfesta\/wp-content\/uploads\/2025\/01\/Detran-RO-entrega-pacote-de-investimentos-com-mais-de-30-veiculos-e-cerca-de-600-equipamentos-para-a-PM-Foto-Gabriel-Moreira-16-01-25-1536x1219-1.jpg 1536w\" sizes=\"auto, (max-width: 1024px) 100vw, 1024px\" \/><figcaption class=\"wp-element-caption\"><strong><em>O pacote de investimentos \u00e9 composto por motocicletas de 900 cilindradas, 4 carros com c\u00e2meras Optical Character Recognition (OCR) e r\u00e1dios HT e etil\u00f4metros<\/em><\/strong><\/figcaption><\/figure>\n\n\n\n<blockquote class=\"wp-block-quote is-layout-flow wp-block-quote-is-layout-flow\">\n<p><strong>C<\/strong>om o objetivo de refor\u00e7ar a atua\u00e7\u00e3o da Pol\u00edcia Militar do Estado de Rond\u00f4nia (PMRO) nas a\u00e7\u00f5es de fiscaliza\u00e7\u00e3o de tr\u00e2nsito, o governo de Rond\u00f4nia, por meio do Departamento Estadual de Tr\u00e2nsito (Detran-RO), realizou nesta quinta-feira (16), em Porto Velho, a entrega de um pacote de investimentos composto por motocicletas de 900 cilindradas, 4 carros com c\u00e2meras Optical Character Recognition (OCR), r\u00e1dios HT e etil\u00f4metros.&nbsp;<\/p>\n<\/blockquote>\n\n\n\n<p>O investimento de mais de R$ 10 milh\u00f5es \u00e9 resultado de recurso pr\u00f3prio do Detran-RO para refor\u00e7ar as a\u00e7\u00f5es de tr\u00e2nsito. O governador em exerc\u00edcio, S\u00e9rgio Gon\u00e7alves, pontuou que a entrega dos ve\u00edculos e equipamentos chega de forma positiva para garantir a efetiva\u00e7\u00e3o do servi\u00e7o oferecido pelo Departamento.<\/p>\n\n\n\n<figure class=\"wp-block-image size-full\"><img loading=\"lazy\" decoding=\"async\" width=\"570\" height=\"428\" src=\"https:\/\/vipfesta.com.br\/vipfesta\/wp-content\/uploads\/2025\/01\/Carros-possuem-tecnologia-de-cameras-OCR-que-conseguem-identificar-veiculos-com-restricao-de-roubo-ou-furto-Foto-Joao-Muniz-16-01-25-570x428-1.jpg\" alt=\"\" class=\"wp-image-52466\" srcset=\"https:\/\/vipfesta.com.br\/vipfesta\/wp-content\/uploads\/2025\/01\/Carros-possuem-tecnologia-de-cameras-OCR-que-conseguem-identificar-veiculos-com-restricao-de-roubo-ou-furto-Foto-Joao-Muniz-16-01-25-570x428-1.jpg 570w, https:\/\/vipfesta.com.br\/vipfesta\/wp-content\/uploads\/2025\/01\/Carros-possuem-tecnologia-de-cameras-OCR-que-conseguem-identificar-veiculos-com-restricao-de-roubo-ou-furto-Foto-Joao-Muniz-16-01-25-570x428-1-300x225.jpg 300w, https:\/\/vipfesta.com.br\/vipfesta\/wp-content\/uploads\/2025\/01\/Carros-possuem-tecnologia-de-cameras-OCR-que-conseguem-identificar-veiculos-com-restricao-de-roubo-ou-furto-Foto-Joao-Muniz-16-01-25-570x428-1-150x113.jpg 150w\" sizes=\"auto, (max-width: 570px) 100vw, 570px\" \/><figcaption class=\"wp-element-caption\">Carros possuem tecnologia de c\u00e2meras OCR, que conseguem identificar ve\u00edculos com restri\u00e7\u00e3o de roubo ou furto<\/figcaption><\/figure>\n\n\n\n<p><strong>Foram entregues:<\/strong><\/p>\n\n\n\n<ul class=\"wp-block-list\">\n<li>30 motocicletas de 900 cilindradas;<\/li>\n\n\n\n<li>Quatro carros com c\u00e2meras OCR, que conseguem identificar, atrav\u00e9s da leitura das placas, ve\u00edculos com restri\u00e7\u00e3o de roubo ou furto;<\/li>\n\n\n\n<li>300 r\u00e1dios HT digital, que ir\u00e3o facilitar a comunica\u00e7\u00e3o dos policiais militares e agentes de tr\u00e2nsito, durante as a\u00e7\u00f5es de educa\u00e7\u00e3o e fiscaliza\u00e7\u00e3o; e<\/li>\n\n\n\n<li>cerca de 300 etil\u00f4metros para medir a concentra\u00e7\u00e3o de \u00e1lcool em condutores sob suspeita de alcoolemia .<\/li>\n<\/ul>\n\n\n\n<p>A entrega desse pacote de investimentos estava prevista para ocorrer no final do m\u00eas, mas foi antecipada a pedido do governador de Rond\u00f4nia, Marcos Rocha. Em coletiva \u00e0 imprensa, o diretor-geral do Detran-RO, Sandro Rocha, destacou que essas entregas fazem parte de um conv\u00eanio entre a Autarquia e o Batalh\u00e3o de Pol\u00edcia de Tr\u00e2nsito (BPTran) para refor\u00e7ar as a\u00e7\u00f5es da seguran\u00e7a no tr\u00e2nsito.<\/p>\n\n\n\n<figure class=\"wp-block-image size-full\"><img loading=\"lazy\" decoding=\"async\" width=\"768\" height=\"512\" src=\"https:\/\/vipfesta.com.br\/vipfesta\/wp-content\/uploads\/2025\/01\/Entrega-de-equipamentos-e-veiculos-para-reforcar-atuacao-da-PM_16.01.25_Fotos_Arthur-amaral-72-187-768x512-1.jpg\" alt=\"\" class=\"wp-image-52468\" srcset=\"https:\/\/vipfesta.com.br\/vipfesta\/wp-content\/uploads\/2025\/01\/Entrega-de-equipamentos-e-veiculos-para-reforcar-atuacao-da-PM_16.01.25_Fotos_Arthur-amaral-72-187-768x512-1.jpg 768w, https:\/\/vipfesta.com.br\/vipfesta\/wp-content\/uploads\/2025\/01\/Entrega-de-equipamentos-e-veiculos-para-reforcar-atuacao-da-PM_16.01.25_Fotos_Arthur-amaral-72-187-768x512-1-300x200.jpg 300w, https:\/\/vipfesta.com.br\/vipfesta\/wp-content\/uploads\/2025\/01\/Entrega-de-equipamentos-e-veiculos-para-reforcar-atuacao-da-PM_16.01.25_Fotos_Arthur-amaral-72-187-768x512-1-150x100.jpg 150w\" sizes=\"auto, (max-width: 768px) 100vw, 768px\" \/><figcaption class=\"wp-element-caption\">Os novos equipamentos e ve\u00edculos entregues ser\u00e3o destinados para todo o estado<\/figcaption><\/figure>\n\n\n\n<p>\u201cEsse conv\u00eanio foi assinado no valor de R$ 30 milh\u00f5es para fortalecer a seguran\u00e7a no tr\u00e2nsito. Hoje estamos entregando essas motocicletas, carros, r\u00e1dios e etil\u00f4metros para refor\u00e7ar o trabalho dos policiais nas a\u00e7\u00f5es de tr\u00e2nsito. O objetivo \u00e9 reduzir os sinistros e salvar vidas\u201d, destacou Sandro Rocha.<\/p>\n\n\n\n<p>Segundo o comandante do Batalh\u00e3o de Pol\u00edcia de Tr\u00e2nsito, tenente-coronel PM Deivsson Bispo, os novos equipamentos e ve\u00edculos entregues ser\u00e3o destinados para todo o estado. \u201cA parceria do Detran-RO \u00e9 fundamental para promover um tr\u00e2nsito seguro\u201d, ressaltou. <\/p>\n\n\n\n<p>Secom\/Texto: Jo\u00e3o Muniz<br>Fotos: Gabriel Moreira, Jo\u00e3o Muniz e Arthur Amaral <\/p>\n\n\n\n<p><\/p>\n\n\n\n<p><\/p>\n","protected":false},"excerpt":{"rendered":"<p>Com o objetivo de refor\u00e7ar a atua\u00e7\u00e3o da Pol\u00edcia Militar do Estado de Rond\u00f4nia (PMRO) nas a\u00e7\u00f5es de fiscaliza\u00e7\u00e3o de<\/p>\n","protected":false},"author":1,"featured_media":52464,"comment_status":"closed","ping_status":"open","sticky":false,"template":"","format":"standard","meta":{"colormag_page_container_layout":"default_layout","colormag_page_sidebar_layout":"default_layout","footnotes":""},"categories":[283,319],"tags":[928],"class_list":["post-52463","post","type-post","status-publish","format-standard","has-post-thumbnail","hentry","category-cidades","category-rondonia","tag-pm-ro"],"_links":{"self":[{"href":"https:\/\/vipfesta.com.br\/vipfesta\/wp-json\/wp\/v2\/posts\/52463","targetHints":{"allow":["GET"]}}],"collection":[{"href":"https:\/\/vipfesta.com.br\/vipfesta\/wp-json\/wp\/v2\/posts"}],"about":[{"href":"https:\/\/vipfesta.com.br\/vipfesta\/wp-json\/wp\/v2\/types\/post"}],"author":[{"embeddable":true,"href":"https:\/\/vipfesta.com.br\/vipfesta\/wp-json\/wp\/v2\/users\/1"}],"replies":[{"embeddable":true,"href":"https:\/\/vipfesta.com.br\/vipfesta\/wp-json\/wp\/v2\/comments?post=52463"}],"version-history":[{"count":3,"href":"https:\/\/vipfesta.com.br\/vipfesta\/wp-json\/wp\/v2\/posts\/52463\/revisions"}],"predecessor-version":[{"id":52470,"href":"https:\/\/vipfesta.com.br\/vipfesta\/wp-json\/wp\/v2\/posts\/52463\/revisions\/52470"}],"wp:featuredmedia":[{"embeddable":true,"href":"https:\/\/vipfesta.com.br\/vipfesta\/wp-json\/wp\/v2\/media\/52464"}],"wp:attachment":[{"href":"https:\/\/vipfesta.com.br\/vipfesta\/wp-json\/wp\/v2\/media?parent=52463"}],"wp:term":[{"taxonomy":"category","embeddable":true,"href":"https:\/\/vipfesta.com.br\/vipfesta\/wp-json\/wp\/v2\/categories?post=52463"},{"taxonomy":"post_tag","embeddable":true,"href":"https:\/\/vipfesta.com.br\/vipfesta\/wp-json\/wp\/v2\/tags?post=52463"}],"curies":[{"name":"wp","href":"https:\/\/api.w.org\/{rel}","templated":true}]}}