{"id":50781,"date":"2024-07-31T10:34:08","date_gmt":"2024-07-31T14:34:08","guid":{"rendered":"https:\/\/vipfesta.com.br\/vipfesta\/?p=50781"},"modified":"2024-07-31T10:37:01","modified_gmt":"2024-07-31T14:37:01","slug":"feira-gospel","status":"publish","type":"post","link":"https:\/\/vipfesta.com.br\/vipfesta\/feira-gospel\/","title":{"rendered":"Feira Gospel 2024 UMADJIPA acontecer\u00e1 dia 03\/08"},"content":{"rendered":"\n<figure class=\"wp-block-image size-large\"><img loading=\"lazy\" decoding=\"async\" width=\"1024\" height=\"726\" src=\"https:\/\/vipfesta.com.br\/vipfesta\/wp-content\/uploads\/2024\/07\/383217015_18002521205017708_6278959640266366713_n-1024x726.jpg\" alt=\"\" class=\"wp-image-50782\" srcset=\"https:\/\/vipfesta.com.br\/vipfesta\/wp-content\/uploads\/2024\/07\/383217015_18002521205017708_6278959640266366713_n-1024x726.jpg 1024w, https:\/\/vipfesta.com.br\/vipfesta\/wp-content\/uploads\/2024\/07\/383217015_18002521205017708_6278959640266366713_n-300x213.jpg 300w, https:\/\/vipfesta.com.br\/vipfesta\/wp-content\/uploads\/2024\/07\/383217015_18002521205017708_6278959640266366713_n-768x545.jpg 768w, https:\/\/vipfesta.com.br\/vipfesta\/wp-content\/uploads\/2024\/07\/383217015_18002521205017708_6278959640266366713_n-150x106.jpg 150w, https:\/\/vipfesta.com.br\/vipfesta\/wp-content\/uploads\/2024\/07\/383217015_18002521205017708_6278959640266366713_n.jpg 1239w\" sizes=\"auto, (max-width: 1024px) 100vw, 1024px\" \/><\/figure>\n\n\n\n<p><\/p>\n\n\n\n<p>A Feira Gospel 2024, organizada pela Uni\u00e3o de Mocidade da Assembleia de Deus em Ji-Paran\u00e1 (UMADJIPA), ser\u00e1 realizada no dia 03 de agosto no estacionamento da Igreja Assembleia de Deus Templo Sede, localizada na Rua 15 de Novembro, 1668 &#8211; Casa Preta. Com in\u00edcio \u00e0s 16h30, a feira promete um dia inesquec\u00edvel de f\u00e9, cultura e entretenimento.<\/p>\n\n\n\n<p>A feira contar\u00e1 com apresenta\u00e7\u00f5es musicais de jovens cantores e grupos de louvor das congrega\u00e7\u00f5es, proporcionando momentos de louvor e adora\u00e7\u00e3o que prometem emocionar o p\u00fablico. <\/p>\n\n\n\n<figure class=\"wp-block-image size-large\"><img loading=\"lazy\" decoding=\"async\" width=\"1024\" height=\"726\" src=\"https:\/\/vipfesta.com.br\/vipfesta\/wp-content\/uploads\/2024\/07\/380710904_18002437463017708_4715250940361341612_n-1024x726.jpg\" alt=\"\" class=\"wp-image-50783\" srcset=\"https:\/\/vipfesta.com.br\/vipfesta\/wp-content\/uploads\/2024\/07\/380710904_18002437463017708_4715250940361341612_n-1024x726.jpg 1024w, https:\/\/vipfesta.com.br\/vipfesta\/wp-content\/uploads\/2024\/07\/380710904_18002437463017708_4715250940361341612_n-300x213.jpg 300w, https:\/\/vipfesta.com.br\/vipfesta\/wp-content\/uploads\/2024\/07\/380710904_18002437463017708_4715250940361341612_n-768x545.jpg 768w, https:\/\/vipfesta.com.br\/vipfesta\/wp-content\/uploads\/2024\/07\/380710904_18002437463017708_4715250940361341612_n-150x106.jpg 150w, https:\/\/vipfesta.com.br\/vipfesta\/wp-content\/uploads\/2024\/07\/380710904_18002437463017708_4715250940361341612_n.jpg 1239w\" sizes=\"auto, (max-width: 1024px) 100vw, 1024px\" \/><\/figure>\n\n\n\n<p>Ser\u00e3o mais de 35 barracas oferecendo uma grande variedade de comidas, desde o tradicional pastel de feira at\u00e9 hamb\u00fargueres, coxinhas, vatap\u00e1, caldo de cana, a\u00e7a\u00ed, lambari frito, costelinha de tambaqui, entre outras del\u00edcias que v\u00e3o agradar todos os paladares.<\/p>\n\n\n\n<p>As universidades Est\u00e1cio de Ji-Paran\u00e1 e S\u00e3o Lucas estar\u00e3o presentes, integrando-se ao evento e contribuindo para o seu sucesso.<\/p>\n\n\n\n<p>Muitas atividades divertidas para todas as idades, garantindo um momento cheio de divers\u00e3o e intera\u00e7\u00e3o para toda a fam\u00edlia.<\/p>\n\n\n\n<p>Pr. Marcelo Barbosa, coordenador da UMADJIPA, destaca a import\u00e2ncia da feira:<\/p>\n\n\n\n<p>&#8220;A Feira Gospel \u00e9 muito mais do que um evento social. \u00c9 uma oportunidade \u00fanica para os jovens das nossas congrega\u00e7\u00f5es se unirem em um esfor\u00e7o coletivo, trabalhando juntos para apresentar e vender produtos variados. Essa intera\u00e7\u00e3o n\u00e3o s\u00f3 fortalece os la\u00e7os de amizade, mas tamb\u00e9m promove o trabalho em equipe e o esp\u00edrito de colabora\u00e7\u00e3o entre todos. Estamos muito animados para ver o que cada congrega\u00e7\u00e3o ir\u00e1 trazer este ano e como isso contribuir\u00e1 para o sucesso do evento.&#8221;<\/p>\n\n\n\n<p>Pr. Sadraque Muniz, presidente da IEADJIPA, refor\u00e7a o car\u00e1ter multifacetado da feira:<\/p>\n\n\n\n<p>&#8220;Meus prezados, a paz do Senhor. Estou aqui para convid\u00e1-los para a Feira Gospel, que acontecer\u00e1 no dia 3 de agosto. Este evento \u00e9 uma celebra\u00e7\u00e3o da nossa cultura, culin\u00e1ria e espiritualidade. Mais do que um momento de descontra\u00e7\u00e3o, a feira \u00e9 uma oportunidade para a juventude de cada igreja se reunir, apresentar suas habilidades e contribuir para a nossa comunidade. Teremos louvores, apresenta\u00e7\u00f5es, prega\u00e7\u00f5es e, claro, muitas op\u00e7\u00f5es de alimenta\u00e7\u00e3o. \u00c9 um momento de integra\u00e7\u00e3o, onde podemos conhecer jovens de outras congrega\u00e7\u00f5es, fortalecer nossos la\u00e7os e criar novas amizades. Convido todos os jovens, adolescentes, irm\u00e3os e irm\u00e3s a participarem. Nosso espa\u00e7o \u00e9 bem iluminado e estruturado, pronto para acolher a todos. Venham e aproveitem ao m\u00e1ximo!&#8221;<\/p>\n\n\n\n<p>A expectativa \u00e9 que mais de 3 mil pessoas circulem pela feira ao longo do dia. A diversidade de barracas e a participa\u00e7\u00e3o das universidades Est\u00e1cio e S\u00e3o Lucas prometem tornar o evento ainda mais especial. Al\u00e9m das atra\u00e7\u00f5es j\u00e1 mencionadas, a feira contar\u00e1 com momentos de ora\u00e7\u00e3o e prega\u00e7\u00e3o, fortalecendo o esp\u00edrito de comunh\u00e3o e f\u00e9 entre os participantes.<\/p>\n\n\n\n<p>N\u00e3o perca essa oportunidade \u00fanica de vivenciar um dia repleto de alegria, f\u00e9 e uni\u00e3o. Marque na sua agenda: dia 03 de agosto, no estacionamento da Igreja Assembleia de Deus Templo Sede. Traga sua fam\u00edlia e amigos para participar da Feira Gospel 2024 e desfrutar de momentos&nbsp;inesquec\u00edveis.<\/p>\n\n\n\n<p>Assessoria de Comunica\u00e7\u00e3o Umadjipa<\/p>\n\n\n\n<p><\/p>\n","protected":false},"excerpt":{"rendered":"<p>A Feira Gospel 2024, organizada pela Uni\u00e3o de Mocidade da Assembleia de Deus em Ji-Paran\u00e1 (UMADJIPA), ser\u00e1 realizada no dia<\/p>\n","protected":false},"author":1,"featured_media":0,"comment_status":"closed","ping_status":"open","sticky":false,"template":"","format":"standard","meta":{"colormag_page_container_layout":"default_layout","colormag_page_sidebar_layout":"default_layout","footnotes":""},"categories":[295],"tags":[1613],"class_list":["post-50781","post","type-post","status-publish","format-standard","hentry","category-entretenimento","tag-feira-gospel"],"_links":{"self":[{"href":"https:\/\/vipfesta.com.br\/vipfesta\/wp-json\/wp\/v2\/posts\/50781","targetHints":{"allow":["GET"]}}],"collection":[{"href":"https:\/\/vipfesta.com.br\/vipfesta\/wp-json\/wp\/v2\/posts"}],"about":[{"href":"https:\/\/vipfesta.com.br\/vipfesta\/wp-json\/wp\/v2\/types\/post"}],"author":[{"embeddable":true,"href":"https:\/\/vipfesta.com.br\/vipfesta\/wp-json\/wp\/v2\/users\/1"}],"replies":[{"embeddable":true,"href":"https:\/\/vipfesta.com.br\/vipfesta\/wp-json\/wp\/v2\/comments?post=50781"}],"version-history":[{"count":2,"href":"https:\/\/vipfesta.com.br\/vipfesta\/wp-json\/wp\/v2\/posts\/50781\/revisions"}],"predecessor-version":[{"id":50786,"href":"https:\/\/vipfesta.com.br\/vipfesta\/wp-json\/wp\/v2\/posts\/50781\/revisions\/50786"}],"wp:attachment":[{"href":"https:\/\/vipfesta.com.br\/vipfesta\/wp-json\/wp\/v2\/media?parent=50781"}],"wp:term":[{"taxonomy":"category","embeddable":true,"href":"https:\/\/vipfesta.com.br\/vipfesta\/wp-json\/wp\/v2\/categories?post=50781"},{"taxonomy":"post_tag","embeddable":true,"href":"https:\/\/vipfesta.com.br\/vipfesta\/wp-json\/wp\/v2\/tags?post=50781"}],"curies":[{"name":"wp","href":"https:\/\/api.w.org\/{rel}","templated":true}]}}