{"id":49361,"date":"2024-04-16T12:57:27","date_gmt":"2024-04-16T16:57:27","guid":{"rendered":"https:\/\/vipfesta.com.br\/vipfesta\/?p=49361"},"modified":"2024-04-16T12:59:36","modified_gmt":"2024-04-16T16:59:36","slug":"silvia-cristina-70","status":"publish","type":"post","link":"https:\/\/vipfesta.com.br\/vipfesta\/silvia-cristina-70\/","title":{"rendered":"Deputada S\u00edlvia Cristina participa do 1\u00b0 F\u00f3rum Nacional Para Debater a Emancipa\u00e7\u00e3o de Distritos no Brasil"},"content":{"rendered":"\n<figure class=\"wp-block-image size-large\"><img loading=\"lazy\" decoding=\"async\" width=\"1024\" height=\"769\" src=\"https:\/\/vipfesta.com.br\/vipfesta\/wp-content\/uploads\/2024\/04\/IMG-20240416-WA04362-1024x769.jpg\" alt=\"\" class=\"wp-image-49362\" srcset=\"https:\/\/vipfesta.com.br\/vipfesta\/wp-content\/uploads\/2024\/04\/IMG-20240416-WA04362-1024x769.jpg 1024w, https:\/\/vipfesta.com.br\/vipfesta\/wp-content\/uploads\/2024\/04\/IMG-20240416-WA04362-300x225.jpg 300w, https:\/\/vipfesta.com.br\/vipfesta\/wp-content\/uploads\/2024\/04\/IMG-20240416-WA04362-768x576.jpg 768w, https:\/\/vipfesta.com.br\/vipfesta\/wp-content\/uploads\/2024\/04\/IMG-20240416-WA04362-150x113.jpg 150w, https:\/\/vipfesta.com.br\/vipfesta\/wp-content\/uploads\/2024\/04\/IMG-20240416-WA04362.jpg 1199w\" sizes=\"auto, (max-width: 1024px) 100vw, 1024px\" \/><figcaption class=\"wp-element-caption\">Parlamentar defendeu a emancipa\u00e7\u00e3o de distritos, como forma de assegurar direitos dos moradores<\/figcaption><\/figure>\n\n\n\n<p><\/p>\n\n\n\n<p>A deputada federal S\u00edlvia Cristina (PL) defendeu a emancipa\u00e7\u00e3o dos distritos, ao participar do 1\u00b0 F\u00f3rum Nacional Para Debater a Emancipa\u00e7\u00e3o de Distritos no Brasil, realizado na manh\u00e3 desta ter\u00e7a-feira (16), no audit\u00f3rio Nereu Ramos, na C\u00e2mara dos Deputados.<\/p>\n\n\n\n<p>O evento foi promovido pela Frente Parlamentar Mista em Apoio \u00e0 Emancipa\u00e7\u00e3o de Distritos no Brasil, presidida pela deputada federal Fl\u00e1via Morais (GO).<\/p>\n\n\n\n<p>&#8220;Somos a favor da emancipa\u00e7\u00e3o, vamos lutar para que isso aconte\u00e7a, para dar a tranquilidade que os moradores precisam, encurtar caminhos e facilitar o acesso aos servi\u00e7os. A autonomia pol\u00edtica e administrativa \u00e9 importante para assegurar o desenvolvimento das localidades. Em Rond\u00f4nia, muitos distritos j\u00e1 s\u00e3o maiores e economicamente mais fortes do que diversas cidades, reunindo plenas condi\u00e7\u00f5es de emancipa\u00e7\u00e3o&#8221;, relatou a parlamentar.<\/p>\n\n\n\n<p>De Rond\u00f4nia, estavam presentes os deputados estaduais, Marcelo Cruz, presidente da Assembleia Legislativa, Laerte Gomes, presidente do Parlamento Amaz\u00f4nico, Ezequiel Neiva, Isamel Crispin, Cirone Deir\u00f3 e Lucas Torres. O presidente da Unale, S\u00e9rgio Aguiar, e o deputado Sin\u00e9sio Campos (AM), entre outros parlamentares, participaram do evento.<\/p>\n\n\n\n<p>No F\u00f3rum, foi debatido os efeitos da Emenda Constitucional 111\/2021, de 21.09.2021, que alterou o artigo 14 da Constitui\u00e7\u00e3o Federal, incluindo os \u00a7\u00a7 12 e 13, que atribu\u00edram \u00e0s C\u00e2maras Municipais a prerrogativa de autorizar a realiza\u00e7\u00e3o de Consultas Populares sobre quest\u00f5es locais, que dever\u00e3o ser encaminhadas \u00e0 Justi\u00e7a Eleitoral em at\u00e9 noventa dias antes das elei\u00e7\u00f5es municipais de outubro de 2024. <\/p>\n\n\n\n<p>Assessoria <\/p>\n\n\n\n<p><\/p>\n","protected":false},"excerpt":{"rendered":"<p>A deputada federal S\u00edlvia Cristina (PL) defendeu a emancipa\u00e7\u00e3o dos distritos, ao participar do 1\u00b0 F\u00f3rum Nacional Para Debater a<\/p>\n","protected":false},"author":1,"featured_media":49362,"comment_status":"closed","ping_status":"open","sticky":false,"template":"","format":"standard","meta":{"colormag_page_container_layout":"default_layout","colormag_page_sidebar_layout":"default_layout","footnotes":""},"categories":[303,470],"tags":[541],"class_list":["post-49361","post","type-post","status-publish","format-standard","has-post-thumbnail","hentry","category-politica","category-silvia-cristina","tag-silvia-cristina"],"_links":{"self":[{"href":"https:\/\/vipfesta.com.br\/vipfesta\/wp-json\/wp\/v2\/posts\/49361","targetHints":{"allow":["GET"]}}],"collection":[{"href":"https:\/\/vipfesta.com.br\/vipfesta\/wp-json\/wp\/v2\/posts"}],"about":[{"href":"https:\/\/vipfesta.com.br\/vipfesta\/wp-json\/wp\/v2\/types\/post"}],"author":[{"embeddable":true,"href":"https:\/\/vipfesta.com.br\/vipfesta\/wp-json\/wp\/v2\/users\/1"}],"replies":[{"embeddable":true,"href":"https:\/\/vipfesta.com.br\/vipfesta\/wp-json\/wp\/v2\/comments?post=49361"}],"version-history":[{"count":3,"href":"https:\/\/vipfesta.com.br\/vipfesta\/wp-json\/wp\/v2\/posts\/49361\/revisions"}],"predecessor-version":[{"id":49365,"href":"https:\/\/vipfesta.com.br\/vipfesta\/wp-json\/wp\/v2\/posts\/49361\/revisions\/49365"}],"wp:featuredmedia":[{"embeddable":true,"href":"https:\/\/vipfesta.com.br\/vipfesta\/wp-json\/wp\/v2\/media\/49362"}],"wp:attachment":[{"href":"https:\/\/vipfesta.com.br\/vipfesta\/wp-json\/wp\/v2\/media?parent=49361"}],"wp:term":[{"taxonomy":"category","embeddable":true,"href":"https:\/\/vipfesta.com.br\/vipfesta\/wp-json\/wp\/v2\/categories?post=49361"},{"taxonomy":"post_tag","embeddable":true,"href":"https:\/\/vipfesta.com.br\/vipfesta\/wp-json\/wp\/v2\/tags?post=49361"}],"curies":[{"name":"wp","href":"https:\/\/api.w.org\/{rel}","templated":true}]}}