{"id":48366,"date":"2024-01-31T11:45:00","date_gmt":"2024-01-31T15:45:00","guid":{"rendered":"https:\/\/vipfesta.com.br\/vipfesta\/?p=48366"},"modified":"2024-01-31T11:45:37","modified_gmt":"2024-01-31T15:45:37","slug":"affonso-candido","status":"publish","type":"post","link":"https:\/\/vipfesta.com.br\/vipfesta\/affonso-candido\/","title":{"rendered":"Affonso C\u00e2ndido faz entrega de ambul\u00e2ncia em Governador Jorge Teixeira"},"content":{"rendered":"\n<figure class=\"wp-block-image size-large\"><img loading=\"lazy\" decoding=\"async\" width=\"1024\" height=\"768\" src=\"https:\/\/vipfesta.com.br\/vipfesta\/wp-content\/uploads\/2024\/01\/IMG-20240131-WA0267-1024x768.jpg\" alt=\"\" class=\"wp-image-48367\" srcset=\"https:\/\/vipfesta.com.br\/vipfesta\/wp-content\/uploads\/2024\/01\/IMG-20240131-WA0267-1024x768.jpg 1024w, https:\/\/vipfesta.com.br\/vipfesta\/wp-content\/uploads\/2024\/01\/IMG-20240131-WA0267-300x225.jpg 300w, https:\/\/vipfesta.com.br\/vipfesta\/wp-content\/uploads\/2024\/01\/IMG-20240131-WA0267-768x576.jpg 768w, https:\/\/vipfesta.com.br\/vipfesta\/wp-content\/uploads\/2024\/01\/IMG-20240131-WA0267-1536x1152.jpg 1536w, https:\/\/vipfesta.com.br\/vipfesta\/wp-content\/uploads\/2024\/01\/IMG-20240131-WA0267-150x113.jpg 150w, https:\/\/vipfesta.com.br\/vipfesta\/wp-content\/uploads\/2024\/01\/IMG-20240131-WA0267.jpg 1600w\" sizes=\"auto, (max-width: 1024px) 100vw, 1024px\" \/><\/figure>\n\n\n\n<p><\/p>\n\n\n\n<p>A Prefeitura de Governador Jorge Teixeira, pr\u00f3ximo ao munic\u00edpio de Jaru, recebeu, hoje, quarta-feira (31), uma ambul\u00e2ncia semi-UTI, no valor de R$ 350 mil, adquirida com emenda parlamentar do deputado estadual, Affonso C\u00e2ndido (PL). O pedido do ve\u00edculo foi feito pelo empres\u00e1rio L\u00e9o do G\u00e1s.<\/p>\n\n\n\n<p>O ve\u00edculo ser\u00e1 destinado, segundo Affonso C\u00e2ndido, ao atendimento e transporte de pacientes de alto risco em emerg\u00eancias pr\u00e9-hospitalares ou transporte inter-hospitalar que necessitam de cuidados m\u00e9dicos intensivos, para centros regionais de atendimento. <\/p>\n\n\n\n<figure class=\"wp-block-image size-large\"><img loading=\"lazy\" decoding=\"async\" width=\"1024\" height=\"768\" src=\"https:\/\/vipfesta.com.br\/vipfesta\/wp-content\/uploads\/2024\/01\/IMG-20240131-WA0266-1024x768.jpg\" alt=\"\" class=\"wp-image-48368\" srcset=\"https:\/\/vipfesta.com.br\/vipfesta\/wp-content\/uploads\/2024\/01\/IMG-20240131-WA0266-1024x768.jpg 1024w, https:\/\/vipfesta.com.br\/vipfesta\/wp-content\/uploads\/2024\/01\/IMG-20240131-WA0266-300x225.jpg 300w, https:\/\/vipfesta.com.br\/vipfesta\/wp-content\/uploads\/2024\/01\/IMG-20240131-WA0266-768x576.jpg 768w, https:\/\/vipfesta.com.br\/vipfesta\/wp-content\/uploads\/2024\/01\/IMG-20240131-WA0266-1536x1152.jpg 1536w, https:\/\/vipfesta.com.br\/vipfesta\/wp-content\/uploads\/2024\/01\/IMG-20240131-WA0266-150x113.jpg 150w, https:\/\/vipfesta.com.br\/vipfesta\/wp-content\/uploads\/2024\/01\/IMG-20240131-WA0266.jpg 1600w\" sizes=\"auto, (max-width: 1024px) 100vw, 1024px\" \/><\/figure>\n\n\n\n<p>\u201cEssa \u00e9 uma ambul\u00e2ncia completa para atender aos moradores de Governador Jorge Teixeira e Distrito de Colina Verde que precisam se deslocar para outros munic\u00edpios para iniciar ou encerrar um tratamento de sa\u00fade. Esse \u00e9 um ve\u00edculo para cuidar das pessoas e salvar vidas\u201d, afirmou o parlamentar.<\/p>\n\n\n\n<p>De acordo com o empres\u00e1rio L\u00e9o do G\u00e1s, a ambul\u00e2ncia estar\u00e1 \u00e0 disposi\u00e7\u00e3o da popula\u00e7\u00e3o do munic\u00edpio. \u201cEsse ve\u00edculo \u00e9 para atender a todos os moradores de Governador Jorge Teixeira, mas esperamos que n\u00e3o precisem usar, mas se precisar, est\u00e1 aqui\u201d, admitiu.<\/p>\n\n\n\n<p>O prefeito Gilmar Tomaz Souza (PP) agradeceu a iniciativa do deputado Affonso C\u00e2ndido em destinar o ve\u00edculo ao munic\u00edpio. \u201cNossa sa\u00fade depende muito de levar nossos pacientes para outros munic\u00edpios pelo nosso porte e, essa ambul\u00e2ncia \u00e9 uma ferramenta essencial para todos n\u00f3s\u201d, afirmou.<\/p>\n\n\n\n<p>\u201cEstou, mais uma vez, aqui para atender \u00e0s demandas do Governador Jorge Teixeira. Hoje, somos representantes dos 52 munic\u00edpios e dos mais de 1,5 milh\u00e3o de rondonienses e, por isso, estamos atentos \u00e0s prioridades de cada localidade para trazer mais investimentos na sa\u00fade, educa\u00e7\u00e3o e bem-estar \u00e0 nossa popula\u00e7\u00e3o\u201d.<\/p>\n\n\n\n<p>A solenidade de entrega ocorreu em frente ao pr\u00e9dio da prefeitura e foi acompanhada ainda pelo vice-prefeito Agnaldo Lopes do Nascimento (Pros), presidente da C\u00e2mara Municipal, Ant\u00f4nio Marcos Pa\u00e7oca (Republicanos), secret\u00e1rio municipal de Sa\u00fade, Diego Mamedio dos Santos, servidores p\u00fablicos, convidados e popula\u00e7\u00e3o em geral.<\/p>\n\n\n\n<p>Texto: Jairo Ardull<br>Foto: Danilo Carrilho <\/p>\n\n\n\n<p><\/p>\n","protected":false},"excerpt":{"rendered":"<p>A Prefeitura de Governador Jorge Teixeira, pr\u00f3ximo ao munic\u00edpio de Jaru, recebeu, hoje, quarta-feira (31), uma ambul\u00e2ncia semi-UTI, no valor<\/p>\n","protected":false},"author":1,"featured_media":48367,"comment_status":"closed","ping_status":"open","sticky":false,"template":"","format":"standard","meta":{"colormag_page_container_layout":"default_layout","colormag_page_sidebar_layout":"default_layout","footnotes":""},"categories":[303],"tags":[1588],"class_list":["post-48366","post","type-post","status-publish","format-standard","has-post-thumbnail","hentry","category-politica","tag-affonso-candido"],"_links":{"self":[{"href":"https:\/\/vipfesta.com.br\/vipfesta\/wp-json\/wp\/v2\/posts\/48366","targetHints":{"allow":["GET"]}}],"collection":[{"href":"https:\/\/vipfesta.com.br\/vipfesta\/wp-json\/wp\/v2\/posts"}],"about":[{"href":"https:\/\/vipfesta.com.br\/vipfesta\/wp-json\/wp\/v2\/types\/post"}],"author":[{"embeddable":true,"href":"https:\/\/vipfesta.com.br\/vipfesta\/wp-json\/wp\/v2\/users\/1"}],"replies":[{"embeddable":true,"href":"https:\/\/vipfesta.com.br\/vipfesta\/wp-json\/wp\/v2\/comments?post=48366"}],"version-history":[{"count":2,"href":"https:\/\/vipfesta.com.br\/vipfesta\/wp-json\/wp\/v2\/posts\/48366\/revisions"}],"predecessor-version":[{"id":48370,"href":"https:\/\/vipfesta.com.br\/vipfesta\/wp-json\/wp\/v2\/posts\/48366\/revisions\/48370"}],"wp:featuredmedia":[{"embeddable":true,"href":"https:\/\/vipfesta.com.br\/vipfesta\/wp-json\/wp\/v2\/media\/48367"}],"wp:attachment":[{"href":"https:\/\/vipfesta.com.br\/vipfesta\/wp-json\/wp\/v2\/media?parent=48366"}],"wp:term":[{"taxonomy":"category","embeddable":true,"href":"https:\/\/vipfesta.com.br\/vipfesta\/wp-json\/wp\/v2\/categories?post=48366"},{"taxonomy":"post_tag","embeddable":true,"href":"https:\/\/vipfesta.com.br\/vipfesta\/wp-json\/wp\/v2\/tags?post=48366"}],"curies":[{"name":"wp","href":"https:\/\/api.w.org\/{rel}","templated":true}]}}