{"id":47779,"date":"2023-12-14T16:43:11","date_gmt":"2023-12-14T20:43:11","guid":{"rendered":"https:\/\/vipfesta.com.br\/vipfesta\/?p=47779"},"modified":"2023-12-14T16:44:36","modified_gmt":"2023-12-14T20:44:36","slug":"silvia-cristina-59","status":"publish","type":"post","link":"https:\/\/vipfesta.com.br\/vipfesta\/silvia-cristina-59\/","title":{"rendered":"Deputada S\u00edlvia Cristina votou pela derrubada dos vetos do Governo \u00e0 desonera\u00e7\u00e3o da folha e ao marco temporal"},"content":{"rendered":"\n<figure class=\"wp-block-image size-large\"><img loading=\"lazy\" decoding=\"async\" width=\"1024\" height=\"683\" src=\"https:\/\/vipfesta.com.br\/vipfesta\/wp-content\/uploads\/2023\/12\/IMG-20231123-WA0116-1024x683.jpg\" alt=\"\" class=\"wp-image-47780\" srcset=\"https:\/\/vipfesta.com.br\/vipfesta\/wp-content\/uploads\/2023\/12\/IMG-20231123-WA0116-1024x683.jpg 1024w, https:\/\/vipfesta.com.br\/vipfesta\/wp-content\/uploads\/2023\/12\/IMG-20231123-WA0116-300x200.jpg 300w, https:\/\/vipfesta.com.br\/vipfesta\/wp-content\/uploads\/2023\/12\/IMG-20231123-WA0116-768x512.jpg 768w, https:\/\/vipfesta.com.br\/vipfesta\/wp-content\/uploads\/2023\/12\/IMG-20231123-WA0116-1536x1024.jpg 1536w, https:\/\/vipfesta.com.br\/vipfesta\/wp-content\/uploads\/2023\/12\/IMG-20231123-WA0116-150x100.jpg 150w, https:\/\/vipfesta.com.br\/vipfesta\/wp-content\/uploads\/2023\/12\/IMG-20231123-WA0116.jpg 1600w\" sizes=\"auto, (max-width: 1024px) 100vw, 1024px\" \/><figcaption class=\"wp-element-caption\">Parlamentar comemorou o resultado da vota\u00e7\u00e3o no Congresso Nacional<\/figcaption><\/figure>\n\n\n\n<p>A deputada federal S\u00edlvia Cristina (PL) comemorou a derrubada pelo Congresso Nacional nesta quinta-feira (14), de dois vetos do Governo: \u00e0 desonera\u00e7\u00e3o da folha de pagamento e do marco temporal.<\/p>\n\n\n\n<p>A deputada tamb\u00e9m votou contra o projeto do Governo da reforma tribut\u00e1ria, por entender que a mat\u00e9ria n\u00e3o traz avan\u00e7os para o setor.<\/p>\n\n\n\n<p>&#8220;\u00c9 uma vit\u00f3ria para a popula\u00e7\u00e3o brasileira. Votei pela derrubada desses dois vetos, por entender que a desonera\u00e7\u00e3o (redu\u00e7\u00e3o de impostos) na folha de pagamento permite a expans\u00e3o dos neg\u00f3cios e a gera\u00e7\u00e3o de empregos e renda. J\u00e1 o projeto do marco temporal trata do reconhecimento, demarca\u00e7\u00e3o, uso e gest\u00e3o de terras ind\u00edgenas. O veto presidencial criou uma situa\u00e7\u00e3o de inseguran\u00e7a jur\u00eddica que prejudica os produtores rurais, especialmente na regi\u00e3o Amaz\u00f4nica&#8221;, explicou a deputada.<\/p>\n\n\n\n<p>A derrubada (rejei\u00e7\u00e3o) aos dois vetos deve ser promulgada pelo Congresso para virar lei, impondo uma massacrante derrota ao Governo.<\/p>\n\n\n\n<p><strong>Desonera\u00e7\u00e3o<\/strong><\/p>\n\n\n\n<p>O veto total ao projeto de lei que prorroga a desonera\u00e7\u00e3o da folha de pagamento para 17 setores da economia, foi rejeitado. O benef\u00edcio acabaria em 31 de dezembro de 2023 e ser\u00e1 prorrogado at\u00e9 31 de dezembro de 2027.<\/p>\n\n\n\n<p>Com a desonera\u00e7\u00e3o, as empresas beneficiadas podem optar pelo pagamento das contribui\u00e7\u00f5es sociais sobre a receita bruta com al\u00edquotas de 1% a 4,5% em vez de pagar 20% de INSS relativo aos empregados pela Consolida\u00e7\u00e3o das Leis do Trabalho (CLT).<\/p>\n\n\n\n<p>No Senado Federal, foram 60 votos pela rejei\u00e7\u00e3o do veto e 13 a favor. Na C\u00e2mara dos Deputados, houve 78 votos a favor do veto e 378 por sua rejei\u00e7\u00e3o.<\/p>\n\n\n\n<p>Os 17 setores desonerados s\u00e3o: Cal\u00e7ados, call centers, comunica\u00e7\u00e3o, confec\u00e7\u00e3o\/vestu\u00e1rio, constru\u00e7\u00e3o civil, empresas de constru\u00e7\u00e3o e obras de infraestrutura, couro, fabrica\u00e7\u00e3o de ve\u00edculos e carro\u00e7arias, m\u00e1quinas e equipamentos, prote\u00edna animal, t\u00eaxtil, tecnologia da informa\u00e7\u00e3o (TI), tecnologia de comunica\u00e7\u00e3o (TIC), projeto de circuitos integrados, transporte metroferrovi\u00e1rio de passageiros, transporte rodovi\u00e1rio coletivo e transporte rodovi\u00e1rio de cargas.<\/p>\n\n\n\n<p><strong>Marco Temporal<\/strong><\/p>\n\n\n\n<p>O Congresso Nacional tamb\u00e9m rejeitou o projeto de lei do marco temporal das terras ind\u00edgenas (PL 490\/07). Os trechos ser\u00e3o incorporados \u00e0 Lei 14.701\/23, definido a demarca\u00e7\u00e3o de terras ind\u00edgenas \u00e0quelas j\u00e1 tradicionalmente ocupadas por esses povos em 5 de outubro de 1988, data da promulga\u00e7\u00e3o da Constitui\u00e7\u00e3o federal.<\/p>\n\n\n\n<p>Para serem consideradas terras ocupadas tradicionalmente dever\u00e1 ser comprovado objetivamente que elas, na data de promulga\u00e7\u00e3o da Constitui\u00e7\u00e3o, eram, ao mesmo tempo, habitadas em car\u00e1ter permanente, usadas para atividades produtivas e necess\u00e1rias \u00e0 preserva\u00e7\u00e3o dos recursos ambientais e \u00e0 reproduc\u0327a\u0303o fi\u0301sica e cultural.<\/p>\n\n\n\n<p>V\u00e1rios outros pontos vetados do texto tamb\u00e9m foram reincorporados \u00e0 lei. Entre eles: proibi\u00e7\u00e3o de ampliar terras indi\u0301genas ja\u0301 demarcadas; adequa\u00e7\u00e3o dos processos administrativos de demarcac\u0327a\u0303o ainda na\u0303o conclui\u0301dos \u00e0s novas regras; e nulidade da demarcac\u0327a\u0303o que na\u0303o atenda a essas regras.<\/p>\n\n\n\n<p>Com informa\u00e7\u00f5es da Ag\u00eancia C\u00e2mara de Not\u00edcias<\/p>\n","protected":false},"excerpt":{"rendered":"<p>A deputada federal S\u00edlvia Cristina (PL) comemorou a derrubada pelo Congresso Nacional nesta quinta-feira (14), de dois vetos do Governo:<\/p>\n","protected":false},"author":1,"featured_media":47780,"comment_status":"closed","ping_status":"open","sticky":false,"template":"","format":"standard","meta":{"colormag_page_container_layout":"default_layout","colormag_page_sidebar_layout":"default_layout","footnotes":""},"categories":[303,470],"tags":[541],"class_list":["post-47779","post","type-post","status-publish","format-standard","has-post-thumbnail","hentry","category-politica","category-silvia-cristina","tag-silvia-cristina"],"_links":{"self":[{"href":"https:\/\/vipfesta.com.br\/vipfesta\/wp-json\/wp\/v2\/posts\/47779","targetHints":{"allow":["GET"]}}],"collection":[{"href":"https:\/\/vipfesta.com.br\/vipfesta\/wp-json\/wp\/v2\/posts"}],"about":[{"href":"https:\/\/vipfesta.com.br\/vipfesta\/wp-json\/wp\/v2\/types\/post"}],"author":[{"embeddable":true,"href":"https:\/\/vipfesta.com.br\/vipfesta\/wp-json\/wp\/v2\/users\/1"}],"replies":[{"embeddable":true,"href":"https:\/\/vipfesta.com.br\/vipfesta\/wp-json\/wp\/v2\/comments?post=47779"}],"version-history":[{"count":2,"href":"https:\/\/vipfesta.com.br\/vipfesta\/wp-json\/wp\/v2\/posts\/47779\/revisions"}],"predecessor-version":[{"id":47783,"href":"https:\/\/vipfesta.com.br\/vipfesta\/wp-json\/wp\/v2\/posts\/47779\/revisions\/47783"}],"wp:featuredmedia":[{"embeddable":true,"href":"https:\/\/vipfesta.com.br\/vipfesta\/wp-json\/wp\/v2\/media\/47780"}],"wp:attachment":[{"href":"https:\/\/vipfesta.com.br\/vipfesta\/wp-json\/wp\/v2\/media?parent=47779"}],"wp:term":[{"taxonomy":"category","embeddable":true,"href":"https:\/\/vipfesta.com.br\/vipfesta\/wp-json\/wp\/v2\/categories?post=47779"},{"taxonomy":"post_tag","embeddable":true,"href":"https:\/\/vipfesta.com.br\/vipfesta\/wp-json\/wp\/v2\/tags?post=47779"}],"curies":[{"name":"wp","href":"https:\/\/api.w.org\/{rel}","templated":true}]}}