{"id":46898,"date":"2023-10-23T13:24:22","date_gmt":"2023-10-23T17:24:22","guid":{"rendered":"https:\/\/vipfesta.com.br\/vipfesta\/?p=46898"},"modified":"2023-10-23T13:24:23","modified_gmt":"2023-10-23T17:24:23","slug":"personalidades-sao-homenageadas-com-comenda-madeira-mamore","status":"publish","type":"post","link":"https:\/\/vipfesta.com.br\/vipfesta\/personalidades-sao-homenageadas-com-comenda-madeira-mamore\/","title":{"rendered":"Personalidades s\u00e3o homenageadas com Comenda Madeira-Mamor\u00e9"},"content":{"rendered":"\n<figure class=\"wp-block-image size-large\"><img loading=\"lazy\" decoding=\"async\" width=\"1024\" height=\"683\" src=\"https:\/\/vipfesta.com.br\/vipfesta\/wp-content\/uploads\/2023\/10\/AGENDA-HILDON-ENTREGA-DE-COMENDAS-FELIPE-RIBEIRO-23_10_20-000722-1024x683.jpg\" alt=\"\" class=\"wp-image-46900\" srcset=\"https:\/\/vipfesta.com.br\/vipfesta\/wp-content\/uploads\/2023\/10\/AGENDA-HILDON-ENTREGA-DE-COMENDAS-FELIPE-RIBEIRO-23_10_20-000722-1024x683.jpg 1024w, https:\/\/vipfesta.com.br\/vipfesta\/wp-content\/uploads\/2023\/10\/AGENDA-HILDON-ENTREGA-DE-COMENDAS-FELIPE-RIBEIRO-23_10_20-000722-300x200.jpg 300w, https:\/\/vipfesta.com.br\/vipfesta\/wp-content\/uploads\/2023\/10\/AGENDA-HILDON-ENTREGA-DE-COMENDAS-FELIPE-RIBEIRO-23_10_20-000722-768x512.jpg 768w, https:\/\/vipfesta.com.br\/vipfesta\/wp-content\/uploads\/2023\/10\/AGENDA-HILDON-ENTREGA-DE-COMENDAS-FELIPE-RIBEIRO-23_10_20-000722-1536x1024.jpg 1536w, https:\/\/vipfesta.com.br\/vipfesta\/wp-content\/uploads\/2023\/10\/AGENDA-HILDON-ENTREGA-DE-COMENDAS-FELIPE-RIBEIRO-23_10_20-000722-150x100.jpg 150w, https:\/\/vipfesta.com.br\/vipfesta\/wp-content\/uploads\/2023\/10\/AGENDA-HILDON-ENTREGA-DE-COMENDAS-FELIPE-RIBEIRO-23_10_20-000722.jpg 1600w\" sizes=\"auto, (max-width: 1024px) 100vw, 1024px\" \/><\/figure>\n\n\n\n<p>A Prefeitura de Porto Velho homenageou 17 personalidades da cidade com a entrega da Distin\u00e7\u00e3o Honor\u00edfica Madeira-Mamor\u00e9, em reconhecimento aos relevantes servi\u00e7os prestados em prol do desenvolvimento do munic\u00edpio. Uma cerim\u00f4nia para a entrega da comenda foi realizada na noite de quinta-feira (19), no Teatro Banzeiros.<\/p>\n\n\n\n<p><img decoding=\"async\" src=\"https:\/\/www.portovelho.ro.gov.br\/uploads\/editor\/images\/AGENDA%20HILDON%20-%20ENTREGA%20DE%20COMENDAS%20-%20FELIPE%20RIBEIRO%20-%2023_10_20%20-%2000063.jpg\" alt=\"Ant\u00f4nio C\u00e2ndido da Silva \u00e9 escritor, compositor e criador da bandeira do Munic\u00edpio de Porto Velho\"><small>Ant\u00f4nio C\u00e2ndido da Silva \u00e9 escritor, compositor e criador da bandeira do Munic\u00edpio de Porto Velho<\/small> <\/p>\n\n\n\n<p>A solenidade contou com a presen\u00e7a do prefeito de Porto Velho Hildon Chaves, da primeira-dama e deputada estadual Ieda Chaves, do deputado federal Maur\u00edcio Carvalho e do vereador e historiador Aleks Palitot, al\u00e9m dos homenageados, seus familiares e convidados.<\/p>\n\n\n\n<p>Um dos homenageados, o professor J\u00falio Gon\u00e7alves, da rede municipal de Educa\u00e7\u00e3o de Porto Velho, teve seu trabalho reconhecido internacionalmente ap\u00f3s compartilhar um v\u00eddeo emocionante da evolu\u00e7\u00e3o motora de um aluno com paralisia cerebral, com est\u00edmulos e exerc\u00edcios realizados durante as aulas de educa\u00e7\u00e3o f\u00edsica. &#8220;Primeiramente, fico muito feliz em receber esta homenagem representando a educa\u00e7\u00e3o municipal e as a\u00e7\u00f5es de inclus\u00e3o. Este \u00e9 um reconhecimento a um trabalho feito com maestria e com dedica\u00e7\u00e3o, que faz parte do papel de um professor que ama o que faz&#8221;, disse J\u00falio.<\/p>\n\n\n\n<p><img decoding=\"async\" src=\"https:\/\/www.portovelho.ro.gov.br\/uploads\/editor\/images\/AGENDA%20HILDON%20-%20ENTREGA%20DE%20COMENDAS%20-%20FELIPE%20RIBEIRO%20-%2023_10_20%20-%2000057.jpg\" alt=\"J\u00falio Gon\u00e7alves, professor da rede municipal, j\u00e1 teve seu trabalho reconhecido internacionalmente\"><small>J\u00falio Gon\u00e7alves, professor da rede municipal, j\u00e1 teve seu trabalho reconhecido internacionalmente<\/small> <\/p>\n\n\n\n<p>O prefeito Hildon Chaves destacou a import\u00e2ncia da atua\u00e7\u00e3o das personalidades ao desenvolvimento de Porto Velho. &#8220;Esta \u00e9 uma forma de reconhecer os bons servi\u00e7os prestados ao estado e ao munic\u00edpio. Sei que todos t\u00eam responsabilidades e amor por esta capital, e algumas pessoas possuem um destaque especial. Neste momento, materializamos este reconhecimento em nome da Prefeitura de Porto Velho&#8221;, disse o prefeito.<\/p>\n\n\n\n<p><strong>SOBRE A COMENDA<\/strong><\/p>\n\n\n\n<p>A Comenda Madeira-Mamor\u00e9 \u00e9 a mais alta honraria institu\u00edda para homenagear as pessoas que contribuem para o desenvolvimento socioecon\u00f4mico e cultural do munic\u00edpio de Porto Velho. Ela foi criada pela Lei n\u00ba 1.433, de 4 de outubro de 2021, e readequada pela Lei n\u00ba 2.933, de 26 de maio de 2022. Atrav\u00e9s do decreto n\u00ba 19.456, de 18 de outubro de 2023, 17 personalidades foram indicadas \u00e0 homenagem. S\u00e3o elas:<\/p>\n\n\n\n<figure class=\"wp-block-image size-large\"><img loading=\"lazy\" decoding=\"async\" width=\"1024\" height=\"683\" src=\"https:\/\/vipfesta.com.br\/vipfesta\/wp-content\/uploads\/2023\/10\/AGENDA-HILDON-ENTREGA-DE-COMENDAS-FELIPE-RIBEIRO-23_10_20-0006812-1024x683.jpg\" alt=\"\" class=\"wp-image-46899\" srcset=\"https:\/\/vipfesta.com.br\/vipfesta\/wp-content\/uploads\/2023\/10\/AGENDA-HILDON-ENTREGA-DE-COMENDAS-FELIPE-RIBEIRO-23_10_20-0006812-1024x683.jpg 1024w, https:\/\/vipfesta.com.br\/vipfesta\/wp-content\/uploads\/2023\/10\/AGENDA-HILDON-ENTREGA-DE-COMENDAS-FELIPE-RIBEIRO-23_10_20-0006812-300x200.jpg 300w, https:\/\/vipfesta.com.br\/vipfesta\/wp-content\/uploads\/2023\/10\/AGENDA-HILDON-ENTREGA-DE-COMENDAS-FELIPE-RIBEIRO-23_10_20-0006812-768x512.jpg 768w, https:\/\/vipfesta.com.br\/vipfesta\/wp-content\/uploads\/2023\/10\/AGENDA-HILDON-ENTREGA-DE-COMENDAS-FELIPE-RIBEIRO-23_10_20-0006812-1536x1024.jpg 1536w, https:\/\/vipfesta.com.br\/vipfesta\/wp-content\/uploads\/2023\/10\/AGENDA-HILDON-ENTREGA-DE-COMENDAS-FELIPE-RIBEIRO-23_10_20-0006812-150x100.jpg 150w, https:\/\/vipfesta.com.br\/vipfesta\/wp-content\/uploads\/2023\/10\/AGENDA-HILDON-ENTREGA-DE-COMENDAS-FELIPE-RIBEIRO-23_10_20-0006812.jpg 1600w\" sizes=\"auto, (max-width: 1024px) 100vw, 1024px\" \/><\/figure>\n\n\n\n<p>1 \u2013 Cel. Av. Marcos de Oliveira Macedo \u2013 Comandante da Base A\u00e9rea de Porto Velho;<br>2 \u2013 Roosevelt Queiroz Costa \u2013 Desembargador do Tribunal de Justi\u00e7a do Estado de Rond\u00f4nia;<br>3 \u2013 Apar\u00edcio Carvalho de Moraes \u2013 Reitor do Centro Universit\u00e1rio Apar\u00edcio Carvalho (Fimca);<br>4 \u2013 Samir Fouad Abboud \u2013 Delegado Geral da Pol\u00edcia Civil do Estado de Rond\u00f4nia;<br>5 \u2013 Alexey da Cunha Oliveira \u2013 Secret\u00e1rio Municipal de Administra\u00e7\u00e3o (2016 a 2023);<br>6 \u2013 Tc. Wilton Nascimento Amorim \u2013 Comandante Regional de Policiamento I;<br>7 \u2013 Tc. Ewerson Pontes \u2013 Comandante do 9\u00b0 Batalh\u00e3o de Pol\u00edcia Militar do Estado de Rond\u00f4nia;<br>8 \u2013 Maj. Paulo Lima da Silva \u2013 Comandante do 5\u00ba Batalh\u00e3o de Pol\u00edcia Militar do Estado de Rond\u00f4nia;<br>9 \u2013 Maria S\u00edlvia Fonseca Ribeiro \u2013 Vice-Reitora do Grupo Educacional Apar\u00edcio Carvalho;<br>10 \u2013 Lawrence Kichileski Lachi \u2013 Delegado Titular da Delegacia Especializada de Repress\u00e3o e Lavagem de dinheiro;<br>11 \u2013 Iury De Medeiros Brasileiro \u2013 Delegado Titular da Delegacia Especializada em Combate \u00e0s Fac\u00e7\u00f5es e Crimes Organizados;<br>12 \u2013 Daniel Braga Batista \u2013 Delegado Titular da Delegacia de Repress\u00e3o aos Crimes de Roubos, Furtos e Extors\u00f5es;<br>13 \u2013 Manoel Fl\u00e1vio M\u00e9dici Jurado \u2013 Advogado;<br>14 \u2013 M\u00e1rio Val\u00e9rio Gazin \u2013 Empres\u00e1rio;<br>15 \u2013 Cleomildo de Melo Freire \u2013 Empres\u00e1rio;<br>16 \u2013 J\u00falio Gon\u00e7alves Barbosa \u2013 Professor Municipal;<br>17 \u2013 Ant\u00f4nio C\u00e2ndido da Silva \u2013 Escritor, compositor e criador da bandeira do Munic\u00edpio de Porto Velho.<\/p>\n\n\n\n<p><strong>Texto:<\/strong>&nbsp;Beatriz Galv\u00e3o<br><strong>Fotos:<\/strong>&nbsp;SMC<\/p>\n\n\n\n<p><strong>Superintend\u00eancia Municipal de Comunica\u00e7\u00e3o (SMC)<\/strong><\/p>\n","protected":false},"excerpt":{"rendered":"<p>A Prefeitura de Porto Velho homenageou 17 personalidades da cidade com a entrega da Distin\u00e7\u00e3o Honor\u00edfica Madeira-Mamor\u00e9, em reconhecimento aos<\/p>\n","protected":false},"author":1,"featured_media":46900,"comment_status":"closed","ping_status":"open","sticky":false,"template":"","format":"standard","meta":{"colormag_page_container_layout":"default_layout","colormag_page_sidebar_layout":"default_layout","footnotes":""},"categories":[1],"tags":[1572],"class_list":["post-46898","post","type-post","status-publish","format-standard","has-post-thumbnail","hentry","category-news","tag-porto-velho"],"_links":{"self":[{"href":"https:\/\/vipfesta.com.br\/vipfesta\/wp-json\/wp\/v2\/posts\/46898","targetHints":{"allow":["GET"]}}],"collection":[{"href":"https:\/\/vipfesta.com.br\/vipfesta\/wp-json\/wp\/v2\/posts"}],"about":[{"href":"https:\/\/vipfesta.com.br\/vipfesta\/wp-json\/wp\/v2\/types\/post"}],"author":[{"embeddable":true,"href":"https:\/\/vipfesta.com.br\/vipfesta\/wp-json\/wp\/v2\/users\/1"}],"replies":[{"embeddable":true,"href":"https:\/\/vipfesta.com.br\/vipfesta\/wp-json\/wp\/v2\/comments?post=46898"}],"version-history":[{"count":1,"href":"https:\/\/vipfesta.com.br\/vipfesta\/wp-json\/wp\/v2\/posts\/46898\/revisions"}],"predecessor-version":[{"id":46901,"href":"https:\/\/vipfesta.com.br\/vipfesta\/wp-json\/wp\/v2\/posts\/46898\/revisions\/46901"}],"wp:featuredmedia":[{"embeddable":true,"href":"https:\/\/vipfesta.com.br\/vipfesta\/wp-json\/wp\/v2\/media\/46900"}],"wp:attachment":[{"href":"https:\/\/vipfesta.com.br\/vipfesta\/wp-json\/wp\/v2\/media?parent=46898"}],"wp:term":[{"taxonomy":"category","embeddable":true,"href":"https:\/\/vipfesta.com.br\/vipfesta\/wp-json\/wp\/v2\/categories?post=46898"},{"taxonomy":"post_tag","embeddable":true,"href":"https:\/\/vipfesta.com.br\/vipfesta\/wp-json\/wp\/v2\/tags?post=46898"}],"curies":[{"name":"wp","href":"https:\/\/api.w.org\/{rel}","templated":true}]}}