{"id":46618,"date":"2023-10-04T17:28:41","date_gmt":"2023-10-04T21:28:41","guid":{"rendered":"https:\/\/vipfesta.com.br\/vipfesta\/?p=46618"},"modified":"2023-10-04T17:31:17","modified_gmt":"2023-10-04T21:31:17","slug":"silvia-cristina-41","status":"publish","type":"post","link":"https:\/\/vipfesta.com.br\/vipfesta\/silvia-cristina-41\/","title":{"rendered":"Deputada S\u00edlvia Cristina alerta para os n\u00fameros alarmantes de casos de c\u00e2ncer de mama"},"content":{"rendered":"\n<figure class=\"wp-block-image size-full\"><img loading=\"lazy\" decoding=\"async\" width=\"1000\" height=\"616\" src=\"https:\/\/vipfesta.com.br\/vipfesta\/wp-content\/uploads\/2023\/10\/IMG-20231004-WA0720.jpg\" alt=\"\" class=\"wp-image-46619\" srcset=\"https:\/\/vipfesta.com.br\/vipfesta\/wp-content\/uploads\/2023\/10\/IMG-20231004-WA0720.jpg 1000w, https:\/\/vipfesta.com.br\/vipfesta\/wp-content\/uploads\/2023\/10\/IMG-20231004-WA0720-300x185.jpg 300w, https:\/\/vipfesta.com.br\/vipfesta\/wp-content\/uploads\/2023\/10\/IMG-20231004-WA0720-768x473.jpg 768w, https:\/\/vipfesta.com.br\/vipfesta\/wp-content\/uploads\/2023\/10\/IMG-20231004-WA0720-150x92.jpg 150w\" sizes=\"auto, (max-width: 1000px) 100vw, 1000px\" \/><figcaption class=\"wp-element-caption\">Uma em cada seis mulheres ter\u00e1 a doen\u00e7a e parlamentar orienta a fazer os exames preventivos<\/figcaption><\/figure>\n\n\n\n<p>Os n\u00fameros s\u00e3o assustadores: Uma em cada seis mulheres ter\u00e1 c\u00e2ncer de mama. No Brasil, s\u00e3o 73,6 mil novos casos anuais de c\u00e2ncer de mama. Este \u00e9 o tipo de c\u00e2ncer mais incidente em mulheres em todas as regi\u00f5es do pa\u00eds. \u00c9 neste cen\u00e1rio que a campanha do Outubro Rosa, de conscientiza\u00e7\u00e3o para a preven\u00e7\u00e3o e diagn\u00f3stico precoce da doen\u00e7a, ganha a cada ano mais for\u00e7a. <\/p>\n\n\n\n<p>Para a deputada federal S\u00edlvia Cristina (PL), \u00e9 o momento de chamar a aten\u00e7\u00e3o para a grave doen\u00e7a, mas acima de tudo para alertar para a import\u00e2ncia de se cuidar, de fazer os exames e buscar o tratamento. &#8220;Aos 33 anos, descobri o c\u00e2ncer de mama e sei o quanto \u00e9 doloroso enfrentar essa doen\u00e7a terr\u00edvel. Fui mutilada, mas fiz todo o tratamento e gra\u00e7as a Deus estou curada e dando meu testemunho, para encorajar que outras mulheres se cuidem, que fa\u00e7am os exames e busquem o tratamento, caso haja a presen\u00e7a do c\u00e2ncer&#8221;. <\/p>\n\n\n\n<p>Para a parlamentar, &#8220;as autoridades de sa\u00fade p\u00fablica precisam ainda mais investir na preven\u00e7\u00e3o, no diagn\u00f3stico e no tratamento para que as mulheres possam ter acesso gratuito aos rem\u00e9dios e procedimentos mais modernos, de prefer\u00eancia pr\u00f3ximos ao seu munic\u00edpio&#8221;. <\/p>\n\n\n\n<p><strong>Preven\u00e7\u00e3o<\/strong><br>S\u00edlvia Cristina refor\u00e7ou a necessidade de diagn\u00f3stico precoce, ressaltando que as mulheres precisam buscar os exames sempre, n\u00e3o apenas quando tiver n\u00f3dulos na mama. &#8220;Acima dos 40 anos, precisam fazer os exames de forma rotineira. As mulheres com menos de 40 anos, devem fazer o autoexame continuamente. Temos casos de mulheres jovens com c\u00e2ncer de mama e isso tem sido motivo de discuss\u00e3o no Congresso Nacional, reduzir a idade para se fazer o exame, pois \u00e9 o tipo de c\u00e2ncer que mais atinge e mata mulheres no pa\u00eds&#8221;, completou.<\/p>\n\n\n\n<p><strong>N\u00fameros<\/strong><br>De cada 10 casos de c\u00e2ncer diagnosticado, um \u00e9 de mama. Infelizmente, s\u00e3o 55% das pacientes diagnosticadas j\u00e1 com a doen\u00e7a em est\u00e1gios avan\u00e7ados. <\/p>\n\n\n\n<p>Outro n\u00famero importante \u00e9 que 44% das pacientes come\u00e7aram o tratamento depois de 60 dias do diagn\u00f3stico, nos \u00faltimos tr\u00eas anos, mesmo tendo uma lei desde 2013 que assegura que o tratamento deve come\u00e7ar em at\u00e9 60 dias. <\/p>\n\n\n\n<p>E entre as mulheres que fazem tratamento da doen\u00e7a, 55% precisam sair de seu munic\u00edpio para conseguir o acesso ao atendimento especializado. E 38% dos \u00f3bitos por c\u00e2ncer de mama s\u00e3o prematuros (pessoas entre 30 e 69 anos). <\/p>\n\n\n\n<p>Assessoria <\/p>\n\n\n\n<p><\/p>\n","protected":false},"excerpt":{"rendered":"<p>Os n\u00fameros s\u00e3o assustadores: Uma em cada seis mulheres ter\u00e1 c\u00e2ncer de mama. No Brasil, s\u00e3o 73,6 mil novos casos<\/p>\n","protected":false},"author":1,"featured_media":46619,"comment_status":"closed","ping_status":"open","sticky":false,"template":"","format":"standard","meta":{"colormag_page_container_layout":"default_layout","colormag_page_sidebar_layout":"default_layout","footnotes":""},"categories":[303,470],"tags":[1567],"class_list":["post-46618","post","type-post","status-publish","format-standard","has-post-thumbnail","hentry","category-politica","category-silvia-cristina","tag-silvia-cristina-2"],"_links":{"self":[{"href":"https:\/\/vipfesta.com.br\/vipfesta\/wp-json\/wp\/v2\/posts\/46618","targetHints":{"allow":["GET"]}}],"collection":[{"href":"https:\/\/vipfesta.com.br\/vipfesta\/wp-json\/wp\/v2\/posts"}],"about":[{"href":"https:\/\/vipfesta.com.br\/vipfesta\/wp-json\/wp\/v2\/types\/post"}],"author":[{"embeddable":true,"href":"https:\/\/vipfesta.com.br\/vipfesta\/wp-json\/wp\/v2\/users\/1"}],"replies":[{"embeddable":true,"href":"https:\/\/vipfesta.com.br\/vipfesta\/wp-json\/wp\/v2\/comments?post=46618"}],"version-history":[{"count":2,"href":"https:\/\/vipfesta.com.br\/vipfesta\/wp-json\/wp\/v2\/posts\/46618\/revisions"}],"predecessor-version":[{"id":46622,"href":"https:\/\/vipfesta.com.br\/vipfesta\/wp-json\/wp\/v2\/posts\/46618\/revisions\/46622"}],"wp:featuredmedia":[{"embeddable":true,"href":"https:\/\/vipfesta.com.br\/vipfesta\/wp-json\/wp\/v2\/media\/46619"}],"wp:attachment":[{"href":"https:\/\/vipfesta.com.br\/vipfesta\/wp-json\/wp\/v2\/media?parent=46618"}],"wp:term":[{"taxonomy":"category","embeddable":true,"href":"https:\/\/vipfesta.com.br\/vipfesta\/wp-json\/wp\/v2\/categories?post=46618"},{"taxonomy":"post_tag","embeddable":true,"href":"https:\/\/vipfesta.com.br\/vipfesta\/wp-json\/wp\/v2\/tags?post=46618"}],"curies":[{"name":"wp","href":"https:\/\/api.w.org\/{rel}","templated":true}]}}