{"id":44523,"date":"2023-06-30T17:59:20","date_gmt":"2023-06-30T21:59:20","guid":{"rendered":"https:\/\/vipfesta.com.br\/vipfesta\/?p=44523"},"modified":"2023-06-30T18:00:35","modified_gmt":"2023-06-30T22:00:35","slug":"silvia-cristina-14","status":"publish","type":"post","link":"https:\/\/vipfesta.com.br\/vipfesta\/silvia-cristina-14\/","title":{"rendered":"Deputada S\u00edlvia Cristina volta a defender regulariza\u00e7\u00e3o fundi\u00e1ria, audi\u00eancia que discutiu embargos do Ibama"},"content":{"rendered":"\n<figure class=\"wp-block-image size-full\"><img loading=\"lazy\" decoding=\"async\" width=\"687\" height=\"515\" src=\"https:\/\/vipfesta.com.br\/vipfesta\/wp-content\/uploads\/2023\/06\/IMG-20230630-WA0612.jpg\" alt=\"\" class=\"wp-image-44524\" srcset=\"https:\/\/vipfesta.com.br\/vipfesta\/wp-content\/uploads\/2023\/06\/IMG-20230630-WA0612.jpg 687w, https:\/\/vipfesta.com.br\/vipfesta\/wp-content\/uploads\/2023\/06\/IMG-20230630-WA0612-300x225.jpg 300w, https:\/\/vipfesta.com.br\/vipfesta\/wp-content\/uploads\/2023\/06\/IMG-20230630-WA0612-150x112.jpg 150w\" sizes=\"auto, (max-width: 687px) 100vw, 687px\" \/><figcaption class=\"wp-element-caption\">Ela tamb\u00e9m apontou a recupera\u00e7\u00e3o de \u00e1reas degradadas para a produ\u00e7\u00e3o agropecu\u00e1ria<\/figcaption><\/figure>\n\n\n\n<p><\/p>\n\n\n\n<p><\/p>\n\n\n\n<p>Ao participar na manh\u00e3 desta sexta-feira (30) da audi\u00eancia p\u00fablica, realizada na Assembleia Legislativa para discutir os embargos ambientais por parte do Ibama, a deputada federal S\u00edlvia Cristina, defendeu a regulariza\u00e7\u00e3o fundi\u00e1ria e a recupera\u00e7\u00e3o de \u00e1reas degradadas, como forma de enfrentar o impasse. <\/p>\n\n\n\n<p><\/p>\n\n\n\n<p>Os embargos atingem \u00e1reas que foram desmatadas ap\u00f3s 2008, que \u00e9 o marco temporal definido para estabelecer \u00e1rea rural consolidada, conforme a aplica\u00e7\u00e3o do C\u00f3digo Florestal, que \u00e9 de 2012.<\/p>\n\n\n\n<p><br>&#8220;\u00c9 preciso garantir a regulariza\u00e7\u00e3o fundi\u00e1ria, pois quem \u00e9 dono de fato e de direito do seu lote, vai agir com muito mais responsabilidade e compromisso ambiental. Do jeito que est\u00e1, fica muito disperso e abre espa\u00e7os para que algu\u00e9m cometa excessos, o que acaba prejudicando a todos&#8221;, disse a deputada.<\/p>\n\n\n\n<p><br>Na audi\u00eancia, a deputada pontuou que &#8220;reforcei a minha posi\u00e7\u00e3o de que o Ibama precisa dar uma resposta para solucionar o problema, que pode atingir 50 mil propriedades em Rond\u00f4nia. O que \u00e9 o embargo, \u00e9 uma interdi\u00e7\u00e3o da propriedade, que precisa retirar o rebanho, n\u00e3o pode ter plantio nem nada. Ou seja, inviabiliza a produ\u00e7\u00e3o e prejudica a nossa economia, que depende da for\u00e7a do campo para seguir se desenvolvendo&#8221;.<\/p>\n\n\n\n<p><br>Em recente reuni\u00e3o em Bras\u00edlia, com o presidente do Ibama, Rodrigo Agostinho, a parlamentar deixou clara a sua defesa do homem do campo. &#8220;Temos um problema grave e cobrei do Ibama uma posi\u00e7\u00e3o definitiva para resolv\u00ea-lo. N\u00e3o posso aceitar que quem trabalha e produz seja marginalizado&#8221;.<\/p>\n\n\n\n<p><br><strong>\u00c1reas degradadas<\/strong><\/p>\n\n\n\n<p><br>S\u00edlvia Cristina tamb\u00e9m defendeu que as \u00e1reas degradadas sejam recuperadas e disponibilizadas para quem produz, j\u00e1 com a devida regulariza\u00e7\u00e3o fundi\u00e1ria. &#8220;Ao meu ver, \u00e9 um conjunto de a\u00e7\u00f5es que podem solucionar esse impasse e passa pela regulariza\u00e7\u00e3o, mas tamb\u00e9m pela recupera\u00e7\u00e3o de \u00e1reas degradadas, para que sejam utilizadas para a produ\u00e7\u00e3o agropecu\u00e1ria&#8221;.<\/p>\n\n\n\n<p>Assessoria <\/p>\n\n\n\n<p><\/p>\n","protected":false},"excerpt":{"rendered":"<p>Ao participar na manh\u00e3 desta sexta-feira (30) da audi\u00eancia p\u00fablica, realizada na Assembleia Legislativa para discutir os embargos ambientais por<\/p>\n","protected":false},"author":1,"featured_media":44524,"comment_status":"closed","ping_status":"open","sticky":false,"template":"","format":"standard","meta":{"colormag_page_container_layout":"default_layout","colormag_page_sidebar_layout":"default_layout","footnotes":""},"categories":[303,470],"tags":[541],"class_list":["post-44523","post","type-post","status-publish","format-standard","has-post-thumbnail","hentry","category-politica","category-silvia-cristina","tag-silvia-cristina"],"_links":{"self":[{"href":"https:\/\/vipfesta.com.br\/vipfesta\/wp-json\/wp\/v2\/posts\/44523","targetHints":{"allow":["GET"]}}],"collection":[{"href":"https:\/\/vipfesta.com.br\/vipfesta\/wp-json\/wp\/v2\/posts"}],"about":[{"href":"https:\/\/vipfesta.com.br\/vipfesta\/wp-json\/wp\/v2\/types\/post"}],"author":[{"embeddable":true,"href":"https:\/\/vipfesta.com.br\/vipfesta\/wp-json\/wp\/v2\/users\/1"}],"replies":[{"embeddable":true,"href":"https:\/\/vipfesta.com.br\/vipfesta\/wp-json\/wp\/v2\/comments?post=44523"}],"version-history":[{"count":2,"href":"https:\/\/vipfesta.com.br\/vipfesta\/wp-json\/wp\/v2\/posts\/44523\/revisions"}],"predecessor-version":[{"id":44526,"href":"https:\/\/vipfesta.com.br\/vipfesta\/wp-json\/wp\/v2\/posts\/44523\/revisions\/44526"}],"wp:featuredmedia":[{"embeddable":true,"href":"https:\/\/vipfesta.com.br\/vipfesta\/wp-json\/wp\/v2\/media\/44524"}],"wp:attachment":[{"href":"https:\/\/vipfesta.com.br\/vipfesta\/wp-json\/wp\/v2\/media?parent=44523"}],"wp:term":[{"taxonomy":"category","embeddable":true,"href":"https:\/\/vipfesta.com.br\/vipfesta\/wp-json\/wp\/v2\/categories?post=44523"},{"taxonomy":"post_tag","embeddable":true,"href":"https:\/\/vipfesta.com.br\/vipfesta\/wp-json\/wp\/v2\/tags?post=44523"}],"curies":[{"name":"wp","href":"https:\/\/api.w.org\/{rel}","templated":true}]}}