{"id":44385,"date":"2023-06-23T11:25:00","date_gmt":"2023-06-23T15:25:00","guid":{"rendered":"https:\/\/vipfesta.com.br\/vipfesta\/?p=44385"},"modified":"2023-06-23T11:27:17","modified_gmt":"2023-06-23T15:27:17","slug":"silvia-cristina-9","status":"publish","type":"post","link":"https:\/\/vipfesta.com.br\/vipfesta\/silvia-cristina-9\/","title":{"rendered":"Deputada S\u00edlvia Cristina convida para evento com Michele Bolsonaro, neste s\u00e1bado no Clube Vera Cruz"},"content":{"rendered":"\n<figure class=\"wp-block-image size-large\"><img loading=\"lazy\" decoding=\"async\" width=\"1024\" height=\"768\" src=\"https:\/\/vipfesta.com.br\/vipfesta\/wp-content\/uploads\/2023\/06\/InShot_20230623_112350596-1024x768.jpg\" alt=\"\" class=\"wp-image-44387\" srcset=\"https:\/\/vipfesta.com.br\/vipfesta\/wp-content\/uploads\/2023\/06\/InShot_20230623_112350596-1024x768.jpg 1024w, https:\/\/vipfesta.com.br\/vipfesta\/wp-content\/uploads\/2023\/06\/InShot_20230623_112350596-300x225.jpg 300w, https:\/\/vipfesta.com.br\/vipfesta\/wp-content\/uploads\/2023\/06\/InShot_20230623_112350596-768x576.jpg 768w, https:\/\/vipfesta.com.br\/vipfesta\/wp-content\/uploads\/2023\/06\/InShot_20230623_112350596-1536x1152.jpg 1536w, https:\/\/vipfesta.com.br\/vipfesta\/wp-content\/uploads\/2023\/06\/InShot_20230623_112350596-150x113.jpg 150w, https:\/\/vipfesta.com.br\/vipfesta\/wp-content\/uploads\/2023\/06\/InShot_20230623_112350596.jpg 1920w\" sizes=\"auto, (max-width: 1024px) 100vw, 1024px\" \/><figcaption class=\"wp-element-caption\">Evento \u00e9 gratuito e aberto ao p\u00fablico, para marcar a posse de S\u00edlvia Cristina no comando estadual do PL Mulher<\/figcaption><\/figure>\n\n\n\n<p><\/p>\n\n\n\n<p><\/p>\n\n\n\n<p>A deputada federal S\u00edlvia Cristina refor\u00e7ou o convite para que as fam\u00edlias de Rond\u00f4nia prestigiem o evento com a presidente nacional do PL Mulher, a ex-primeira-dama do Brasil, Michele Bolsonaro, neste s\u00e1bado (24), \u00e0s 09h, no Clube Vera Cruz, em Ji-Paran\u00e1, quando a parlamentar ser\u00e1 empossada no comando do PL Mulher em Rond\u00f4nia, al\u00e9m de outras lideran\u00e7as empossadas presidentes do PL Mulher em diversos munic\u00edpios do Estado.<\/p>\n\n\n\n<p><br>&#8220;Preparamos tudo com o maior carinho para receber nossos amigos nesse evento especial e gratuito. A nossa querida Michele Bolsonaro est\u00e1 confirmad\u00edssima, na nossa Cidade Cora\u00e7\u00e3o de Rond\u00f4nia, prestigiando minha posse no PL Mulher em Rond\u00f4nia e recebendo lideran\u00e7as femininas de diversos munic\u00edpios de Rond\u00f4nia&#8221;, disse S\u00edlvia Cristina.<\/p>\n\n\n\n<p><br>Michele Bolsonaro tamb\u00e9m far\u00e1 o lan\u00e7amento do programa Mulheres que Fazem Acontecer, como forma de estimular a participa\u00e7\u00e3o feminina na pol\u00edtica, com exemplos de mulheres que inspiram. &#8220;Ser\u00e1, com certeza, um encontro especial com as mulheres de Rond\u00f4nia, onde vamos empossar a nossa grande lideran\u00e7a, a deputada S\u00edlvia Cristina no comando do PL Mulher no Estado. Queremos as fam\u00edlias rondoniense juntas nesse grande encontro&#8221;, destacou Michele Bolsonaro.<\/p>\n\n\n\n<p><br>S\u00edlvia Cristina refor\u00e7ou ainda que o evento \u00e9 gratuito e aberto \u00e0s pessoas de todas as idades. &#8220;Vai ser emocionante e convidamos todas as fam\u00edlias de Rond\u00f4nia nesse grande encontro, n\u00e3o somente as mulheres est\u00e3o convidadas, mas homens, jovens, crian\u00e7as e idosos, todos ser\u00e3o bem vindos a este ato t\u00e3o significativo&#8221;. <\/p>\n\n\n\n<p>Assessoria <\/p>\n\n\n\n<p><\/p>\n","protected":false},"excerpt":{"rendered":"<p>A deputada federal S\u00edlvia Cristina refor\u00e7ou o convite para que as fam\u00edlias de Rond\u00f4nia prestigiem o evento com a presidente<\/p>\n","protected":false},"author":1,"featured_media":44387,"comment_status":"closed","ping_status":"open","sticky":false,"template":"","format":"standard","meta":{"colormag_page_container_layout":"default_layout","colormag_page_sidebar_layout":"default_layout","footnotes":""},"categories":[303],"tags":[541],"class_list":["post-44385","post","type-post","status-publish","format-standard","has-post-thumbnail","hentry","category-politica","tag-silvia-cristina"],"_links":{"self":[{"href":"https:\/\/vipfesta.com.br\/vipfesta\/wp-json\/wp\/v2\/posts\/44385","targetHints":{"allow":["GET"]}}],"collection":[{"href":"https:\/\/vipfesta.com.br\/vipfesta\/wp-json\/wp\/v2\/posts"}],"about":[{"href":"https:\/\/vipfesta.com.br\/vipfesta\/wp-json\/wp\/v2\/types\/post"}],"author":[{"embeddable":true,"href":"https:\/\/vipfesta.com.br\/vipfesta\/wp-json\/wp\/v2\/users\/1"}],"replies":[{"embeddable":true,"href":"https:\/\/vipfesta.com.br\/vipfesta\/wp-json\/wp\/v2\/comments?post=44385"}],"version-history":[{"count":3,"href":"https:\/\/vipfesta.com.br\/vipfesta\/wp-json\/wp\/v2\/posts\/44385\/revisions"}],"predecessor-version":[{"id":44390,"href":"https:\/\/vipfesta.com.br\/vipfesta\/wp-json\/wp\/v2\/posts\/44385\/revisions\/44390"}],"wp:featuredmedia":[{"embeddable":true,"href":"https:\/\/vipfesta.com.br\/vipfesta\/wp-json\/wp\/v2\/media\/44387"}],"wp:attachment":[{"href":"https:\/\/vipfesta.com.br\/vipfesta\/wp-json\/wp\/v2\/media?parent=44385"}],"wp:term":[{"taxonomy":"category","embeddable":true,"href":"https:\/\/vipfesta.com.br\/vipfesta\/wp-json\/wp\/v2\/categories?post=44385"},{"taxonomy":"post_tag","embeddable":true,"href":"https:\/\/vipfesta.com.br\/vipfesta\/wp-json\/wp\/v2\/tags?post=44385"}],"curies":[{"name":"wp","href":"https:\/\/api.w.org\/{rel}","templated":true}]}}