{"id":42350,"date":"2023-02-02T11:14:02","date_gmt":"2023-02-02T15:14:02","guid":{"rendered":"https:\/\/vipfesta.com.br\/vipfesta\/?p=42350"},"modified":"2023-02-02T11:14:03","modified_gmt":"2023-02-02T15:14:03","slug":"nim-barroso-na-mesa-diretora-da-ale-ro","status":"publish","type":"post","link":"https:\/\/vipfesta.com.br\/vipfesta\/nim-barroso-na-mesa-diretora-da-ale-ro\/","title":{"rendered":"Nim Barroso na mesa diretora da ALE\/RO"},"content":{"rendered":"\n<figure class=\"wp-block-image size-large\"><img loading=\"lazy\" decoding=\"async\" width=\"1024\" height=\"682\" src=\"https:\/\/vipfesta.com.br\/vipfesta\/wp-content\/uploads\/2023\/02\/IMG-20230202-WA0147-1024x682.jpg\" alt=\"\" class=\"wp-image-42351\" srcset=\"https:\/\/vipfesta.com.br\/vipfesta\/wp-content\/uploads\/2023\/02\/IMG-20230202-WA0147-1024x682.jpg 1024w, https:\/\/vipfesta.com.br\/vipfesta\/wp-content\/uploads\/2023\/02\/IMG-20230202-WA0147-300x200.jpg 300w, https:\/\/vipfesta.com.br\/vipfesta\/wp-content\/uploads\/2023\/02\/IMG-20230202-WA0147-768x512.jpg 768w, https:\/\/vipfesta.com.br\/vipfesta\/wp-content\/uploads\/2023\/02\/IMG-20230202-WA0147-1536x1023.jpg 1536w, https:\/\/vipfesta.com.br\/vipfesta\/wp-content\/uploads\/2023\/02\/IMG-20230202-WA0147-150x100.jpg 150w, https:\/\/vipfesta.com.br\/vipfesta\/wp-content\/uploads\/2023\/02\/IMG-20230202-WA0147.jpg 1600w\" sizes=\"auto, (max-width: 1024px) 100vw, 1024px\" \/><\/figure>\n\n\n\n<p>O deputado estadual Nim Barroso tomou posse, nesta quarta-feira (01\/02), para o primeiro mandato na Assembleia Legislativa de Rond\u00f4nia (ALE\/RO). A cerim\u00f4nia aconteceu na Casa de Shows Talism\u00e3 21, em Porto Velho. Na ocasi\u00e3o, familiares e amigos estiveram presentes no evento. <\/p>\n\n\n\n<figure class=\"wp-block-image size-large\"><img loading=\"lazy\" decoding=\"async\" width=\"1024\" height=\"697\" src=\"https:\/\/vipfesta.com.br\/vipfesta\/wp-content\/uploads\/2023\/02\/IMG-20230202-WA0151-1024x697.jpg\" alt=\"\" class=\"wp-image-42352\" srcset=\"https:\/\/vipfesta.com.br\/vipfesta\/wp-content\/uploads\/2023\/02\/IMG-20230202-WA0151-1024x697.jpg 1024w, https:\/\/vipfesta.com.br\/vipfesta\/wp-content\/uploads\/2023\/02\/IMG-20230202-WA0151-300x204.jpg 300w, https:\/\/vipfesta.com.br\/vipfesta\/wp-content\/uploads\/2023\/02\/IMG-20230202-WA0151-768x523.jpg 768w, https:\/\/vipfesta.com.br\/vipfesta\/wp-content\/uploads\/2023\/02\/IMG-20230202-WA0151-1536x1045.jpg 1536w, https:\/\/vipfesta.com.br\/vipfesta\/wp-content\/uploads\/2023\/02\/IMG-20230202-WA0151-150x102.jpg 150w, https:\/\/vipfesta.com.br\/vipfesta\/wp-content\/uploads\/2023\/02\/IMG-20230202-WA0151.jpg 1587w\" sizes=\"auto, (max-width: 1024px) 100vw, 1024px\" \/><\/figure>\n\n\n\n<p>O deputado da regi\u00e3o central est\u00e1 na mesa diretora para o bi\u00eanio 2023-2024, na presid\u00eancia o deputado Marcelo Cruz (Patriota), tendo como 1\u00b0 Vice-Presidente Jean Oliveira (MDB), 2\u00b0 Vice-Presidente: Ribeiro do Sinpol (Patriota). 1\u00b0 Secret\u00e1rio Cirone Deir\u00f3 (Uni\u00e3o), 2\u00b0 Secret\u00e1rio Jean Mendon\u00e7a (PL), 3\u00b0 Secret\u00e1rio Nim Barroso (PSD) e 4\u00b0 Secret\u00e1rio Alex Redano (Republicanos). <\/p>\n\n\n\n<figure class=\"wp-block-image size-large\"><img loading=\"lazy\" decoding=\"async\" width=\"1024\" height=\"682\" src=\"https:\/\/vipfesta.com.br\/vipfesta\/wp-content\/uploads\/2023\/02\/IMG-20230202-WA0155-1024x682.jpg\" alt=\"\" class=\"wp-image-42353\" srcset=\"https:\/\/vipfesta.com.br\/vipfesta\/wp-content\/uploads\/2023\/02\/IMG-20230202-WA0155-1024x682.jpg 1024w, https:\/\/vipfesta.com.br\/vipfesta\/wp-content\/uploads\/2023\/02\/IMG-20230202-WA0155-300x200.jpg 300w, https:\/\/vipfesta.com.br\/vipfesta\/wp-content\/uploads\/2023\/02\/IMG-20230202-WA0155-768x512.jpg 768w, https:\/\/vipfesta.com.br\/vipfesta\/wp-content\/uploads\/2023\/02\/IMG-20230202-WA0155-1536x1023.jpg 1536w, https:\/\/vipfesta.com.br\/vipfesta\/wp-content\/uploads\/2023\/02\/IMG-20230202-WA0155-150x100.jpg 150w, https:\/\/vipfesta.com.br\/vipfesta\/wp-content\/uploads\/2023\/02\/IMG-20230202-WA0155.jpg 1600w\" sizes=\"auto, (max-width: 1024px) 100vw, 1024px\" \/><\/figure>\n\n\n\n<p>Como vereador foi reconhecido pela popula\u00e7\u00e3o como mais atuante na C\u00e2mara Municipal de Ji-Paran\u00e1, sendo o mais votado na sua reelei\u00e7\u00e3o em 2020. Nim Barroso disse que na Assembleia Legislativa a responsabilidade \u00e9 maior e a possibilidade de trabalhar para povo Rondoniense tamb\u00e9m. <\/p>\n\n\n\n<p><br>O deputado destacou que vai fazer um mandato trabalhando muito, ajudando o povo de Rond\u00f4nia e buscando atender o coletivo. <\/p>\n\n\n\n<figure class=\"wp-block-image size-large\"><img loading=\"lazy\" decoding=\"async\" width=\"1024\" height=\"682\" src=\"https:\/\/vipfesta.com.br\/vipfesta\/wp-content\/uploads\/2023\/02\/IMG-20230202-WA0153-1024x682.jpg\" alt=\"\" class=\"wp-image-42354\" srcset=\"https:\/\/vipfesta.com.br\/vipfesta\/wp-content\/uploads\/2023\/02\/IMG-20230202-WA0153-1024x682.jpg 1024w, https:\/\/vipfesta.com.br\/vipfesta\/wp-content\/uploads\/2023\/02\/IMG-20230202-WA0153-300x200.jpg 300w, https:\/\/vipfesta.com.br\/vipfesta\/wp-content\/uploads\/2023\/02\/IMG-20230202-WA0153-768x512.jpg 768w, https:\/\/vipfesta.com.br\/vipfesta\/wp-content\/uploads\/2023\/02\/IMG-20230202-WA0153-1536x1023.jpg 1536w, https:\/\/vipfesta.com.br\/vipfesta\/wp-content\/uploads\/2023\/02\/IMG-20230202-WA0153-150x100.jpg 150w, https:\/\/vipfesta.com.br\/vipfesta\/wp-content\/uploads\/2023\/02\/IMG-20230202-WA0153.jpg 1600w\" sizes=\"auto, (max-width: 1024px) 100vw, 1024px\" \/><\/figure>\n\n\n\n<p>&#8220;O desfio \u00e9 grande, eleitores pediram nas ruas e vamos lutar para atender as demandas. \u00c9 preciso compreender que precisamos estar ao lado da popula\u00e7\u00e3o&#8221;, destacou o parlamentar.<\/p>\n\n\n\n<p>Nim disse que a elei\u00e7\u00e3o foi dificil, bastante concorrida e teve que pedir o voto consciente para chegar \u00e0 vit\u00f3ria. &#8220;Muito feliz com o reconhecimento ao nosso trabalho. Foi uma elei\u00e7\u00e3o at\u00edpica, fora do convencional, mas conseguimos chegar. <\/p>\n\n\n\n<p>Agrade\u00e7o a todos que estiveram conosco e nosso povo pode contar com um representante atuante, transparente e com muita vontade de trabalhar pelo meu estado&#8221;.<\/p>\n\n\n\n<p>Fonte: Assessoria<\/p>\n","protected":false},"excerpt":{"rendered":"<p>O deputado estadual Nim Barroso tomou posse, nesta quarta-feira (01\/02), para o primeiro mandato na Assembleia Legislativa de Rond\u00f4nia (ALE\/RO).<\/p>\n","protected":false},"author":1,"featured_media":42351,"comment_status":"open","ping_status":"open","sticky":false,"template":"","format":"standard","meta":{"colormag_page_container_layout":"default_layout","colormag_page_sidebar_layout":"default_layout","footnotes":""},"categories":[303],"tags":[15],"class_list":["post-42350","post","type-post","status-publish","format-standard","has-post-thumbnail","hentry","category-politica","tag-cidades"],"_links":{"self":[{"href":"https:\/\/vipfesta.com.br\/vipfesta\/wp-json\/wp\/v2\/posts\/42350","targetHints":{"allow":["GET"]}}],"collection":[{"href":"https:\/\/vipfesta.com.br\/vipfesta\/wp-json\/wp\/v2\/posts"}],"about":[{"href":"https:\/\/vipfesta.com.br\/vipfesta\/wp-json\/wp\/v2\/types\/post"}],"author":[{"embeddable":true,"href":"https:\/\/vipfesta.com.br\/vipfesta\/wp-json\/wp\/v2\/users\/1"}],"replies":[{"embeddable":true,"href":"https:\/\/vipfesta.com.br\/vipfesta\/wp-json\/wp\/v2\/comments?post=42350"}],"version-history":[{"count":1,"href":"https:\/\/vipfesta.com.br\/vipfesta\/wp-json\/wp\/v2\/posts\/42350\/revisions"}],"predecessor-version":[{"id":42355,"href":"https:\/\/vipfesta.com.br\/vipfesta\/wp-json\/wp\/v2\/posts\/42350\/revisions\/42355"}],"wp:featuredmedia":[{"embeddable":true,"href":"https:\/\/vipfesta.com.br\/vipfesta\/wp-json\/wp\/v2\/media\/42351"}],"wp:attachment":[{"href":"https:\/\/vipfesta.com.br\/vipfesta\/wp-json\/wp\/v2\/media?parent=42350"}],"wp:term":[{"taxonomy":"category","embeddable":true,"href":"https:\/\/vipfesta.com.br\/vipfesta\/wp-json\/wp\/v2\/categories?post=42350"},{"taxonomy":"post_tag","embeddable":true,"href":"https:\/\/vipfesta.com.br\/vipfesta\/wp-json\/wp\/v2\/tags?post=42350"}],"curies":[{"name":"wp","href":"https:\/\/api.w.org\/{rel}","templated":true}]}}