{"id":41482,"date":"2022-10-30T23:28:56","date_gmt":"2022-10-31T03:28:56","guid":{"rendered":"https:\/\/vipfesta.com.br\/vipfesta\/?p=41482"},"modified":"2022-10-31T22:24:45","modified_gmt":"2022-11-01T02:24:45","slug":"baile-de-aniversario-2022-do-sesc-clementina","status":"publish","type":"post","link":"https:\/\/vipfesta.com.br\/vipfesta\/baile-de-aniversario-2022-do-sesc-clementina\/","title":{"rendered":"Baile de M\u00e1scara no Anivers\u00e1rio do SESC Clementina"},"content":{"rendered":"\n<figure class=\"wp-block-image size-full is-resized\"><img loading=\"lazy\" decoding=\"async\" src=\"https:\/\/vipfesta.com.br\/vipfesta\/wp-content\/uploads\/2022\/10\/IMG_20221029_233336081_MFNR_2.jpg\" alt=\"\" class=\"wp-image-41483\" width=\"396\" height=\"298\" srcset=\"https:\/\/vipfesta.com.br\/vipfesta\/wp-content\/uploads\/2022\/10\/IMG_20221029_233336081_MFNR_2.jpg 721w, https:\/\/vipfesta.com.br\/vipfesta\/wp-content\/uploads\/2022\/10\/IMG_20221029_233336081_MFNR_2-300x226.jpg 300w, https:\/\/vipfesta.com.br\/vipfesta\/wp-content\/uploads\/2022\/10\/IMG_20221029_233336081_MFNR_2-150x113.jpg 150w\" sizes=\"auto, (max-width: 396px) 100vw, 396px\" \/><\/figure>\n\n\n\n<p>O Sesc Clementina Galinda Coleto de Ji-Paran\u00e1, realizou a 4\u00b0 edi\u00e7\u00e3o do Baile de Anivers\u00e1rio da institui\u00e7\u00e3o, na noite do s\u00e1bado 29 de setembro. <\/p>\n\n\n\n<figure class=\"wp-block-embed is-type-video is-provider-youtube wp-block-embed-youtube wp-embed-aspect-16-9 wp-has-aspect-ratio\"><div class=\"wp-block-embed__wrapper\">\n<iframe loading=\"lazy\" title=\"Baile de M\u00e1scara no SESC\" width=\"800\" height=\"450\" src=\"https:\/\/www.youtube.com\/embed\/lAt2LFpbI-E?feature=oembed\" frameborder=\"0\" allow=\"accelerometer; autoplay; clipboard-write; encrypted-media; gyroscope; picture-in-picture\" allowfullscreen><\/iframe>\n<\/div><figcaption>Baile de M\u00e1scara no SESC, assista \ud83d\udc46<\/figcaption><\/figure>\n\n\n\n<p>Este ano o tema foi Baile de M\u00e1scara 2022, e reuniu grupos de amigos e casais numa noite especial, proporcionando diversas experi\u00eancias \u00fanicas e inesquec\u00edveis, a festa \u00e9 reconhecida por sua qualidade, exclusividade, muita divers\u00e3o e alegria.<\/p>\n\n\n\n<p>A anima\u00e7\u00e3o musical do evento ficou por conta do Grupo Musical Focus e tamb\u00e9m com a participa\u00e7\u00e3o do cantor J\u00fanior Furtado. Confirma as fotos <\/p>\n\n\n\n<p>\ud83d\udc47<\/p>\n\n\n\n<p><a href=\"https:\/\/photos.app.goo.gl\/EdE65nUw26n9zZrm6\" target=\"_blank\" rel=\"noopener\"><strong>VEJA AQUI TODAS AS FOTOS<\/strong><\/a> <\/p>\n\n\n\n<p>\ud83d\udc46<\/p>\n\n\n\n<p>Siga nosso Instagram\ud83d\udc49 <a href=\"https:\/\/www.instagram.com\/vipfestaoficial\/\" target=\"_blank\" rel=\"noopener\" title=\"@VipFestaOficial\"><strong>@VipFestaOficial<\/strong><\/a><\/p>\n","protected":false},"excerpt":{"rendered":"<p>O Sesc Clementina Galinda Coleto de Ji-Paran\u00e1, realizou a 4\u00b0 edi\u00e7\u00e3o do Baile de Anivers\u00e1rio da institui\u00e7\u00e3o, na noite do<\/p>\n","protected":false},"author":1,"featured_media":41483,"comment_status":"open","ping_status":"open","sticky":false,"template":"","format":"standard","meta":{"colormag_page_container_layout":"default_layout","colormag_page_sidebar_layout":"default_layout","footnotes":""},"categories":[295],"tags":[65],"class_list":["post-41482","post","type-post","status-publish","format-standard","has-post-thumbnail","hentry","category-entretenimento","tag-baile"],"_links":{"self":[{"href":"https:\/\/vipfesta.com.br\/vipfesta\/wp-json\/wp\/v2\/posts\/41482","targetHints":{"allow":["GET"]}}],"collection":[{"href":"https:\/\/vipfesta.com.br\/vipfesta\/wp-json\/wp\/v2\/posts"}],"about":[{"href":"https:\/\/vipfesta.com.br\/vipfesta\/wp-json\/wp\/v2\/types\/post"}],"author":[{"embeddable":true,"href":"https:\/\/vipfesta.com.br\/vipfesta\/wp-json\/wp\/v2\/users\/1"}],"replies":[{"embeddable":true,"href":"https:\/\/vipfesta.com.br\/vipfesta\/wp-json\/wp\/v2\/comments?post=41482"}],"version-history":[{"count":4,"href":"https:\/\/vipfesta.com.br\/vipfesta\/wp-json\/wp\/v2\/posts\/41482\/revisions"}],"predecessor-version":[{"id":41493,"href":"https:\/\/vipfesta.com.br\/vipfesta\/wp-json\/wp\/v2\/posts\/41482\/revisions\/41493"}],"wp:featuredmedia":[{"embeddable":true,"href":"https:\/\/vipfesta.com.br\/vipfesta\/wp-json\/wp\/v2\/media\/41483"}],"wp:attachment":[{"href":"https:\/\/vipfesta.com.br\/vipfesta\/wp-json\/wp\/v2\/media?parent=41482"}],"wp:term":[{"taxonomy":"category","embeddable":true,"href":"https:\/\/vipfesta.com.br\/vipfesta\/wp-json\/wp\/v2\/categories?post=41482"},{"taxonomy":"post_tag","embeddable":true,"href":"https:\/\/vipfesta.com.br\/vipfesta\/wp-json\/wp\/v2\/tags?post=41482"}],"curies":[{"name":"wp","href":"https:\/\/api.w.org\/{rel}","templated":true}]}}