{"id":41284,"date":"2022-10-13T11:14:06","date_gmt":"2022-10-13T15:14:06","guid":{"rendered":"https:\/\/vipfesta.com.br\/vipfesta\/?p=41284"},"modified":"2022-10-13T11:14:07","modified_gmt":"2022-10-13T15:14:07","slug":"sexto-mutirao-odontologico-pre-natal-acontecera-dia-27-de-outubro","status":"publish","type":"post","link":"https:\/\/vipfesta.com.br\/vipfesta\/sexto-mutirao-odontologico-pre-natal-acontecera-dia-27-de-outubro\/","title":{"rendered":"Sexto mutir\u00e3o\u00a0odontol\u00f3gico pr\u00e9-natal acontecer\u00e1 dia 27 de outubro"},"content":{"rendered":"\n<figure class=\"wp-block-image size-full\"><img loading=\"lazy\" decoding=\"async\" width=\"678\" height=\"452\" src=\"https:\/\/vipfesta.com.br\/vipfesta\/wp-content\/uploads\/2022\/10\/images-8.jpeg\" alt=\"\" class=\"wp-image-41285\" srcset=\"https:\/\/vipfesta.com.br\/vipfesta\/wp-content\/uploads\/2022\/10\/images-8.jpeg 678w, https:\/\/vipfesta.com.br\/vipfesta\/wp-content\/uploads\/2022\/10\/images-8-300x200.jpeg 300w, https:\/\/vipfesta.com.br\/vipfesta\/wp-content\/uploads\/2022\/10\/images-8-150x100.jpeg 150w\" sizes=\"auto, (max-width: 678px) 100vw, 678px\" \/><figcaption>Atendimentos acontecem nas UBSs S\u00e3o Bernardo e Km 5 e no CEO<\/figcaption><\/figure>\n\n\n\n<p>O sexto&nbsp;Mutir\u00e3o&nbsp;de Atendimento Odontol\u00f3gico Pr\u00e9-Natal de 2022 ser\u00e1 realizado pela Prefeitura de Ji-Paran\u00e1, por meio do Departamento de Aten\u00e7\u00e3o B\u00e1sica da Secretaria Municipal de Sa\u00fade (Semusa), no dia 27 de outubro. Os atendimentos acontecem no Centro de Especialidades Odontol\u00f3gicas (CEO) e nas unidades b\u00e1sicas de sa\u00fade (UBSs) S\u00e3o Bernardo e Km 5, das 7h30 \u00e0s 13h30.<\/p>\n\n\n\n<p>O coordenador de Sa\u00fade Bucal do DAB, Willian Pereira Dantas, lembrou que, em 2021, foram realizadas duas edi\u00e7\u00f5es do mutir\u00e3o. Neste ano, as gestantes receberam o atendimento odontol\u00f3gico em cinco oportunidades.<\/p>\n\n\n\n<p>\u201cEm outubro, vamos realizar o sexto mutir\u00e3o. Desde o come\u00e7o do ano, em cinco edi\u00e7\u00f5es, mais de 250 mulheres, em todos os per\u00edodos gestacionais, foram atendidas. Conseguimos, em 2022, ampliar as a\u00e7\u00f5es de sa\u00fade bucal, com consultas odontol\u00f3gicas e palestras informativas com nutricionistas e assistentes sociais\u201d, garantiu Dantas.<\/p>\n\n\n\n<p>Na a\u00e7\u00e3o do dia 27, ser\u00e3o abordados temas como o diagn\u00f3stico de gengivite e doen\u00e7a periodontal e necessidade de tratamento, orienta\u00e7\u00f5es sobre higiene bucal da gestante e do beb\u00ea, tratamentos durante a gesta\u00e7\u00e3o, h\u00e1bitos alimentares, entre outros assuntos relacionados \u00e0 sa\u00fade odontol\u00f3gica durante a gravidez.<\/p>\n\n\n\n<p>A mobiliza\u00e7\u00e3o \u00e9 destinada \u00e0s mulheres gr\u00e1vidas, em qualquer per\u00edodo de gesta\u00e7\u00e3o, mesmo que elas n\u00e3o realizem o pr\u00e9-natal pelo SUS. O&nbsp;mutir\u00e3o&nbsp;\u00e9 realizado regularmente para garantir atendimento \u00e0s gestantes.<\/p>\n\n\n\n<p>No atendimento, \u00e9 realizada entrevista com os pacientes e o exame f\u00edsico de todos os tecidos da boca, com a identifica\u00e7\u00e3o de risco \u00e0 sa\u00fade bucal das gestantes. Posteriormente, ser\u00e1 feito o agendamento para in\u00edcio de tratamento na UBS de refer\u00eancia.<\/p>\n\n\n\n<p>\u201cO objetivo da a\u00e7\u00e3o \u00e9 reduzir os \u00edndices de morbidade e mortalidade materno-infantil, atrav\u00e9s do pr\u00e9-natal odontol\u00f3gico. Isso d\u00e1 visibilidade \u00e0 popula\u00e7\u00e3o sobre a import\u00e2ncia do atendimento bucal no per\u00edodo gestacional\u201d, explicou o coordenador.<\/p>\n\n\n\n<p>O Minist\u00e9rio da Sa\u00fade recomenda que todas as gestantes devem realizar, ao menos uma vez, a consulta odontol\u00f3gica durante o pr\u00e9-natal. Neste momento, \u00e9 de extrema import\u00e2ncia realizar atividades de educa\u00e7\u00e3o, promo\u00e7\u00e3o da sa\u00fade e tamb\u00e9m de preven\u00e7\u00e3o de agravos, relacionados \u00e0 pr\u00f3pria sa\u00fade e a do beb\u00ea.<\/p>\n\n\n\n<p>Decom <\/p>\n","protected":false},"excerpt":{"rendered":"<p>O sexto&nbsp;Mutir\u00e3o&nbsp;de Atendimento Odontol\u00f3gico Pr\u00e9-Natal de 2022 ser\u00e1 realizado pela Prefeitura de Ji-Paran\u00e1, por meio do Departamento de Aten\u00e7\u00e3o B\u00e1sica<\/p>\n","protected":false},"author":1,"featured_media":41285,"comment_status":"open","ping_status":"open","sticky":false,"template":"","format":"standard","meta":{"colormag_page_container_layout":"default_layout","colormag_page_sidebar_layout":"default_layout","footnotes":""},"categories":[283,347],"tags":[1530],"class_list":["post-41284","post","type-post","status-publish","format-standard","has-post-thumbnail","hentry","category-cidades","category-jiparana","tag-mutirao"],"_links":{"self":[{"href":"https:\/\/vipfesta.com.br\/vipfesta\/wp-json\/wp\/v2\/posts\/41284","targetHints":{"allow":["GET"]}}],"collection":[{"href":"https:\/\/vipfesta.com.br\/vipfesta\/wp-json\/wp\/v2\/posts"}],"about":[{"href":"https:\/\/vipfesta.com.br\/vipfesta\/wp-json\/wp\/v2\/types\/post"}],"author":[{"embeddable":true,"href":"https:\/\/vipfesta.com.br\/vipfesta\/wp-json\/wp\/v2\/users\/1"}],"replies":[{"embeddable":true,"href":"https:\/\/vipfesta.com.br\/vipfesta\/wp-json\/wp\/v2\/comments?post=41284"}],"version-history":[{"count":1,"href":"https:\/\/vipfesta.com.br\/vipfesta\/wp-json\/wp\/v2\/posts\/41284\/revisions"}],"predecessor-version":[{"id":41286,"href":"https:\/\/vipfesta.com.br\/vipfesta\/wp-json\/wp\/v2\/posts\/41284\/revisions\/41286"}],"wp:featuredmedia":[{"embeddable":true,"href":"https:\/\/vipfesta.com.br\/vipfesta\/wp-json\/wp\/v2\/media\/41285"}],"wp:attachment":[{"href":"https:\/\/vipfesta.com.br\/vipfesta\/wp-json\/wp\/v2\/media?parent=41284"}],"wp:term":[{"taxonomy":"category","embeddable":true,"href":"https:\/\/vipfesta.com.br\/vipfesta\/wp-json\/wp\/v2\/categories?post=41284"},{"taxonomy":"post_tag","embeddable":true,"href":"https:\/\/vipfesta.com.br\/vipfesta\/wp-json\/wp\/v2\/tags?post=41284"}],"curies":[{"name":"wp","href":"https:\/\/api.w.org\/{rel}","templated":true}]}}