{"id":40777,"date":"2022-08-26T11:49:53","date_gmt":"2022-08-26T15:49:53","guid":{"rendered":"https:\/\/vipfesta.com.br\/vipfesta\/?p=40777"},"modified":"2022-08-26T11:49:56","modified_gmt":"2022-08-26T15:49:56","slug":"ciclistas-e-semosp-recuperam-iluminacao-do-letreiro-eu-amo-jipa","status":"publish","type":"post","link":"https:\/\/vipfesta.com.br\/vipfesta\/ciclistas-e-semosp-recuperam-iluminacao-do-letreiro-eu-amo-jipa\/","title":{"rendered":"Ciclistas e Semosp recuperam ilumina\u00e7\u00e3o do letreiro \u201cEu Amo Jipa\u201d"},"content":{"rendered":"\n<figure class=\"wp-block-image size-full\"><img loading=\"lazy\" decoding=\"async\" width=\"721\" height=\"481\" src=\"https:\/\/vipfesta.com.br\/vipfesta\/wp-content\/uploads\/2022\/08\/ILUMINACAO-LETREIRO-3_2-1.jpg\" alt=\"\" class=\"wp-image-40780\" srcset=\"https:\/\/vipfesta.com.br\/vipfesta\/wp-content\/uploads\/2022\/08\/ILUMINACAO-LETREIRO-3_2-1.jpg 721w, https:\/\/vipfesta.com.br\/vipfesta\/wp-content\/uploads\/2022\/08\/ILUMINACAO-LETREIRO-3_2-1-300x200.jpg 300w, https:\/\/vipfesta.com.br\/vipfesta\/wp-content\/uploads\/2022\/08\/ILUMINACAO-LETREIRO-3_2-1-150x100.jpg 150w\" sizes=\"auto, (max-width: 721px) 100vw, 721px\" \/><figcaption>Ciclistas adquiriram a fia\u00e7\u00e3o e servidores p\u00fablicos instalaram<\/figcaption><\/figure>\n\n\n\n<p>Um ponto da cidade que j\u00e1 se transformou em atra\u00e7\u00e3o tur\u00edstica \u00e9 o letreiro \u201cEu Amo Jipa\u201d, localizado no gramado em frente ao viaduto da BR-364, no bairro Vila Jot\u00e3o. O local \u00e9 usado por ciclistas de Ji-Paran\u00e1, como partida para pedaladas pela cidade e regi\u00e3o, a maioria delas praticadas durante a noite. O letreiro tamb\u00e9m \u00e9 visitado por pessoas para tirar fotos.<\/p>\n\n\n\n<p>H\u00e1 algum tempo, v\u00e2ndalos roubaram a fia\u00e7\u00e3o do local, deixando em completa escurid\u00e3o o letreiro e seu entorno. Diante disso, os ciclistas se uniram para restaurar o ponto tur\u00edstico, cada um colaborando, de acordo com sua capacidade financeira, para compra da fia\u00e7\u00e3o. Foi uma demonstra\u00e7\u00e3o de desprendimento, consci\u00eancia p\u00fablica e cidadania dos ciclistas ao munic\u00edpio de Ji-Paran\u00e1.<\/p>\n\n\n\n<p>A recupera\u00e7\u00e3o se deu por meio de uma parceria entre os ciclistas, que adquiriram a fia\u00e7\u00e3o, e as duas equipes de ilumina\u00e7\u00e3o da Secretaria Municipal de Obras e Servi\u00e7os P\u00fablicos (Semosp), que usaram maquin\u00e1rios e equipamentos para executar a reinstala\u00e7\u00e3o da rede roubada, usando para isto, a fia\u00e7\u00e3o doada pelos ciclistas. O servi\u00e7o foi conclu\u00eddo na ter\u00e7a-feira (23).<\/p>\n\n\n\n<p>De acordo com S\u00e9rgio Adriano Camargo, diretor administrativo e financeiro da Semosp e amante do ciclismo, Ji-Paran\u00e1 conta muitos grupos de ciclistas, entre eles o Papa-l\u00e9guas, Amigos do Pedal, Pedal Inclus\u00e3o, Divas do Pedal, Club da Bike, Laranjas Bike, Fiteiros e muitos outros. Cada grupo tem cerca de, ao menos, 50 ciclistas. Ele faz parte do Grupo Amigos do Pedal.<\/p>\n\n\n\n<p>O diretor da Semosp informou ainda que os grupos cobrem grandes extens\u00f5es em suas pedaladas, visitando as cidades de Ouro Preto do Oeste e Presidente M\u00e9dici, muitos chegando at\u00e9 ao tur\u00edstico Restaurante Casa da Uva, localizado na BR-364, a cerca de 10 km ap\u00f3s a cidade de Presidente M\u00e9dici.\u00a0<\/p>\n\n\n\n<p>Decom <\/p>\n\n\n\n<p><\/p>\n","protected":false},"excerpt":{"rendered":"<p>Um ponto da cidade que j\u00e1 se transformou em atra\u00e7\u00e3o tur\u00edstica \u00e9 o letreiro \u201cEu Amo Jipa\u201d, localizado no gramado<\/p>\n","protected":false},"author":1,"featured_media":40780,"comment_status":"open","ping_status":"open","sticky":false,"template":"","format":"standard","meta":{"colormag_page_container_layout":"default_layout","colormag_page_sidebar_layout":"default_layout","footnotes":""},"categories":[283,347],"tags":[1194],"class_list":["post-40777","post","type-post","status-publish","format-standard","has-post-thumbnail","hentry","category-cidades","category-jiparana","tag-ciclistas"],"_links":{"self":[{"href":"https:\/\/vipfesta.com.br\/vipfesta\/wp-json\/wp\/v2\/posts\/40777","targetHints":{"allow":["GET"]}}],"collection":[{"href":"https:\/\/vipfesta.com.br\/vipfesta\/wp-json\/wp\/v2\/posts"}],"about":[{"href":"https:\/\/vipfesta.com.br\/vipfesta\/wp-json\/wp\/v2\/types\/post"}],"author":[{"embeddable":true,"href":"https:\/\/vipfesta.com.br\/vipfesta\/wp-json\/wp\/v2\/users\/1"}],"replies":[{"embeddable":true,"href":"https:\/\/vipfesta.com.br\/vipfesta\/wp-json\/wp\/v2\/comments?post=40777"}],"version-history":[{"count":1,"href":"https:\/\/vipfesta.com.br\/vipfesta\/wp-json\/wp\/v2\/posts\/40777\/revisions"}],"predecessor-version":[{"id":40781,"href":"https:\/\/vipfesta.com.br\/vipfesta\/wp-json\/wp\/v2\/posts\/40777\/revisions\/40781"}],"wp:featuredmedia":[{"embeddable":true,"href":"https:\/\/vipfesta.com.br\/vipfesta\/wp-json\/wp\/v2\/media\/40780"}],"wp:attachment":[{"href":"https:\/\/vipfesta.com.br\/vipfesta\/wp-json\/wp\/v2\/media?parent=40777"}],"wp:term":[{"taxonomy":"category","embeddable":true,"href":"https:\/\/vipfesta.com.br\/vipfesta\/wp-json\/wp\/v2\/categories?post=40777"},{"taxonomy":"post_tag","embeddable":true,"href":"https:\/\/vipfesta.com.br\/vipfesta\/wp-json\/wp\/v2\/tags?post=40777"}],"curies":[{"name":"wp","href":"https:\/\/api.w.org\/{rel}","templated":true}]}}