{"id":36318,"date":"2021-12-17T22:55:20","date_gmt":"2021-12-18T02:55:20","guid":{"rendered":"https:\/\/vipfesta.com.br\/vipfesta\/?p=36318"},"modified":"2021-12-17T22:55:23","modified_gmt":"2021-12-18T02:55:23","slug":"prefeitura-deposita-segunda-parcela-do-13o-e-salario-de-dezembro","status":"publish","type":"post","link":"https:\/\/vipfesta.com.br\/vipfesta\/prefeitura-deposita-segunda-parcela-do-13o-e-salario-de-dezembro\/","title":{"rendered":"Prefeitura deposita segunda parcela do 13\u00ba e sal\u00e1rio de dezembro"},"content":{"rendered":"\n<figure class=\"wp-block-image size-full\"><img loading=\"lazy\" decoding=\"async\" width=\"721\" height=\"481\" src=\"https:\/\/vipfesta.com.br\/vipfesta\/wp-content\/uploads\/2021\/12\/PREFEITURA-JI-PARANA-2-1.jpg\" alt=\"\" class=\"wp-image-36319\" srcset=\"https:\/\/vipfesta.com.br\/vipfesta\/wp-content\/uploads\/2021\/12\/PREFEITURA-JI-PARANA-2-1.jpg 721w, https:\/\/vipfesta.com.br\/vipfesta\/wp-content\/uploads\/2021\/12\/PREFEITURA-JI-PARANA-2-1-300x200.jpg 300w, https:\/\/vipfesta.com.br\/vipfesta\/wp-content\/uploads\/2021\/12\/PREFEITURA-JI-PARANA-2-1-150x100.jpg 150w\" sizes=\"auto, (max-width: 721px) 100vw, 721px\" \/><figcaption>Tamb\u00e9m foi realizado o pagamento do 14\u00ba aos servidores da Educa\u00e7\u00e3o<\/figcaption><\/figure>\n\n\n\n<p>J\u00e1 est\u00e1 na conta dos servidores p\u00fablicos municipais o pagamento da segunda parcela do 13\u00ba sal\u00e1rio e a folha salarial referente ao m\u00eas de dezembro. A Prefeitura de Ji-Paran\u00e1 tamb\u00e9m realizou o pagamento do 14\u00ba dos servidores da Secretaria Municipal de Educa\u00e7\u00e3o (Semed). Com isso, a Administra\u00e7\u00e3o Municipal injeta mais de R$ 19 milh\u00f5es na economia local.<\/p>\n\n\n\n<p>A legisla\u00e7\u00e3o determina que a primeira parcela do 13\u00ba sal\u00e1rio seja paga at\u00e9 30 de novembro e o prazo m\u00e1ximo para quita\u00e7\u00e3o da segunda parcela \u00e9 at\u00e9 20 de dezembro. A Prefeitura de Ji-Paran\u00e1, por\u00e9m, pagou a primeira parcela em julho e agora depositou a segunda parcela.<\/p>\n\n\n\n<p>\u201c\u00c9 uma maneira de reconhecer os esfor\u00e7os de todos os servidores municipais. Al\u00e9m de movimentar a economia de Ji-Paran\u00e1, pois boa parte desse valor ficar\u00e1 com os com\u00e9rcios locais\u201d, afirmou o Prefeito de Ji-Paran\u00e1, Isa\u00fa Fonseca (MDB).<\/p>\n\n\n\n<p>A Prefeitura de Ji-Paran\u00e1 tamb\u00e9m realizou o dep\u00f3sito do 14\u00ba sal\u00e1rio aos servidores da Educa\u00e7\u00e3o Municipal. Isa\u00fa Fonseca falou sobre a satisfa\u00e7\u00e3o da Administra\u00e7\u00e3o Municipal em realizar esse pagamento aos trabalhadores da Semed.<\/p>\n\n\n\n<p>\u201cNeste ano, j\u00e1 tivemos uma medida in\u00e9dita, com o pagamento da primeira parcela do 13\u00ba sendo realizada em maio. Agora, tomamos outra decis\u00e3o in\u00e9dita, o pagamento do bi\u00eanio retroativo e o 14\u00ba para os servidores da Educa\u00e7\u00e3o Municipal\u201d, comemorou Isa\u00fa Fonseca. <\/p>\n\n\n\n<p>Assessoria <\/p>\n\n\n\n<p><\/p>\n","protected":false},"excerpt":{"rendered":"<p>J\u00e1 est\u00e1 na conta dos servidores p\u00fablicos municipais o pagamento da segunda parcela do 13\u00ba sal\u00e1rio e a folha salarial<\/p>\n","protected":false},"author":1,"featured_media":36319,"comment_status":"open","ping_status":"open","sticky":false,"template":"","format":"standard","meta":{"colormag_page_container_layout":"default_layout","colormag_page_sidebar_layout":"default_layout","footnotes":""},"categories":[283,347],"tags":[36],"class_list":["post-36318","post","type-post","status-publish","format-standard","has-post-thumbnail","hentry","category-cidades","category-jiparana","tag-prefeitura"],"_links":{"self":[{"href":"https:\/\/vipfesta.com.br\/vipfesta\/wp-json\/wp\/v2\/posts\/36318","targetHints":{"allow":["GET"]}}],"collection":[{"href":"https:\/\/vipfesta.com.br\/vipfesta\/wp-json\/wp\/v2\/posts"}],"about":[{"href":"https:\/\/vipfesta.com.br\/vipfesta\/wp-json\/wp\/v2\/types\/post"}],"author":[{"embeddable":true,"href":"https:\/\/vipfesta.com.br\/vipfesta\/wp-json\/wp\/v2\/users\/1"}],"replies":[{"embeddable":true,"href":"https:\/\/vipfesta.com.br\/vipfesta\/wp-json\/wp\/v2\/comments?post=36318"}],"version-history":[{"count":1,"href":"https:\/\/vipfesta.com.br\/vipfesta\/wp-json\/wp\/v2\/posts\/36318\/revisions"}],"predecessor-version":[{"id":36320,"href":"https:\/\/vipfesta.com.br\/vipfesta\/wp-json\/wp\/v2\/posts\/36318\/revisions\/36320"}],"wp:featuredmedia":[{"embeddable":true,"href":"https:\/\/vipfesta.com.br\/vipfesta\/wp-json\/wp\/v2\/media\/36319"}],"wp:attachment":[{"href":"https:\/\/vipfesta.com.br\/vipfesta\/wp-json\/wp\/v2\/media?parent=36318"}],"wp:term":[{"taxonomy":"category","embeddable":true,"href":"https:\/\/vipfesta.com.br\/vipfesta\/wp-json\/wp\/v2\/categories?post=36318"},{"taxonomy":"post_tag","embeddable":true,"href":"https:\/\/vipfesta.com.br\/vipfesta\/wp-json\/wp\/v2\/tags?post=36318"}],"curies":[{"name":"wp","href":"https:\/\/api.w.org\/{rel}","templated":true}]}}