{"id":35795,"date":"2021-12-01T13:43:16","date_gmt":"2021-12-01T17:43:16","guid":{"rendered":"https:\/\/vipfesta.com.br\/vipfesta\/?p=35795"},"modified":"2021-12-01T13:43:18","modified_gmt":"2021-12-01T17:43:18","slug":"dia-v-da-vacinacao-contra-covid-acontece-no-sabado","status":"publish","type":"post","link":"https:\/\/vipfesta.com.br\/vipfesta\/dia-v-da-vacinacao-contra-covid-acontece-no-sabado\/","title":{"rendered":"Dia V da Vacina\u00e7\u00e3o contra Covid acontece no s\u00e1bado"},"content":{"rendered":"\n<figure class=\"wp-block-image size-full\"><img loading=\"lazy\" decoding=\"async\" width=\"721\" height=\"480\" src=\"https:\/\/vipfesta.com.br\/vipfesta\/wp-content\/uploads\/2021\/12\/DIA-V-VACINA-3-1.jpg\" alt=\"\" class=\"wp-image-35796\" srcset=\"https:\/\/vipfesta.com.br\/vipfesta\/wp-content\/uploads\/2021\/12\/DIA-V-VACINA-3-1.jpg 721w, https:\/\/vipfesta.com.br\/vipfesta\/wp-content\/uploads\/2021\/12\/DIA-V-VACINA-3-1-300x200.jpg 300w, https:\/\/vipfesta.com.br\/vipfesta\/wp-content\/uploads\/2021\/12\/DIA-V-VACINA-3-1-150x100.jpg 150w\" sizes=\"auto, (max-width: 721px) 100vw, 721px\" \/><\/figure>\n\n\n\n<p>A Prefeitura de Ji-Paran\u00e1, por meio da Secretaria Municipal de Sa\u00fade (Semusa), realiza, no pr\u00f3ximo s\u00e1bado (4), o Dia V da Vacina\u00e7\u00e3o contra a Covid, com apoio da Secretaria de Estado da Sa\u00fade (Sesau).<\/p>\n\n\n\n<p>A a\u00e7\u00e3o deve ser realizada, simultaneamente, em todos os munic\u00edpios de Rond\u00f4nia. Em Ji-Paran\u00e1, o Dia V acontece em todas as Unidades B\u00e1sicas de Sa\u00fade (UBS), das 8h \u00e0s 13h, e no IG Shopping, na Avenida das Seringueiras (T-14), das 16h \u00e0s 22h.&nbsp;&nbsp;&nbsp;&nbsp;&nbsp;&nbsp;&nbsp;&nbsp;<\/p>\n\n\n\n<p>\u201cVamos passar mais de dez horas vacinando a popula\u00e7\u00e3o de Ji-Paran\u00e1. As vacinas estar\u00e3o dispon\u00edveis, no per\u00edodo da manh\u00e3, nas UBS e no IG Shopping, a partir das quatro da tarde. Procure o ponto de vacina\u00e7\u00e3o mais perto da sua casa e se imunize contra a Covid\u201d, pediu Wanessa Oliveira e Silva, titular da Semusa.<\/p>\n\n\n\n<p>De acordo com o Governo do Estado, a proposta nasceu da necessidade de dar maior seguran\u00e7a \u00e0s confraterniza\u00e7\u00f5es de fim de ano, buscando tamb\u00e9m aumentar a cobertura vacinal contra a Covid.<\/p>\n\n\n\n<p>O munic\u00edpio de Ji-Paran\u00e1 j\u00e1 vacinou mais de 90 mil pessoas com a primeira dose das vacinas contra a Covid, o que representa cerca de 70% da popula\u00e7\u00e3o, conforme a estimativa populacional do Instituto Brasileiro de Geografia e Estat\u00edstica (IBGE).<\/p>\n\n\n\n<p>\u201cEm Ji-Paran\u00e1, temos cerca de 70% da popula\u00e7\u00e3o com a primeira dose, mas precisamos que as pessoas voltem para tomar a segunda dose. Tamb\u00e9m estamos realizando a aplica\u00e7\u00e3o da terceira dose, para aquelas pessoas que j\u00e1 completaram quatro meses de intervalo\u201d, destacou a diretora da Divis\u00e3o de Imuniza\u00e7\u00e3o da Semusa, Cristiane Della Libera.<\/p>\n\n\n\n<p>O Dia V contar\u00e1 com a aplica\u00e7\u00e3o da primeira dose, para qualquer pessoa com mais de 12 anos; a segunda dose das vacinas Astrazeneca, Coronavac e Pfizer, para quem tiver pelos menos 28 dias de intervalo; e a terceira dose, para pessoas maiores de 18 anos, que receberam a segunda dose a quatro meses, ou para imunossuprimidos, com 28 dias de intervalos.<\/p>\n\n\n\n<p>Assessoria <\/p>\n\n\n\n<p><\/p>\n","protected":false},"excerpt":{"rendered":"<p>A Prefeitura de Ji-Paran\u00e1, por meio da Secretaria Municipal de Sa\u00fade (Semusa), realiza, no pr\u00f3ximo s\u00e1bado (4), o Dia V<\/p>\n","protected":false},"author":1,"featured_media":35796,"comment_status":"open","ping_status":"open","sticky":false,"template":"","format":"standard","meta":{"colormag_page_container_layout":"default_layout","colormag_page_sidebar_layout":"default_layout","footnotes":""},"categories":[283,347],"tags":[],"class_list":["post-35795","post","type-post","status-publish","format-standard","has-post-thumbnail","hentry","category-cidades","category-jiparana"],"_links":{"self":[{"href":"https:\/\/vipfesta.com.br\/vipfesta\/wp-json\/wp\/v2\/posts\/35795","targetHints":{"allow":["GET"]}}],"collection":[{"href":"https:\/\/vipfesta.com.br\/vipfesta\/wp-json\/wp\/v2\/posts"}],"about":[{"href":"https:\/\/vipfesta.com.br\/vipfesta\/wp-json\/wp\/v2\/types\/post"}],"author":[{"embeddable":true,"href":"https:\/\/vipfesta.com.br\/vipfesta\/wp-json\/wp\/v2\/users\/1"}],"replies":[{"embeddable":true,"href":"https:\/\/vipfesta.com.br\/vipfesta\/wp-json\/wp\/v2\/comments?post=35795"}],"version-history":[{"count":1,"href":"https:\/\/vipfesta.com.br\/vipfesta\/wp-json\/wp\/v2\/posts\/35795\/revisions"}],"predecessor-version":[{"id":35797,"href":"https:\/\/vipfesta.com.br\/vipfesta\/wp-json\/wp\/v2\/posts\/35795\/revisions\/35797"}],"wp:featuredmedia":[{"embeddable":true,"href":"https:\/\/vipfesta.com.br\/vipfesta\/wp-json\/wp\/v2\/media\/35796"}],"wp:attachment":[{"href":"https:\/\/vipfesta.com.br\/vipfesta\/wp-json\/wp\/v2\/media?parent=35795"}],"wp:term":[{"taxonomy":"category","embeddable":true,"href":"https:\/\/vipfesta.com.br\/vipfesta\/wp-json\/wp\/v2\/categories?post=35795"},{"taxonomy":"post_tag","embeddable":true,"href":"https:\/\/vipfesta.com.br\/vipfesta\/wp-json\/wp\/v2\/tags?post=35795"}],"curies":[{"name":"wp","href":"https:\/\/api.w.org\/{rel}","templated":true}]}}