{"id":32199,"date":"2021-07-07T09:13:03","date_gmt":"2021-07-07T13:13:03","guid":{"rendered":"https:\/\/vipfesta.com.br\/vipfesta\/?p=32199"},"modified":"2021-07-07T09:13:05","modified_gmt":"2021-07-07T13:13:05","slug":"agerji-realizara-audiencia-publica-na-camara-municipal-para-prestacao-de-contas","status":"publish","type":"post","link":"https:\/\/vipfesta.com.br\/vipfesta\/agerji-realizara-audiencia-publica-na-camara-municipal-para-prestacao-de-contas\/","title":{"rendered":"Agerji realizar\u00e1 audi\u00eancia p\u00fablica na C\u00e2mara Municipal para presta\u00e7\u00e3o de contas"},"content":{"rendered":"\n<figure class=\"wp-block-image size-large\"><img loading=\"lazy\" decoding=\"async\" width=\"948\" height=\"632\" src=\"https:\/\/vipfesta.com.br\/vipfesta\/wp-content\/uploads\/2021\/07\/IA4A3702.jpg\" alt=\"\" class=\"wp-image-32200\" srcset=\"https:\/\/vipfesta.com.br\/vipfesta\/wp-content\/uploads\/2021\/07\/IA4A3702.jpg 948w, https:\/\/vipfesta.com.br\/vipfesta\/wp-content\/uploads\/2021\/07\/IA4A3702-300x200.jpg 300w, https:\/\/vipfesta.com.br\/vipfesta\/wp-content\/uploads\/2021\/07\/IA4A3702-768x512.jpg 768w, https:\/\/vipfesta.com.br\/vipfesta\/wp-content\/uploads\/2021\/07\/IA4A3702-150x100.jpg 150w\" sizes=\"auto, (max-width: 948px) 100vw, 948px\" \/><\/figure>\n\n\n\n<p>A\u00a0Ag\u00eancia Reguladora de Servi\u00e7os P\u00fablicos Delegados do Munic\u00edpio de Ji-Paran\u00e1,\u00a0(AGERJI), informa para a popula\u00e7\u00e3o que\u00a0na\u00a0sexta-feira dezesseis (16) de julho,\u00a0\u00e0s 09h00min\u00a0haver\u00e1 uma audi\u00eancia p\u00fablica na C\u00e2mara Municipal para a presta\u00e7\u00e3o de contas do Marco Regulat\u00f3rio e dos Indicadores do Saneamento B\u00e1sico (\u00e1gua pot\u00e1vel), essa presta\u00e7\u00e3o \u00e9 um Instrumento de Lei que define que a\u00a0Ag\u00eancia\u00a0deve prestar contas \u00e0 popula\u00e7\u00e3o e um modo da popula\u00e7\u00e3o acompanhar de perto os servi\u00e7os que a vem sendo prestados a ela.<\/p>\n\n\n\n<p>A Agerji reafirma seu compromisso com a popula\u00e7\u00e3o de fazer um trabalho transparente e pontua que o acompanhamento e a fiscaliza\u00e7\u00e3o que a popula\u00e7\u00e3o faz s\u00e3o primordiais para o bom desempenho dos trabalhos da Ag\u00eancia Reguladora.<\/p>\n\n\n\n<p>&nbsp;O Presidente da Agerji, Gezer Lima, ressaltou que com a nova gest\u00e3o de trabalho tem-se desenvolvido e atendido um volume intenso de atendimento ao p\u00fablico, que vem de den\u00fancias recebidas por parte da popula\u00e7\u00e3o via WhatsApp, m\u00eddias sociais e pelo Setor P\u00fablico por interm\u00e9dio dos Vereadores.<\/p>\n\n\n\n<p>As principais demandas s\u00e3o os vazamentos em vias p\u00fablicas, recupera\u00e7\u00e3o da malha asf\u00e1ltica quando essa sofre danos por conta dos trabalhos realizados pela Caerd. Ele Informou que agora a Agerji est\u00e1 trabalhando em parceria com a&nbsp;Secretaria Municipal de Obras e Servi\u00e7os P\u00fablicos (SEMOSP), que vem realizando com celeridade o trabalho de recupera\u00e7\u00e3o e repara\u00e7\u00e3o da malha asf\u00e1ltica quando essa sofre danos causados pelos trabalhos de reparos que a Caerd precisa realizar, e assim que os trabalhos de recupera\u00e7\u00e3o s\u00e3o conclu\u00eddos pela Semosp, os custos dos servi\u00e7os realizados por ela s\u00e3o repassados para a Caerd.<\/p>\n\n\n\n<p>Gezer Lima concluiu dizendo que os trabalhos da Ag\u00eancia Reguladora vem sendo prestados com transpar\u00eancia, celeridade e responsabilidade para com os consumidores. E que a popula\u00e7\u00e3o pode e deve continuar acompanhando os servi\u00e7os da Agerji e denunciando, tamb\u00e9m pedindo reparos, por meio do Facebook \u2013 Agerji. Pelo Instagram \u2013 agerji_jipa, \u00a0por WhatApp (69) 99215-1834 e pelo\u00a0<strong>Site<\/strong>:\u00a0<a href=\"http:\/\/www.ji-parana.ro.gov.br\/\" target=\"_blank\" rel=\"noreferrer noopener\"><strong>www.ji-parana.ro.gov.br<\/strong><\/a>\u00a0\u00a0. <\/p>\n\n\n\n<p>Assessoria <\/p>\n\n\n\n<p><\/p>\n","protected":false},"excerpt":{"rendered":"<p>A\u00a0Ag\u00eancia Reguladora de Servi\u00e7os P\u00fablicos Delegados do Munic\u00edpio de Ji-Paran\u00e1,\u00a0(AGERJI), informa para a popula\u00e7\u00e3o que\u00a0na\u00a0sexta-feira dezesseis (16) de julho,\u00a0\u00e0s 09h00min\u00a0haver\u00e1<\/p>\n","protected":false},"author":1,"featured_media":32200,"comment_status":"open","ping_status":"open","sticky":false,"template":"","format":"standard","meta":{"colormag_page_container_layout":"default_layout","colormag_page_sidebar_layout":"default_layout","footnotes":""},"categories":[283,347],"tags":[],"class_list":["post-32199","post","type-post","status-publish","format-standard","has-post-thumbnail","hentry","category-cidades","category-jiparana"],"_links":{"self":[{"href":"https:\/\/vipfesta.com.br\/vipfesta\/wp-json\/wp\/v2\/posts\/32199","targetHints":{"allow":["GET"]}}],"collection":[{"href":"https:\/\/vipfesta.com.br\/vipfesta\/wp-json\/wp\/v2\/posts"}],"about":[{"href":"https:\/\/vipfesta.com.br\/vipfesta\/wp-json\/wp\/v2\/types\/post"}],"author":[{"embeddable":true,"href":"https:\/\/vipfesta.com.br\/vipfesta\/wp-json\/wp\/v2\/users\/1"}],"replies":[{"embeddable":true,"href":"https:\/\/vipfesta.com.br\/vipfesta\/wp-json\/wp\/v2\/comments?post=32199"}],"version-history":[{"count":1,"href":"https:\/\/vipfesta.com.br\/vipfesta\/wp-json\/wp\/v2\/posts\/32199\/revisions"}],"predecessor-version":[{"id":32201,"href":"https:\/\/vipfesta.com.br\/vipfesta\/wp-json\/wp\/v2\/posts\/32199\/revisions\/32201"}],"wp:featuredmedia":[{"embeddable":true,"href":"https:\/\/vipfesta.com.br\/vipfesta\/wp-json\/wp\/v2\/media\/32200"}],"wp:attachment":[{"href":"https:\/\/vipfesta.com.br\/vipfesta\/wp-json\/wp\/v2\/media?parent=32199"}],"wp:term":[{"taxonomy":"category","embeddable":true,"href":"https:\/\/vipfesta.com.br\/vipfesta\/wp-json\/wp\/v2\/categories?post=32199"},{"taxonomy":"post_tag","embeddable":true,"href":"https:\/\/vipfesta.com.br\/vipfesta\/wp-json\/wp\/v2\/tags?post=32199"}],"curies":[{"name":"wp","href":"https:\/\/api.w.org\/{rel}","templated":true}]}}