{"id":31247,"date":"2021-05-07T18:10:24","date_gmt":"2021-05-07T22:10:24","guid":{"rendered":"https:\/\/vipfesta.com.br\/vipfesta\/?p=31247"},"modified":"2021-05-07T18:13:11","modified_gmt":"2021-05-07T22:13:11","slug":"inauguracao-da-ponte-do-abuna-e-marco-historico-em-rondonia","status":"publish","type":"post","link":"https:\/\/vipfesta.com.br\/vipfesta\/inauguracao-da-ponte-do-abuna-e-marco-historico-em-rondonia\/","title":{"rendered":"Inaugura\u00e7\u00e3o da Ponte do Abun\u00e3 \u00e9 marco hist\u00f3rico em Rond\u00f4nia"},"content":{"rendered":"\n<figure class=\"wp-block-image size-large\"><img loading=\"lazy\" decoding=\"async\" width=\"1024\" height=\"768\" src=\"https:\/\/vipfesta.com.br\/vipfesta\/wp-content\/uploads\/2021\/05\/PONTE-01.jpg\" alt=\"\" class=\"wp-image-31248\" srcset=\"https:\/\/vipfesta.com.br\/vipfesta\/wp-content\/uploads\/2021\/05\/PONTE-01.jpg 1024w, https:\/\/vipfesta.com.br\/vipfesta\/wp-content\/uploads\/2021\/05\/PONTE-01-300x225.jpg 300w, https:\/\/vipfesta.com.br\/vipfesta\/wp-content\/uploads\/2021\/05\/PONTE-01-768x576.jpg 768w, https:\/\/vipfesta.com.br\/vipfesta\/wp-content\/uploads\/2021\/05\/PONTE-01-853x640.jpg 853w, https:\/\/vipfesta.com.br\/vipfesta\/wp-content\/uploads\/2021\/05\/PONTE-01-150x113.jpg 150w\" sizes=\"auto, (max-width: 1024px) 100vw, 1024px\" \/><figcaption>Deputada federal S\u00edlvia Cristina e o Ministro da Infraestrutura, Tarc\u00edsio de Freitas<\/figcaption><\/figure>\n\n\n\n<p>A ponte sobre o rio Madeira foi inaugurada na manh\u00e3 desta sexta-feira (7) no distrito de Abun\u00e3, em Porto Velho, com a presen\u00e7a do Presidente da Rep\u00fablica, Jair Bolsonaro e do Ministro da Infraestrutura, Tarc\u00edsio de Freitas.<\/p>\n\n\n\n<p>Ap\u00f3s sete anos do in\u00edcio das obras, o governo federal inaugurou a ponte sobre o Rio Madeira, que leva o nome de Ponte do Abun\u00e3. A estrutura de concreto e a\u00e7o \u00e9 uma das maiores j\u00e1 erguidas pela engenharia na Amaz\u00f4nia, possui 1,5 quil\u00f4metros de extens\u00e3o e 14,4 metros de largura. A ponte possui&nbsp;duas pistas&nbsp;de rolagem, acostamento em ambos os lados e passarela para pedestres. <\/p>\n\n\n\n<figure class=\"wp-block-image size-large\"><img loading=\"lazy\" decoding=\"async\" width=\"800\" height=\"600\" src=\"https:\/\/vipfesta.com.br\/vipfesta\/wp-content\/uploads\/2021\/05\/PONTE-02.jpg\" alt=\"\" class=\"wp-image-31249\" srcset=\"https:\/\/vipfesta.com.br\/vipfesta\/wp-content\/uploads\/2021\/05\/PONTE-02.jpg 800w, https:\/\/vipfesta.com.br\/vipfesta\/wp-content\/uploads\/2021\/05\/PONTE-02-300x225.jpg 300w, https:\/\/vipfesta.com.br\/vipfesta\/wp-content\/uploads\/2021\/05\/PONTE-02-768x576.jpg 768w, https:\/\/vipfesta.com.br\/vipfesta\/wp-content\/uploads\/2021\/05\/PONTE-02-150x113.jpg 150w\" sizes=\"auto, (max-width: 800px) 100vw, 800px\" \/><\/figure>\n\n\n\n<p>Apesar de estar localizada em territ\u00f3rio rondoniense, a ponte do Madeira \u00e9 um sonho antigo dos acreanos e dos rondonienses, pois coloca fim \u00e0 travessia de balsa naquele trecho da BR-364, a estrutura conectar\u00e1 o Acre definitivamente com a malha rodovi\u00e1ria federal. Uma obra hist\u00f3rica e muito importante para o desenvolvimento econ\u00f4mico da regi\u00e3o e para a integra\u00e7\u00e3o nacional, ligando o restante do Brasil, via Acre, aos portos do Pac\u00edfico.<\/p>\n\n\n\n<p>A deputada federal S\u00edlvia Cristina, participou deste momento hist\u00f3rico e falou sobre a import\u00e2ncia da ponte do Abun\u00e3. \u201cHoje foi um dia muito especial para todos os rondonienses, pois a inaugura\u00e7\u00e3o da Ponte do Abun\u00e3 impulsionar\u00e1 ainda mais o fortalecimento econ\u00f4mico interestadual entre Rond\u00f4nia e Acre, sendo transformador para a Regi\u00e3o Norte\u201d, disse a deputada. <\/p>\n\n\n\n<p>Assessoria <\/p>\n\n\n\n<p><\/p>\n","protected":false},"excerpt":{"rendered":"<p>A ponte sobre o rio Madeira foi inaugurada na manh\u00e3 desta sexta-feira (7) no distrito de Abun\u00e3, em Porto Velho,<\/p>\n","protected":false},"author":1,"featured_media":31248,"comment_status":"open","ping_status":"open","sticky":false,"template":"","format":"standard","meta":{"colormag_page_container_layout":"default_layout","colormag_page_sidebar_layout":"default_layout","footnotes":""},"categories":[401,303],"tags":[541],"class_list":["post-31247","post","type-post","status-publish","format-standard","has-post-thumbnail","hentry","category-inauguracao","category-politica","tag-silvia-cristina"],"_links":{"self":[{"href":"https:\/\/vipfesta.com.br\/vipfesta\/wp-json\/wp\/v2\/posts\/31247","targetHints":{"allow":["GET"]}}],"collection":[{"href":"https:\/\/vipfesta.com.br\/vipfesta\/wp-json\/wp\/v2\/posts"}],"about":[{"href":"https:\/\/vipfesta.com.br\/vipfesta\/wp-json\/wp\/v2\/types\/post"}],"author":[{"embeddable":true,"href":"https:\/\/vipfesta.com.br\/vipfesta\/wp-json\/wp\/v2\/users\/1"}],"replies":[{"embeddable":true,"href":"https:\/\/vipfesta.com.br\/vipfesta\/wp-json\/wp\/v2\/comments?post=31247"}],"version-history":[{"count":2,"href":"https:\/\/vipfesta.com.br\/vipfesta\/wp-json\/wp\/v2\/posts\/31247\/revisions"}],"predecessor-version":[{"id":31251,"href":"https:\/\/vipfesta.com.br\/vipfesta\/wp-json\/wp\/v2\/posts\/31247\/revisions\/31251"}],"wp:featuredmedia":[{"embeddable":true,"href":"https:\/\/vipfesta.com.br\/vipfesta\/wp-json\/wp\/v2\/media\/31248"}],"wp:attachment":[{"href":"https:\/\/vipfesta.com.br\/vipfesta\/wp-json\/wp\/v2\/media?parent=31247"}],"wp:term":[{"taxonomy":"category","embeddable":true,"href":"https:\/\/vipfesta.com.br\/vipfesta\/wp-json\/wp\/v2\/categories?post=31247"},{"taxonomy":"post_tag","embeddable":true,"href":"https:\/\/vipfesta.com.br\/vipfesta\/wp-json\/wp\/v2\/tags?post=31247"}],"curies":[{"name":"wp","href":"https:\/\/api.w.org\/{rel}","templated":true}]}}