{"id":31196,"date":"2021-05-04T13:59:03","date_gmt":"2021-05-04T17:59:03","guid":{"rendered":"https:\/\/vipfesta.com.br\/vipfesta\/?p=31196"},"modified":"2021-05-04T13:59:09","modified_gmt":"2021-05-04T17:59:09","slug":"informe-parlamentar-da-deputada-federal-silvia-cristina","status":"publish","type":"post","link":"https:\/\/vipfesta.com.br\/vipfesta\/informe-parlamentar-da-deputada-federal-silvia-cristina\/","title":{"rendered":"Informe Parlamentar da Deputada Federal Silvia Cristina"},"content":{"rendered":"\n<figure class=\"wp-block-image size-large\"><img loading=\"lazy\" decoding=\"async\" width=\"1024\" height=\"766\" src=\"https:\/\/vipfesta.com.br\/vipfesta\/wp-content\/uploads\/2021\/05\/FOTO-SANTA-CASA-1024x766.jpg\" alt=\"\" class=\"wp-image-31197\" srcset=\"https:\/\/vipfesta.com.br\/vipfesta\/wp-content\/uploads\/2021\/05\/FOTO-SANTA-CASA-1024x766.jpg 1024w, https:\/\/vipfesta.com.br\/vipfesta\/wp-content\/uploads\/2021\/05\/FOTO-SANTA-CASA-300x225.jpg 300w, https:\/\/vipfesta.com.br\/vipfesta\/wp-content\/uploads\/2021\/05\/FOTO-SANTA-CASA-768x575.jpg 768w, https:\/\/vipfesta.com.br\/vipfesta\/wp-content\/uploads\/2021\/05\/FOTO-SANTA-CASA-150x112.jpg 150w, https:\/\/vipfesta.com.br\/vipfesta\/wp-content\/uploads\/2021\/05\/FOTO-SANTA-CASA.jpg 1125w\" sizes=\"auto, (max-width: 1024px) 100vw, 1024px\" \/><\/figure>\n\n\n\n<p>Informe Parlamentar da Deputada Federal Silvia Cristina (de 15\/04 a 30\/04)<\/p>\n\n\n\n<p><strong><em>*15 de abril<\/em><\/strong><strong><br><\/strong><strong><br><\/strong><strong>Vale do Anari<\/strong><strong><br><\/strong><strong> <\/strong>A deputada federal S\u00edlvia Cristina, recebeu em seu gabinete, o vereador Afonso, o suplente de vereador, Marcinho, o presidente Rafael e o vice-presidente Afonso, da Associa\u00e7\u00e3o da Linha C-70, do Vale do Anari, onde conversaram e a deputada afirmou compromisso de encaminhar uma emenda para aquisi\u00e7\u00e3o de implementos agr\u00edcolas para ajudar na agricultura familiar do munic\u00edpio de Vale do Anari.<\/p>\n\n\n\n<p><strong>Visita<br><\/strong>A deputada tamb\u00e9m esteve em reuni\u00e3o com o vereador Wanderson e com o chefe de gabinete Thiago, de Ji-Paran\u00e1 onde conversaram sobre demandas e ela firmou compromisso em atender as demandas do munic\u00edpio. <\/p>\n\n\n\n<figure class=\"wp-block-image size-large\"><img loading=\"lazy\" decoding=\"async\" width=\"1024\" height=\"766\" src=\"https:\/\/vipfesta.com.br\/vipfesta\/wp-content\/uploads\/2021\/05\/FOTO-ONCOLOGIA-1024x766.jpg\" alt=\"\" class=\"wp-image-31198\" srcset=\"https:\/\/vipfesta.com.br\/vipfesta\/wp-content\/uploads\/2021\/05\/FOTO-ONCOLOGIA-1024x766.jpg 1024w, https:\/\/vipfesta.com.br\/vipfesta\/wp-content\/uploads\/2021\/05\/FOTO-ONCOLOGIA-300x224.jpg 300w, https:\/\/vipfesta.com.br\/vipfesta\/wp-content\/uploads\/2021\/05\/FOTO-ONCOLOGIA-768x575.jpg 768w, https:\/\/vipfesta.com.br\/vipfesta\/wp-content\/uploads\/2021\/05\/FOTO-ONCOLOGIA-150x112.jpg 150w, https:\/\/vipfesta.com.br\/vipfesta\/wp-content\/uploads\/2021\/05\/FOTO-ONCOLOGIA.jpg 1160w\" sizes=\"auto, (max-width: 1024px) 100vw, 1024px\" \/><\/figure>\n\n\n\n<p><strong>Santa Casa da Miseric\u00f3rdia<br><br><\/strong>Em Ji-Paran\u00e1, a deputada esteve reunida com o Dr. Garate, com o major Tup\u00e3 e com o vereador Wanderson, nas depend\u00eancias da Santa Casa de Miseric\u00f3rdia. J\u00e1 faz alguns anos que a Santa Casa de Ji-Paran\u00e1 n\u00e3o est\u00e1 funcionando e a deputada participou de uma reuni\u00e3o com o Dr. Garate, novo gestor da Santa Casa, e que garantiu que, atrav\u00e9s de parcerias com institui\u00e7\u00f5es, com o munic\u00edpio, com ma\u00e7onaria, com\u00e9rcio e outras lideran\u00e7as, que ser\u00e1 poss\u00edvel o retorno do funcionamento da Santa Casa de Miseric\u00f3rdia de Ji-Paran\u00e1. O Dr. Garate pediu apoio e a deputada disse que, assim que a Santa Casa estiver em funcionamento, estar\u00e1 garantindo emendas pra poder ajudar no custeio sabendo da import\u00e2ncia que a Santa Casa tem para Ji-Paran\u00e1 e regi\u00e3o.<\/p>\n\n\n\n<p><strong><em>*16 de abril<\/em><\/strong><\/p>\n\n\n\n<p><strong>Drive-thru<\/strong><br>A deputada, em r\u00e1pida passagem pelo munic\u00edpio de Buritis, prestigiou a a\u00e7\u00e3o do Governo do Estado com a prefeitura de Jaru no Drive-thru de teste para COVID-19 onde 500 pessoas puderam realizar o teste. Um trabalho muito importante pra preven\u00e7\u00e3o e combate ao coronav\u00edrus e que facilita para a popula\u00e7\u00e3o que precisa realizar o exame.<\/p>\n\n\n\n<p><strong>Jacin\u00f3polis<\/strong><strong><br><\/strong>A deputada S\u00edlvia Cristina esteve em Jacin\u00f3polis, distrito de Nova Mamor\u00e9, onde realizou um encontro com o produtor rural Mineiro, al\u00e9m do vice-prefeito de Nova Mamor\u00e9, Serginho e dos vereadores Marquinhos e Denisio, o vice-prefeito de Campo Novo, pastor Adeilson e o comandante da Pol\u00edcia Militar, Marquezine onde apresentaram demandas dos munic\u00edpios.<\/p>\n\n\n\n<p><strong><em>*19 de abril<\/em><\/strong><\/p>\n\n\n\n<p><strong>Visita<\/strong><br>A deputada S\u00edlvia Cristina recebeu a visita do vereador Robinho, do munic\u00edpio de Ouro Preto, onde conversaram e discutiram a\u00e7\u00f5es voltadas para a sa\u00fade de Ouro Preto do Oeste.<\/p>\n\n\n\n<p><strong>Agricultura familiar<\/strong><strong><br><\/strong>A deputada tamb\u00e9m recebeu o gerente da Emater do distrito de Estrela de Rond\u00f4nia, Adriano, do munic\u00edpio de Presidente M\u00e9dici, onde conversaram sobre assuntos importantes relacionados a agricultura familiar.<\/p>\n\n\n\n<p><strong><em>*20 de abril<\/em><\/strong><\/p>\n\n\n\n<p><strong>Visita no Centro de Preven\u00e7\u00e3o<\/strong><br>A deputada esteve visitando as obras do Centro de Preven\u00e7\u00e3o de C\u00e2ncer que segue em reta final, obra muito importante para Rond\u00f4nia onde a deputada j\u00e1 destinou R$ 10 milh\u00f5es de sua emenda. No Centro de Preven\u00e7\u00e3o, ser\u00e3o realizados exames preventivos e diagn\u00f3stico de c\u00e2ncer, micro e pequenas cirurgias pra bi\u00f3psia com a compet\u00eancia do hospital de amor, refer\u00eancia h\u00e1 d\u00e9cadas na preven\u00e7\u00e3o e diagn\u00f3stico de c\u00e2ncer.<br><br><strong><em>*23 de abril<\/em><\/strong><\/p>\n\n\n\n<p><strong>Porto Velho<\/strong><br>A deputada esteve em reuni\u00e3o com o diret\u00f3rio do PDT, em Porto Velho, que tem como novo presidente, Dr. Valnei Rocha onde tiveram uma reuni\u00e3o muito produtiva.<br><\/p>\n\n\n\n<p><strong>Reuni\u00e3o com comerciantes<\/strong><br>Tamb\u00e9m participou de uma reuni\u00e3o com o presidente da Associa\u00e7\u00e3o dos Comerciantes da zona leste de Porto Velho, Ramiro Santos, junto com o Rui Lemos, que tamb\u00e9m faz parte da diretoria da Associa\u00e7\u00e3o, onde trouxeram demandas da zona leste da Capital e a deputada se colocou \u00e0 disposi\u00e7\u00e3o para ajudar no que for preciso.<\/p>\n\n\n\n<p><strong><em>*24 de abril<\/em><\/strong><\/p>\n\n\n\n<p><strong>\u00c1rea de viv\u00eancia<\/strong><br>J\u00e1 est\u00e1 quase pronta a \u00e1rea de viv\u00eancia do Centro de Preven\u00e7\u00e3o de C\u00e2ncer de Rond\u00f4nia, em Ji-Paran\u00e1. A \u00e1rea de viv\u00eancia faz parte do Centro de Preven\u00e7\u00e3o de C\u00e2ncer, deixando o ambiente mais humanizado onde as pessoas v\u00e3o poder descansar e aguardar as suas consultas com mais conforto. As obras seguem em reta final onde a deputada S\u00edlvia Cristina j\u00e1 destinou o valor de R$ 10 milh\u00f5es de sua emenda para a realiza\u00e7\u00e3o deste sonho que ir\u00e1 salvar muitas vidas.<\/p>\n\n\n\n<p><strong><em>*25 de abril<\/em><\/strong><\/p>\n\n\n\n<p><strong>R$ 300 mil para hospital de Nova Brasil\u00e2ndia<\/strong><br>No ano passado, a deputada esteve visitando o Hospital Anselmo Bianchini, no munic\u00edpio de Nova Brasil\u00e2ndia. O local que se encontrava bastante deteriorado, passa agora por sua terceira reforma ap\u00f3s receber a emenda de R$ 300 mil que a deputada destinou para a obra que j\u00e1 est\u00e1 em execu\u00e7\u00e3o.<br><br><strong>Pol\u00edtica Nacional de Aten\u00e7\u00e3o \u00e0 Oncologia Pedi\u00e1trica<\/strong><strong><br><\/strong><strong>(Foto em anexo)<\/strong><strong><br><\/strong>Em Bras\u00edlia, foi iniciado os trabalhos na C\u00e2mara, na Comiss\u00e3o de Seguridade Social e dentre os debates, est\u00e1 o PL 3921, que institui a Pol\u00edtica Nacional de Aten\u00e7\u00e3o \u00e0 Oncologia Pedi\u00e1trica, projeto do deputado Bibo Nunes, que teve voto favor\u00e1vel da deputada S\u00edlvia Cristina, que falou sobre a import\u00e2ncia do combate ao c\u00e2ncer infanto-juvenil. Como presidente da Frente Parlamentar de luta contra o c\u00e2ncer, a deputada ficou muito feliz em saber que as quest\u00f5es de combate e preven\u00e7\u00e3o contra o c\u00e2ncer est\u00e3o avan\u00e7ando.<\/p>\n\n\n\n<p><strong><em>*28 de abril<\/em><\/strong><\/p>\n\n\n\n<p><strong>Morar Melhor em Ji-Paran\u00e1<\/strong><strong><br><\/strong>A deputada esteve mais uma vez, juntamente com o Diretor Nacional de Habita\u00e7\u00e3o, Alfredo, onde discutiram sobre as a\u00e7\u00f5es realizadas sobre o Morar Melhor. O diretor falou sobre as pend\u00eancias que est\u00e3o sendo solucionadas e que impediam a conclus\u00e3o e a entrega das resid\u00eancias.&nbsp;<\/p>\n\n\n\n<p><strong>Obras da BR 429<\/strong><br>A deputada esteve tamb\u00e9m com o Diretor-geral do DNIT, General Ant\u00f4nio Leite dos Santos Filho, onde perguntou sobre o retorno das obras de recupera\u00e7\u00e3o das BRs 429, 421 e 364. O diretor que deu boas informa\u00e7\u00f5es sobre o inicio das obras da BR 429 disse que provavelmente ainda no m\u00eas de maio dar\u00e1 inicio as obras e que a BR 421 assim que repassada para o Dnit, ter\u00e1 o in\u00edcio da execu\u00e7\u00e3o do servi\u00e7o.&nbsp;<\/p>\n\n\n\n<p><strong><em>*29 de abril<\/em><\/strong><\/p>\n\n\n\n<p><strong>Parceria<\/strong><strong><br><\/strong>A deputada esteve em reuni\u00e3o on line com os parceiros da empresa Johnson e Johnson, Andr\u00e9 e Camila e disse que em breve ter\u00e1 o anuncio do resultado de uma importante parceria com a empresa que trar\u00e1 novidades para o Centro de Preven\u00e7\u00e3o de C\u00e2ncer de Rond\u00f4nia, em Ji-Paran\u00e1.<\/p>\n\n\n\n<p><strong>Reuni\u00e3o<\/strong><strong><br><\/strong>A deputada esteve em reuni\u00e3o com a Reitora Dra. Marcelle Pereira, com o professor George Queiroga Estrela &#8211; Pr\u00f3-Reitor de Planejamento e Simirame Leite Soldaini &#8211; representante da UNIR, em Bras\u00edlia.<br><br><strong><em>*<\/em><\/strong><strong><em>30 de abril<\/em><\/strong><\/p>\n\n\n\n<p><strong>Drive-Thru<\/strong><br>A deputada esteve em mais um Drive-Thru de testagem r\u00e1pida, a\u00e7\u00e3o da secretaria de estado, no combate ao Covid 19. Cerca de mil pessoas foram testadas em Porto Velho.&nbsp;<\/p>\n\n\n\n<p><strong>Santa Marcelina<\/strong><strong><br><\/strong>A deputada esteve visitando a escola Santa Marcelina da zona leste em Porto Velho e ficou encantada com o trabalho que \u00e9 feito junto aquela comunidade e se colocou a disposi\u00e7\u00e3o da irm\u00e3 Lurdes e da vice-diretora Ros\u00e2ngela.<\/p>\n\n\n\n<p><strong>Reuni\u00f5es<\/strong><strong><br><\/strong>Uma das reuni\u00f5es aconteceu no bairro Airton Senna, em Porto Velho, com o pastor Andr\u00e9 e colaborares onde&nbsp; deputada se comprometeu trabalhar em parceria com alguns projetos sociais da comunidade.<\/p>\n\n\n\n<p>A outra reuni\u00e3o aconteceu com amigos do Movimento Comunit\u00e1rio Trabalhista, no residencial Morar Melhor, em Porto Velho. Momento muito importante para ouvir as demandas da comunidade.&nbsp;<\/p>\n\n\n\n<p><strong>Acesse as redes de divulga\u00e7\u00e3o da Deputada Federal S\u00edlvia Cristina:<\/strong><\/p>\n\n\n\n<p><strong>Site<\/strong>: <a href=\"http:\/\/www.silviacristina.com\" target=\"_blank\" rel=\"noopener\">www.silviacristina.com<br><\/a><strong>Instagram:<\/strong> <a href=\"http:\/\/www.instagram.com\/silviacristina.ro\" target=\"_blank\" rel=\"noopener\">www.instagram.com\/silviacristina.ro<br><\/a><strong>Facebook:<\/strong> <a href=\"http:\/\/www.facebook.com\/silviacristina.ro\" target=\"_blank\" rel=\"noopener\">www.facebook.com\/silviacristina.ro<br><\/a>Youtube: <a href=\"http:\/\/www.youtube.com\/channel\/UCDneHIIe---DIVW4AeG9luA\" target=\"_blank\" rel=\"noopener\">www.youtube.com\/channel\/UCDneHIIe&#8212;DIVW4AeG9luA<\/a> <\/p>\n\n\n\n<p>Assessoria <\/p>\n\n\n\n<p><\/p>\n","protected":false},"excerpt":{"rendered":"<p>Informe Parlamentar da Deputada Federal Silvia Cristina (de 15\/04 a 30\/04) *15 de abrilVale do Anari A deputada federal S\u00edlvia<\/p>\n","protected":false},"author":1,"featured_media":31197,"comment_status":"open","ping_status":"open","sticky":false,"template":"","format":"standard","meta":{"colormag_page_container_layout":"default_layout","colormag_page_sidebar_layout":"default_layout","footnotes":""},"categories":[303],"tags":[541],"class_list":["post-31196","post","type-post","status-publish","format-standard","has-post-thumbnail","hentry","category-politica","tag-silvia-cristina"],"_links":{"self":[{"href":"https:\/\/vipfesta.com.br\/vipfesta\/wp-json\/wp\/v2\/posts\/31196","targetHints":{"allow":["GET"]}}],"collection":[{"href":"https:\/\/vipfesta.com.br\/vipfesta\/wp-json\/wp\/v2\/posts"}],"about":[{"href":"https:\/\/vipfesta.com.br\/vipfesta\/wp-json\/wp\/v2\/types\/post"}],"author":[{"embeddable":true,"href":"https:\/\/vipfesta.com.br\/vipfesta\/wp-json\/wp\/v2\/users\/1"}],"replies":[{"embeddable":true,"href":"https:\/\/vipfesta.com.br\/vipfesta\/wp-json\/wp\/v2\/comments?post=31196"}],"version-history":[{"count":1,"href":"https:\/\/vipfesta.com.br\/vipfesta\/wp-json\/wp\/v2\/posts\/31196\/revisions"}],"predecessor-version":[{"id":31199,"href":"https:\/\/vipfesta.com.br\/vipfesta\/wp-json\/wp\/v2\/posts\/31196\/revisions\/31199"}],"wp:featuredmedia":[{"embeddable":true,"href":"https:\/\/vipfesta.com.br\/vipfesta\/wp-json\/wp\/v2\/media\/31197"}],"wp:attachment":[{"href":"https:\/\/vipfesta.com.br\/vipfesta\/wp-json\/wp\/v2\/media?parent=31196"}],"wp:term":[{"taxonomy":"category","embeddable":true,"href":"https:\/\/vipfesta.com.br\/vipfesta\/wp-json\/wp\/v2\/categories?post=31196"},{"taxonomy":"post_tag","embeddable":true,"href":"https:\/\/vipfesta.com.br\/vipfesta\/wp-json\/wp\/v2\/tags?post=31196"}],"curies":[{"name":"wp","href":"https:\/\/api.w.org\/{rel}","templated":true}]}}