{"id":30645,"date":"2021-03-15T10:28:56","date_gmt":"2021-03-15T14:28:56","guid":{"rendered":"https:\/\/vipfesta.com.br\/vipfesta\/?p=30645"},"modified":"2021-03-15T10:28:59","modified_gmt":"2021-03-15T14:28:59","slug":"nota-oficial-prefeitura-de-ji-parana","status":"publish","type":"post","link":"https:\/\/vipfesta.com.br\/vipfesta\/nota-oficial-prefeitura-de-ji-parana\/","title":{"rendered":"Nota Oficial: Prefeitura de Ji-Paran\u00e1"},"content":{"rendered":"\n<figure class=\"wp-block-image size-large\"><img loading=\"lazy\" decoding=\"async\" width=\"845\" height=\"500\" src=\"https:\/\/vipfesta.com.br\/vipfesta\/wp-content\/uploads\/2021\/02\/Prefeitura.jpg\" alt=\"\" class=\"wp-image-30293\" srcset=\"https:\/\/vipfesta.com.br\/vipfesta\/wp-content\/uploads\/2021\/02\/Prefeitura.jpg 845w, https:\/\/vipfesta.com.br\/vipfesta\/wp-content\/uploads\/2021\/02\/Prefeitura-300x178.jpg 300w, https:\/\/vipfesta.com.br\/vipfesta\/wp-content\/uploads\/2021\/02\/Prefeitura-768x454.jpg 768w, https:\/\/vipfesta.com.br\/vipfesta\/wp-content\/uploads\/2021\/02\/Prefeitura-150x89.jpg 150w\" sizes=\"auto, (max-width: 845px) 100vw, 845px\" \/><\/figure>\n\n\n\n<p>Com o prop\u00f3sito de esclarecer toda e qualquer d\u00favida acerca do Decreto de n\u00ba 14.860 de 11 de mar\u00e7o de 2021, que determina medidas tempor\u00e1rias de isolamento social restritivo, visando a conten\u00e7\u00e3o do avan\u00e7o da pandemia da COVID-19, no Munic\u00edpio de Ji-Paran\u00e1, se exp\u00f5e o que segue:<\/p>\n\n\n\n<p>No dia 06 de mar\u00e7o, conforme amplamente divulgado, o Governo de Rond\u00f4nia publicou o Decreto n\u00ba 25.856, que entrou em vigor no domingo (7) de mar\u00e7o, definindo funcionamento de atividades nos finais de semanas, no per\u00edodo das 21h de sexta-feira at\u00e9 as 6h de segunda-feira, inclusive com restri\u00e7\u00e3o de locomo\u00e7\u00e3o e circula\u00e7\u00e3o de pessoas, nos munic\u00edpios enquadrados nas Fases 1 e 2 do \u201cPlano Todos Por Rond\u00f4nia\u201d, apresentando algumas exce\u00e7\u00f5es.<\/p>\n\n\n\n<p>Com o momento delicado o qual todos estamos passando, o prefeito Isa\u00fa Fonseca, tem dialogado diariamente com autoridades em sa\u00fade, representantes do Judici\u00e1rio e Minist\u00e9rio P\u00fablico, sempre buscando apoio no combate ao coronav\u00edrus e suas variantes.<\/p>\n\n\n\n<p>A atual gest\u00e3o n\u00e3o tem poupado esfor\u00e7os no sentido do cumprimento de todas as medidas preconizadas pelas autoridades de sa\u00fade, com ado\u00e7\u00e3o dos meios necess\u00e1rios para evitar a dissemina\u00e7\u00e3o do v\u00edrus.<\/p>\n\n\n\n<p>O Chefe do Executivo municipal, considerando a necessidade de controlar o avan\u00e7o do v\u00edrus em toda \u00e1rea de abrang\u00eancia municipal, emitiu o Decreto de n\u00ba 14.860, de 11 de mar\u00e7o de 2021, seguindo o Decreto Estadual de n\u00ba 25.859.<\/p>\n\n\n\n<p>A Prefeitura de Ji-Paran\u00e1, por fim, reitera a todos a necessidade do cumprimento das medidas de isolamento social e cuidados que se imp\u00f5em, especialmente quanto ao uso da m\u00e1scara e que se evitem aglomera\u00e7\u00f5es.<\/p>\n\n\n\n<p>S\u00f3 assim podemos combater essa pandemia o mais r\u00e1pido poss\u00edvel.<\/p>\n\n\n\n<p>Assessoria <\/p>\n\n\n\n<p><\/p>\n","protected":false},"excerpt":{"rendered":"<p>Com o prop\u00f3sito de esclarecer toda e qualquer d\u00favida acerca do Decreto de n\u00ba 14.860 de 11 de mar\u00e7o de<\/p>\n","protected":false},"author":1,"featured_media":30293,"comment_status":"open","ping_status":"open","sticky":false,"template":"","format":"standard","meta":{"colormag_page_container_layout":"default_layout","colormag_page_sidebar_layout":"default_layout","footnotes":""},"categories":[283,347],"tags":[36],"class_list":["post-30645","post","type-post","status-publish","format-standard","has-post-thumbnail","hentry","category-cidades","category-jiparana","tag-prefeitura"],"_links":{"self":[{"href":"https:\/\/vipfesta.com.br\/vipfesta\/wp-json\/wp\/v2\/posts\/30645","targetHints":{"allow":["GET"]}}],"collection":[{"href":"https:\/\/vipfesta.com.br\/vipfesta\/wp-json\/wp\/v2\/posts"}],"about":[{"href":"https:\/\/vipfesta.com.br\/vipfesta\/wp-json\/wp\/v2\/types\/post"}],"author":[{"embeddable":true,"href":"https:\/\/vipfesta.com.br\/vipfesta\/wp-json\/wp\/v2\/users\/1"}],"replies":[{"embeddable":true,"href":"https:\/\/vipfesta.com.br\/vipfesta\/wp-json\/wp\/v2\/comments?post=30645"}],"version-history":[{"count":1,"href":"https:\/\/vipfesta.com.br\/vipfesta\/wp-json\/wp\/v2\/posts\/30645\/revisions"}],"predecessor-version":[{"id":30646,"href":"https:\/\/vipfesta.com.br\/vipfesta\/wp-json\/wp\/v2\/posts\/30645\/revisions\/30646"}],"wp:featuredmedia":[{"embeddable":true,"href":"https:\/\/vipfesta.com.br\/vipfesta\/wp-json\/wp\/v2\/media\/30293"}],"wp:attachment":[{"href":"https:\/\/vipfesta.com.br\/vipfesta\/wp-json\/wp\/v2\/media?parent=30645"}],"wp:term":[{"taxonomy":"category","embeddable":true,"href":"https:\/\/vipfesta.com.br\/vipfesta\/wp-json\/wp\/v2\/categories?post=30645"},{"taxonomy":"post_tag","embeddable":true,"href":"https:\/\/vipfesta.com.br\/vipfesta\/wp-json\/wp\/v2\/tags?post=30645"}],"curies":[{"name":"wp","href":"https:\/\/api.w.org\/{rel}","templated":true}]}}