{"id":30627,"date":"2021-03-12T23:05:27","date_gmt":"2021-03-13T03:05:27","guid":{"rendered":"https:\/\/vipfesta.com.br\/vipfesta\/?p=30627"},"modified":"2021-03-12T23:05:32","modified_gmt":"2021-03-13T03:05:32","slug":"capacetes-cpaps-auxiliam-na-oxigenacao-de-pacientes-com-covid-19","status":"publish","type":"post","link":"https:\/\/vipfesta.com.br\/vipfesta\/capacetes-cpaps-auxiliam-na-oxigenacao-de-pacientes-com-covid-19\/","title":{"rendered":"Capacetes CPAPs auxiliam na oxigena\u00e7\u00e3o de pacientes com Covid-19"},"content":{"rendered":"\n<figure class=\"wp-block-image size-large\"><img loading=\"lazy\" decoding=\"async\" width=\"1024\" height=\"706\" src=\"https:\/\/vipfesta.com.br\/vipfesta\/wp-content\/uploads\/2021\/03\/CPAPS-1-2-1024x706.jpg\" alt=\"\" class=\"wp-image-30628\" srcset=\"https:\/\/vipfesta.com.br\/vipfesta\/wp-content\/uploads\/2021\/03\/CPAPS-1-2-1024x706.jpg 1024w, https:\/\/vipfesta.com.br\/vipfesta\/wp-content\/uploads\/2021\/03\/CPAPS-1-2-300x207.jpg 300w, https:\/\/vipfesta.com.br\/vipfesta\/wp-content\/uploads\/2021\/03\/CPAPS-1-2-768x530.jpg 768w, https:\/\/vipfesta.com.br\/vipfesta\/wp-content\/uploads\/2021\/03\/CPAPS-1-2-130x90.jpg 130w, https:\/\/vipfesta.com.br\/vipfesta\/wp-content\/uploads\/2021\/03\/CPAPS-1-2-150x103.jpg 150w, https:\/\/vipfesta.com.br\/vipfesta\/wp-content\/uploads\/2021\/03\/CPAPS-1-2.jpg 1080w\" sizes=\"auto, (max-width: 1024px) 100vw, 1024px\" \/><figcaption>Aparelho \u00e9 utilizado como suporte ventilat\u00f3rio n\u00e3o invasivo<\/figcaption><\/figure>\n\n\n\n<p><\/p>\n\n\n\n<p>Os capacetes de press\u00e3o positiva cont\u00ednua (CPAPs, na sigla em ingl\u00eas) t\u00eam auxiliado na melhor oxigena\u00e7\u00e3o de pacientes em tratamento contra o novo coronav\u00edrus (Covid-19). O aparelho \u00e9 utilizado como suporte ventilat\u00f3rio n\u00e3o invasivo (VNI), ou seja, sem a necessidade de intuba\u00e7\u00e3o.<\/p>\n\n\n\n<p>Segundo o m\u00e9dico e diretor t\u00e9cnico do Hospital Municipal Dr. Claudionor Couto Roriz, Hendriw de Souza Ribeiro, os capacetes CPAPs s\u00e3o a primeira op\u00e7\u00e3o para auxiliar na estabiliza\u00e7\u00e3o da oxigena\u00e7\u00e3o dos pacientes.<\/p>\n\n\n\n<figure class=\"wp-block-image size-large\"><img loading=\"lazy\" decoding=\"async\" width=\"1024\" height=\"682\" src=\"https:\/\/vipfesta.com.br\/vipfesta\/wp-content\/uploads\/2021\/03\/IMG-20210306-WA01802-1024x682.jpg\" alt=\"\" class=\"wp-image-30564\" srcset=\"https:\/\/vipfesta.com.br\/vipfesta\/wp-content\/uploads\/2021\/03\/IMG-20210306-WA01802-1024x682.jpg 1024w, https:\/\/vipfesta.com.br\/vipfesta\/wp-content\/uploads\/2021\/03\/IMG-20210306-WA01802-300x200.jpg 300w, https:\/\/vipfesta.com.br\/vipfesta\/wp-content\/uploads\/2021\/03\/IMG-20210306-WA01802-768x512.jpg 768w, https:\/\/vipfesta.com.br\/vipfesta\/wp-content\/uploads\/2021\/03\/IMG-20210306-WA01802-150x100.jpg 150w, https:\/\/vipfesta.com.br\/vipfesta\/wp-content\/uploads\/2021\/03\/IMG-20210306-WA01802.jpg 1280w\" sizes=\"auto, (max-width: 1024px) 100vw, 1024px\" \/><\/figure>\n\n\n\n<p>\u201cO capacete CPAP \u00e9 a nossa primeira op\u00e7\u00e3o para tentarmos estabilizar os pacientes, por meio da ventila\u00e7\u00e3o n\u00e3o invasiva, evitando os riscos da ventila\u00e7\u00e3o mec\u00e2nica invasiva. Esse aparelho auxilia a respira\u00e7\u00e3o do paciente, de maneira externa, sem a necessidade de intuba\u00e7\u00e3o\u201d, detalhou o diretor do HM.<\/p>\n\n\n\n<p>O capacete CPAP melhora os n\u00edveis de satura\u00e7\u00e3o de oxig\u00eanio no sangue, al\u00e9m de aliviar o desconforto respirat\u00f3rio dos pacientes. Com o aparelho, essas pessoas n\u00e3o precisam ser sedadas, mantendo-as conscientes durante o per\u00edodo de tratamento da doen\u00e7a.<\/p>\n\n\n\n<p>\u201cUtilizando o CPAP, o paciente n\u00e3o \u00e9 sedado e continua respondendo aos est\u00edmulos. Caso a oxigena\u00e7\u00e3o dos pacientes n\u00e3o se estabilize com o CPAP, a\u00ed sim, partimos para a ventila\u00e7\u00e3o mec\u00e2nica invasiva, com a necessidade de intuba\u00e7\u00e3o dos pacientes\u201d, explicou Hendriw Ribeiro.<\/p>\n\n\n\n<p>Doa\u00e7\u00f5es<\/p>\n\n\n\n<p>Recentemente, a Prefeitura de Ji-Paran\u00e1, por meio da Secretaria Municipal de Sa\u00fade (Semusa), recebeu a doa\u00e7\u00e3o de 15 unidades de capacetes CPAPs. Os aparelhos foram doados pela cooperativa de cr\u00e9dito Sicoob Centro, Ordem de Ministros de Ji-Paran\u00e1, Segunda Igreja Batista e pela empresa Casa da Sogra, al\u00e9m de um doador que preferiu n\u00e3o se identificar.<\/p>\n\n\n\n<p>\u201cEstamos enfrentando um momento muito dif\u00edcil, onde a ajuda de todos sempre ser\u00e1 bem-vinda. Estas pessoas e empresas, que est\u00e3o doando os aparelhos, n\u00e3o est\u00e3o ajudando a Prefeitura ou a Semusa. Na verdade, eles est\u00e3o ajudando a nossa cidade, auxiliando na Sa\u00fade de nossa popula\u00e7\u00e3o\u201d, agradeceu Ivo da Silva, titular da Semusa.<\/p>\n\n\n\n<p>Empres\u00e1rios ou qualquer morador de Ji-Paran\u00e1, que tenha interesse em realizar alguma doa\u00e7\u00e3o para auxiliar no combate \u00e0 Covid-19, podem procurar a sede da Semusa ou entrar em contato pelo telefone: 3416-4052, das 7h30 \u00e0s 12h30.<\/p>\n\n\n\n<p>Assessoria <\/p>\n\n\n\n<p><\/p>\n","protected":false},"excerpt":{"rendered":"<p>Os capacetes de press\u00e3o positiva cont\u00ednua (CPAPs, na sigla em ingl\u00eas) t\u00eam auxiliado na melhor oxigena\u00e7\u00e3o de pacientes em tratamento<\/p>\n","protected":false},"author":1,"featured_media":30629,"comment_status":"open","ping_status":"open","sticky":false,"template":"","format":"standard","meta":{"colormag_page_container_layout":"default_layout","colormag_page_sidebar_layout":"default_layout","footnotes":""},"categories":[440,466],"tags":[642,1179],"class_list":["post-30627","post","type-post","status-publish","format-standard","has-post-thumbnail","hentry","category-saude","category-utilidade-publica","tag-coronavirus","tag-covid-19"],"_links":{"self":[{"href":"https:\/\/vipfesta.com.br\/vipfesta\/wp-json\/wp\/v2\/posts\/30627","targetHints":{"allow":["GET"]}}],"collection":[{"href":"https:\/\/vipfesta.com.br\/vipfesta\/wp-json\/wp\/v2\/posts"}],"about":[{"href":"https:\/\/vipfesta.com.br\/vipfesta\/wp-json\/wp\/v2\/types\/post"}],"author":[{"embeddable":true,"href":"https:\/\/vipfesta.com.br\/vipfesta\/wp-json\/wp\/v2\/users\/1"}],"replies":[{"embeddable":true,"href":"https:\/\/vipfesta.com.br\/vipfesta\/wp-json\/wp\/v2\/comments?post=30627"}],"version-history":[{"count":1,"href":"https:\/\/vipfesta.com.br\/vipfesta\/wp-json\/wp\/v2\/posts\/30627\/revisions"}],"predecessor-version":[{"id":30630,"href":"https:\/\/vipfesta.com.br\/vipfesta\/wp-json\/wp\/v2\/posts\/30627\/revisions\/30630"}],"wp:featuredmedia":[{"embeddable":true,"href":"https:\/\/vipfesta.com.br\/vipfesta\/wp-json\/wp\/v2\/media\/30629"}],"wp:attachment":[{"href":"https:\/\/vipfesta.com.br\/vipfesta\/wp-json\/wp\/v2\/media?parent=30627"}],"wp:term":[{"taxonomy":"category","embeddable":true,"href":"https:\/\/vipfesta.com.br\/vipfesta\/wp-json\/wp\/v2\/categories?post=30627"},{"taxonomy":"post_tag","embeddable":true,"href":"https:\/\/vipfesta.com.br\/vipfesta\/wp-json\/wp\/v2\/tags?post=30627"}],"curies":[{"name":"wp","href":"https:\/\/api.w.org\/{rel}","templated":true}]}}