{"id":29549,"date":"2020-11-22T14:25:09","date_gmt":"2020-11-22T18:25:09","guid":{"rendered":"https:\/\/vipfesta.com.br\/vipfesta\/?p=29549"},"modified":"2020-11-22T14:25:16","modified_gmt":"2020-11-22T18:25:16","slug":"ji-parana-fc-treina-para-a-semifinal-do-rondoniense-2020","status":"publish","type":"post","link":"https:\/\/vipfesta.com.br\/vipfesta\/ji-parana-fc-treina-para-a-semifinal-do-rondoniense-2020\/","title":{"rendered":"Ji-Paran\u00e1 FC treina para a semifinal do Rondoniense 2020"},"content":{"rendered":"\n<figure class=\"wp-block-image size-large\"><img loading=\"lazy\" decoding=\"async\" width=\"1024\" height=\"768\" src=\"https:\/\/vipfesta.com.br\/vipfesta\/wp-content\/uploads\/2020\/11\/IMG_1129_2-min-min-1-min-1-1024x768.jpg\" alt=\"\" class=\"wp-image-29550\" srcset=\"https:\/\/vipfesta.com.br\/vipfesta\/wp-content\/uploads\/2020\/11\/IMG_1129_2-min-min-1-min-1-1024x768.jpg 1024w, https:\/\/vipfesta.com.br\/vipfesta\/wp-content\/uploads\/2020\/11\/IMG_1129_2-min-min-1-min-1-300x225.jpg 300w, https:\/\/vipfesta.com.br\/vipfesta\/wp-content\/uploads\/2020\/11\/IMG_1129_2-min-min-1-min-1-768x576.jpg 768w, https:\/\/vipfesta.com.br\/vipfesta\/wp-content\/uploads\/2020\/11\/IMG_1129_2-min-min-1-min-1-1536x1152.jpg 1536w, https:\/\/vipfesta.com.br\/vipfesta\/wp-content\/uploads\/2020\/11\/IMG_1129_2-min-min-1-min-1-853x640.jpg 853w, https:\/\/vipfesta.com.br\/vipfesta\/wp-content\/uploads\/2020\/11\/IMG_1129_2-min-min-1-min-1-150x113.jpg 150w, https:\/\/vipfesta.com.br\/vipfesta\/wp-content\/uploads\/2020\/11\/IMG_1129_2-min-min-1-min-1.jpg 2048w\" sizes=\"auto, (max-width: 1024px) 100vw, 1024px\" \/><\/figure>\n\n\n\n<p>A equipe do Ji-Paran\u00e1 FC realizou na manh\u00e3 deste domingo (22) um treino preparativo para a semifinal final do Campeonato Rondoniense 2020.<\/p>\n\n\n\n<p>A decis\u00e3o acontece da quarta-feira (25\/11) \u00e0s 15hs contra a equipe do Real Ariquemes, no est\u00e1dio Bianc\u00e3o, em ji-Paran\u00e1.<\/p>\n\n\n\n<p>Pela s\u00e9rie D do Brasileir\u00e3o na tarde do \u00faltimo s\u00e1bado (21), o Ji-Paran\u00e1 encarou e venceu o Vilhenense pelo placar de 1 a 0, no est\u00e1dio Bianc\u00e3o, Renan Xavier marcou o \u00fanico gol da partida.<\/p>\n\n\n\n<p>O pr\u00f3ximo confronto do Galo da Br pelo Brasileir\u00e3o acontece em Rio Branco-AC, onde enfrenta o Atl\u00e9tico Acreano no s\u00e1bado (28), as 17hs.<\/p>\n\n\n\n<p><\/p>\n\n\n\n<figure class=\"wp-block-image\"><a href=\"https:\/\/1.bp.blogspot.com\/-AesOdNSgWL4\/X7qlpaWijJI\/AAAAAAAH9ss\/IlW8pywsZ0QC8t18PBaCLiLkrgDkkaSDACLcBGAsYHQ\/s4608\/IMG_1132.JPG\" target=\"_blank\" rel=\"noopener\"><img decoding=\"async\" src=\"https:\/\/1.bp.blogspot.com\/-AesOdNSgWL4\/X7qlpaWijJI\/AAAAAAAH9ss\/IlW8pywsZ0QC8t18PBaCLiLkrgDkkaSDACLcBGAsYHQ\/s320\/IMG_1132.JPG\" alt=\"\"\/><\/a><\/figure>\n\n\n\n<figure class=\"wp-block-image\"><a href=\"https:\/\/1.bp.blogspot.com\/-RtrRN-uY7DE\/X7ql6CQd2RI\/AAAAAAAH9s8\/49ojg4UeXCQbv1sQWzbo6g-eUAQ1SDNqwCLcBGAsYHQ\/s4608\/IMG_1121.JPG\" target=\"_blank\" rel=\"noopener\"><img decoding=\"async\" src=\"https:\/\/1.bp.blogspot.com\/-RtrRN-uY7DE\/X7ql6CQd2RI\/AAAAAAAH9s8\/49ojg4UeXCQbv1sQWzbo6g-eUAQ1SDNqwCLcBGAsYHQ\/s320\/IMG_1121.JPG\" alt=\"\"\/><\/a><\/figure>\n\n\n\n<figure class=\"wp-block-image\"><a href=\"https:\/\/1.bp.blogspot.com\/-70B1sKawKnQ\/X7ql6CeZCaI\/AAAAAAAH9s0\/CbI9IBfFvGAzj823PMvDtAlkeuWfY26JQCLcBGAsYHQ\/s4608\/IMG_1126.JPG\" target=\"_blank\" rel=\"noopener\"><img decoding=\"async\" src=\"https:\/\/1.bp.blogspot.com\/-70B1sKawKnQ\/X7ql6CeZCaI\/AAAAAAAH9s0\/CbI9IBfFvGAzj823PMvDtAlkeuWfY26JQCLcBGAsYHQ\/s320\/IMG_1126.JPG\" alt=\"\"\/><\/a><\/figure>\n\n\n\n<figure class=\"wp-block-image\"><a href=\"https:\/\/1.bp.blogspot.com\/-iCSr-apR3VU\/X7ql6Hcn1XI\/AAAAAAAH9s4\/2QjHMb20de41H0Szh2yYDkMovEbNmoPyACLcBGAsYHQ\/s4608\/IMG_1127.JPG\" target=\"_blank\" rel=\"noopener\"><img decoding=\"async\" src=\"https:\/\/1.bp.blogspot.com\/-iCSr-apR3VU\/X7ql6Hcn1XI\/AAAAAAAH9s4\/2QjHMb20de41H0Szh2yYDkMovEbNmoPyACLcBGAsYHQ\/s320\/IMG_1127.JPG\" alt=\"\"\/><\/a><\/figure>\n\n\n\n<figure class=\"wp-block-image\"><a href=\"https:\/\/1.bp.blogspot.com\/-YXx7zYDXNQY\/X7ql7uJ_FHI\/AAAAAAAH9tI\/WS1Y6tNLBfUDJc-c3jOg55DROkqhnfDKwCLcBGAsYHQ\/s4608\/IMG_1130.JPG\" target=\"_blank\" rel=\"noopener\"><img decoding=\"async\" src=\"https:\/\/1.bp.blogspot.com\/-YXx7zYDXNQY\/X7ql7uJ_FHI\/AAAAAAAH9tI\/WS1Y6tNLBfUDJc-c3jOg55DROkqhnfDKwCLcBGAsYHQ\/s320\/IMG_1130.JPG\" alt=\"\"\/><\/a><\/figure>\n\n\n\n<figure class=\"wp-block-image\"><a href=\"https:\/\/1.bp.blogspot.com\/-2LjFZD9AFCU\/X7ql8OptClI\/AAAAAAAH9tM\/0YLuqoZ71bEJoNXXA5p6N-nQvxoo-UNZwCLcBGAsYHQ\/s2048\/IMG_20201122_093643198_HDR.jpg\" target=\"_blank\" rel=\"noopener\"><img decoding=\"async\" src=\"https:\/\/1.bp.blogspot.com\/-2LjFZD9AFCU\/X7ql8OptClI\/AAAAAAAH9tM\/0YLuqoZ71bEJoNXXA5p6N-nQvxoo-UNZwCLcBGAsYHQ\/s320\/IMG_20201122_093643198_HDR.jpg\" alt=\"\"\/><\/a><\/figure>\n","protected":false},"excerpt":{"rendered":"<p>A equipe do Ji-Paran\u00e1 FC realizou na manh\u00e3 deste domingo (22) um treino preparativo para a semifinal final do Campeonato<\/p>\n","protected":false},"author":1,"featured_media":29550,"comment_status":"open","ping_status":"open","sticky":false,"template":"","format":"standard","meta":{"colormag_page_container_layout":"default_layout","colormag_page_sidebar_layout":"default_layout","footnotes":""},"categories":[304,391,403],"tags":[982,549],"class_list":["post-29549","post","type-post","status-publish","format-standard","has-post-thumbnail","hentry","category-esporte","category-futebol","category-ji-parana-f-c","tag-campeonato-brasileiro","tag-campeonato-rondoniense"],"_links":{"self":[{"href":"https:\/\/vipfesta.com.br\/vipfesta\/wp-json\/wp\/v2\/posts\/29549","targetHints":{"allow":["GET"]}}],"collection":[{"href":"https:\/\/vipfesta.com.br\/vipfesta\/wp-json\/wp\/v2\/posts"}],"about":[{"href":"https:\/\/vipfesta.com.br\/vipfesta\/wp-json\/wp\/v2\/types\/post"}],"author":[{"embeddable":true,"href":"https:\/\/vipfesta.com.br\/vipfesta\/wp-json\/wp\/v2\/users\/1"}],"replies":[{"embeddable":true,"href":"https:\/\/vipfesta.com.br\/vipfesta\/wp-json\/wp\/v2\/comments?post=29549"}],"version-history":[{"count":1,"href":"https:\/\/vipfesta.com.br\/vipfesta\/wp-json\/wp\/v2\/posts\/29549\/revisions"}],"predecessor-version":[{"id":29552,"href":"https:\/\/vipfesta.com.br\/vipfesta\/wp-json\/wp\/v2\/posts\/29549\/revisions\/29552"}],"wp:featuredmedia":[{"embeddable":true,"href":"https:\/\/vipfesta.com.br\/vipfesta\/wp-json\/wp\/v2\/media\/29550"}],"wp:attachment":[{"href":"https:\/\/vipfesta.com.br\/vipfesta\/wp-json\/wp\/v2\/media?parent=29549"}],"wp:term":[{"taxonomy":"category","embeddable":true,"href":"https:\/\/vipfesta.com.br\/vipfesta\/wp-json\/wp\/v2\/categories?post=29549"},{"taxonomy":"post_tag","embeddable":true,"href":"https:\/\/vipfesta.com.br\/vipfesta\/wp-json\/wp\/v2\/tags?post=29549"}],"curies":[{"name":"wp","href":"https:\/\/api.w.org\/{rel}","templated":true}]}}