{"id":28916,"date":"2020-09-17T12:21:47","date_gmt":"2020-09-17T16:21:47","guid":{"rendered":"https:\/\/vipfesta.com.br\/vipfesta\/?p=28916"},"modified":"2020-09-17T12:21:49","modified_gmt":"2020-09-17T16:21:49","slug":"convencao-do-pdt-confirma-candidatura-de-marcito-a-reeleicao-em-ji-parana","status":"publish","type":"post","link":"https:\/\/vipfesta.com.br\/vipfesta\/convencao-do-pdt-confirma-candidatura-de-marcito-a-reeleicao-em-ji-parana\/","title":{"rendered":"Conven\u00e7\u00e3o do PDT confirma candidatura de Marcito \u00e0 reelei\u00e7\u00e3o em Ji-Paran\u00e1"},"content":{"rendered":"\n<figure class=\"wp-block-image size-large\"><img loading=\"lazy\" decoding=\"async\" width=\"960\" height=\"640\" src=\"https:\/\/vipfesta.com.br\/vipfesta\/wp-content\/uploads\/2020\/09\/PDT-01.jpg\" alt=\"\" class=\"wp-image-28917\" srcset=\"https:\/\/vipfesta.com.br\/vipfesta\/wp-content\/uploads\/2020\/09\/PDT-01.jpg 960w, https:\/\/vipfesta.com.br\/vipfesta\/wp-content\/uploads\/2020\/09\/PDT-01-300x200.jpg 300w, https:\/\/vipfesta.com.br\/vipfesta\/wp-content\/uploads\/2020\/09\/PDT-01-768x512.jpg 768w\" sizes=\"auto, (max-width: 960px) 100vw, 960px\" \/><\/figure>\n\n\n\n<p><br>O atual prefeito de Ji-Paran\u00e1, Marcito Pinto, foi oficializado nesta quarta-feira (16), o candidato do Partido Democr\u00e1tico Trabalhista (PDT) para disputar a reelei\u00e7\u00e3o. O an\u00fancio ocorreu em conven\u00e7\u00e3o realizada de forma presencial e remota.\u00a0\u00a0A conven\u00e7\u00e3o tamb\u00e9m homologou a candidatura de 22 partid\u00e1rios \u00e0 verean\u00e7a, sendo 15 homens e sete mulheres. Os l\u00edderes do PDT ainda est\u00e3o articulando a forma\u00e7\u00e3o de coliga\u00e7\u00e3o com outros partidos.<br><br>O prefeito Marcito disse que anunciou a candidatura \u00e0 reelei\u00e7\u00e3o no momento certo, que foi durante a conven\u00e7\u00e3o partid\u00e1ria. \u201cEnquanto prefeito, meu compromisso \u00e9 trabalhar muito pela cidade e pelas pessoas. N\u00e3o fico por a\u00ed passando conversa na popula\u00e7\u00e3o. Eu trabalho, e junto com minha equipe e todos os servidores estamos construindo uma cidade melhor para todos\u201d, disse Marcito aos convencionais.<br><br>O prefeito apresentou uma s\u00e9rie de obras que foram realizadas na cidade com a sua participa\u00e7\u00e3o, desde a \u00e9poca em que era secret\u00e1rio de Planejamento at\u00e9 quando se tornou prefeito. \u201cN\u00f3s realizamos o planejamento da cidade, melhoramos a infraestrutura urbana, avan\u00e7amos nas linhas rurais, temos a melhor educa\u00e7\u00e3o do Estado e iniciamos o planejamento do saneamento, l\u00e1 em 2013, obra que agora est\u00e1 sendo executada\u201d, destacou Marcito.\u00a0<\/p>\n\n\n\n<figure class=\"wp-block-image size-large\"><img loading=\"lazy\" decoding=\"async\" width=\"960\" height=\"640\" src=\"https:\/\/vipfesta.com.br\/vipfesta\/wp-content\/uploads\/2020\/09\/PDT-03.jpg\" alt=\"\" class=\"wp-image-28918\" srcset=\"https:\/\/vipfesta.com.br\/vipfesta\/wp-content\/uploads\/2020\/09\/PDT-03.jpg 960w, https:\/\/vipfesta.com.br\/vipfesta\/wp-content\/uploads\/2020\/09\/PDT-03-300x200.jpg 300w, https:\/\/vipfesta.com.br\/vipfesta\/wp-content\/uploads\/2020\/09\/PDT-03-768x512.jpg 768w\" sizes=\"auto, (max-width: 960px) 100vw, 960px\" \/><\/figure>\n\n\n\n<p>A deputada federal S\u00edlvia Cristina conclamou a todos os pr\u00e9-candidatos \u00e0 verean\u00e7a do partido, as mulheres e aos movimentos sociais de base, a somarem esfor\u00e7os no projeto coletivo para cidade. \u201cEsse \u00e9 um projeto de todos e para todos que amam Ji-Paran\u00e1. Temos muito trabalho para mostrar e muito mais para realizar, e por isso estamos nesse processo eleitoral, para fazer o que \u00e9 melhor para nossa cidade e para nossa gente\u201d, disse S\u00edlvia.<br><br>O senador Acir Gurgacz destacou que o trabalho que est\u00e1 sendo feito em Ji-Paran\u00e1 n\u00e3o pode parar. \u201cA cidade cresce e se desenvolve mesmo em tempos de crise econ\u00f4mica e isso \u00e9 resultado do trabalho s\u00e9rio de quem est\u00e1 no comando da prefeitura e da alian\u00e7a pol\u00edtica que estamos construindo para o bem comum\u201d, salientou Acir.<\/p>\n\n\n\n<p>Assessoria<\/p>\n\n\n\n<p><\/p>\n","protected":false},"excerpt":{"rendered":"<p>O atual prefeito de Ji-Paran\u00e1, Marcito Pinto, foi oficializado nesta quarta-feira (16), o candidato do Partido Democr\u00e1tico Trabalhista (PDT) para<\/p>\n","protected":false},"author":1,"featured_media":28917,"comment_status":"open","ping_status":"open","sticky":false,"template":"","format":"standard","meta":{"colormag_page_container_layout":"default_layout","colormag_page_sidebar_layout":"default_layout","footnotes":""},"categories":[303],"tags":[68,541],"class_list":["post-28916","post","type-post","status-publish","format-standard","has-post-thumbnail","hentry","category-politica","tag-eleicoes","tag-silvia-cristina"],"_links":{"self":[{"href":"https:\/\/vipfesta.com.br\/vipfesta\/wp-json\/wp\/v2\/posts\/28916","targetHints":{"allow":["GET"]}}],"collection":[{"href":"https:\/\/vipfesta.com.br\/vipfesta\/wp-json\/wp\/v2\/posts"}],"about":[{"href":"https:\/\/vipfesta.com.br\/vipfesta\/wp-json\/wp\/v2\/types\/post"}],"author":[{"embeddable":true,"href":"https:\/\/vipfesta.com.br\/vipfesta\/wp-json\/wp\/v2\/users\/1"}],"replies":[{"embeddable":true,"href":"https:\/\/vipfesta.com.br\/vipfesta\/wp-json\/wp\/v2\/comments?post=28916"}],"version-history":[{"count":1,"href":"https:\/\/vipfesta.com.br\/vipfesta\/wp-json\/wp\/v2\/posts\/28916\/revisions"}],"predecessor-version":[{"id":28919,"href":"https:\/\/vipfesta.com.br\/vipfesta\/wp-json\/wp\/v2\/posts\/28916\/revisions\/28919"}],"wp:featuredmedia":[{"embeddable":true,"href":"https:\/\/vipfesta.com.br\/vipfesta\/wp-json\/wp\/v2\/media\/28917"}],"wp:attachment":[{"href":"https:\/\/vipfesta.com.br\/vipfesta\/wp-json\/wp\/v2\/media?parent=28916"}],"wp:term":[{"taxonomy":"category","embeddable":true,"href":"https:\/\/vipfesta.com.br\/vipfesta\/wp-json\/wp\/v2\/categories?post=28916"},{"taxonomy":"post_tag","embeddable":true,"href":"https:\/\/vipfesta.com.br\/vipfesta\/wp-json\/wp\/v2\/tags?post=28916"}],"curies":[{"name":"wp","href":"https:\/\/api.w.org\/{rel}","templated":true}]}}