{"id":27737,"date":"2020-07-20T13:02:05","date_gmt":"2020-07-20T17:02:05","guid":{"rendered":"https:\/\/vipfesta.com.br\/vipfesta\/?p=27737"},"modified":"2020-07-20T21:17:12","modified_gmt":"2020-07-21T01:17:12","slug":"prefeitura-destina-recursos-da-camara-para-compra-de-ambulancias","status":"publish","type":"post","link":"https:\/\/vipfesta.com.br\/vipfesta\/prefeitura-destina-recursos-da-camara-para-compra-de-ambulancias\/","title":{"rendered":"Prefeitura destina recursos da C\u00e2mara para compra de ambul\u00e2ncias"},"content":{"rendered":"\n<figure class=\"wp-block-image size-large\"><img loading=\"lazy\" decoding=\"async\" width=\"1000\" height=\"645\" src=\"https:\/\/vipfesta.com.br\/vipfesta\/wp-content\/uploads\/2020\/07\/IMG_2448-1.jpg\" alt=\"\" class=\"wp-image-27738\" srcset=\"https:\/\/vipfesta.com.br\/vipfesta\/wp-content\/uploads\/2020\/07\/IMG_2448-1.jpg 1000w, https:\/\/vipfesta.com.br\/vipfesta\/wp-content\/uploads\/2020\/07\/IMG_2448-1-300x194.jpg 300w, https:\/\/vipfesta.com.br\/vipfesta\/wp-content\/uploads\/2020\/07\/IMG_2448-1-768x495.jpg 768w\" sizes=\"auto, (max-width: 1000px) 100vw, 1000px\" \/><\/figure>\n\n\n\n<p>A Prefeitura de Ji-Paran\u00e1, por meio da Secretaria Municipal de Sa\u00fade de Ji-Paran\u00e1, recebeu na manh\u00e3 desta segunda-feira (20), duas ambul\u00e2ncias que ser\u00e3o utilizadas para o transporte de pacientes nos diversos atendimentos prestados pela rede municipal de sa\u00fade. Com a chegada das novas unidades m\u00f3veis, a Prefeitura passar\u00e1 a contar com uma frota de sete ambul\u00e2ncias \u00e0 disposi\u00e7\u00e3o da popula\u00e7\u00e3o.<\/p>\n\n\n\n<p>Os ve\u00edculos foram adquiridos com recursos na ordem de R$ 300 mil, oriundos de economia realizada pela C\u00e2mara Municipal de Ji-Paran\u00e1, no ano passado, exerc\u00edcio financeiro de 2019. A verba economizada foi devolvida ao Poder Executivo com a indica\u00e7\u00e3o de que fosse aplicada na \u00e1rea de sa\u00fade.<\/p>\n\n\n\n<p>Ao ser informada sobre as aquisi\u00e7\u00f5es, a C\u00e2mara Municipal de Ji-Paran\u00e1, por meio dos vereadores, elogiou a decis\u00e3o do prefeito Marcito Pinto em utilizar os recursos do poder Legislativo para aquisi\u00e7\u00e3o de ambul\u00e2ncias. Segundo a institui\u00e7\u00e3o, a economia gerada pelos parlamentares municipais vai garantir mais agilidade no atendimento da popula\u00e7\u00e3o.<\/p>\n\n\n\n<p>Conforme o secret\u00e1rio municipal de sa\u00fade, Rafael Papa, as duas novas ambul\u00e2ncias ser\u00e3o destinadas aos servi\u00e7os de transporte de emerg\u00eancia leves e moderadas, situa\u00e7\u00f5es em que o quadro de sa\u00fade do paciente \u00e9 considerado est\u00e1vel.<\/p>\n\n\n\n<p>\u201cHoje temos no munic\u00edpio um total de sete ambul\u00e2ncias, das quais, uma \u00e9 tipo D de grande porte, ou seja, uma UTI m\u00f3vel utilizada para os atendimentos de urg\u00eancia, ou seja, para casos mais graves. J\u00e1 os outros seis ve\u00edculos de menor porte, para os atendimentos emergenciais, sendo tr\u00eas ambul\u00e2ncias tipo A e tr\u00eas tipo B\u201d, ressaltou Rafael.<\/p>\n\n\n\n<figure class=\"wp-block-image\"><a href=\"https:\/\/1.bp.blogspot.com\/-aVew1LEXy7M\/XxXLK81wzxI\/AAAAAAAHz1A\/F8UyVfkek8w4sgpnYbUOmCCeQcjR5smkQCLcBGAsYHQ\/s1600\/IMG_2446.jpg\" target=\"_blank\" rel=\"noopener\"><img decoding=\"async\" src=\"https:\/\/1.bp.blogspot.com\/-aVew1LEXy7M\/XxXLK81wzxI\/AAAAAAAHz1A\/F8UyVfkek8w4sgpnYbUOmCCeQcjR5smkQCLcBGAsYHQ\/s320\/IMG_2446.jpg\" alt=\"\"\/><\/a><\/figure>\n\n\n\n<figure class=\"wp-block-image\"><a href=\"https:\/\/1.bp.blogspot.com\/-HbG2VN8526k\/XxXLN5wdngI\/AAAAAAAHz1I\/pdhCyFDJhSgmgioAVmvaGEA7ol5w2ZnvwCLcBGAsYHQ\/s1600\/IMG_2441.jpg\" target=\"_blank\" rel=\"noopener\"><img decoding=\"async\" src=\"https:\/\/1.bp.blogspot.com\/-HbG2VN8526k\/XxXLN5wdngI\/AAAAAAAHz1I\/pdhCyFDJhSgmgioAVmvaGEA7ol5w2ZnvwCLcBGAsYHQ\/s320\/IMG_2441.jpg\" alt=\"\"\/><\/a><\/figure>\n\n\n\n<figure class=\"wp-block-image\"><a href=\"https:\/\/1.bp.blogspot.com\/-MmkUGY7GnK4\/XxXLNzIyFxI\/AAAAAAAHz1E\/ysIcGRqmq6AfC-F-UXhnUZ8U6Pv4oNA0gCLcBGAsYHQ\/s1600\/IMG_2442.jpg\" target=\"_blank\" rel=\"noopener\"><img decoding=\"async\" src=\"https:\/\/1.bp.blogspot.com\/-MmkUGY7GnK4\/XxXLNzIyFxI\/AAAAAAAHz1E\/ysIcGRqmq6AfC-F-UXhnUZ8U6Pv4oNA0gCLcBGAsYHQ\/s320\/IMG_2442.jpg\" alt=\"\"\/><\/a><\/figure>\n\n\n\n<p>Decom<\/p>\n","protected":false},"excerpt":{"rendered":"<p>A Prefeitura de Ji-Paran\u00e1, por meio da Secretaria Municipal de Sa\u00fade de Ji-Paran\u00e1, recebeu na manh\u00e3 desta segunda-feira (20), duas<\/p>\n","protected":false},"author":1,"featured_media":27738,"comment_status":"open","ping_status":"open","sticky":false,"template":"","format":"standard","meta":{"colormag_page_container_layout":"default_layout","colormag_page_sidebar_layout":"default_layout","footnotes":""},"categories":[347,303,440],"tags":[940],"class_list":["post-27737","post","type-post","status-publish","format-standard","has-post-thumbnail","hentry","category-jiparana","category-politica","category-saude","tag-ambulancia"],"_links":{"self":[{"href":"https:\/\/vipfesta.com.br\/vipfesta\/wp-json\/wp\/v2\/posts\/27737","targetHints":{"allow":["GET"]}}],"collection":[{"href":"https:\/\/vipfesta.com.br\/vipfesta\/wp-json\/wp\/v2\/posts"}],"about":[{"href":"https:\/\/vipfesta.com.br\/vipfesta\/wp-json\/wp\/v2\/types\/post"}],"author":[{"embeddable":true,"href":"https:\/\/vipfesta.com.br\/vipfesta\/wp-json\/wp\/v2\/users\/1"}],"replies":[{"embeddable":true,"href":"https:\/\/vipfesta.com.br\/vipfesta\/wp-json\/wp\/v2\/comments?post=27737"}],"version-history":[{"count":1,"href":"https:\/\/vipfesta.com.br\/vipfesta\/wp-json\/wp\/v2\/posts\/27737\/revisions"}],"predecessor-version":[{"id":27739,"href":"https:\/\/vipfesta.com.br\/vipfesta\/wp-json\/wp\/v2\/posts\/27737\/revisions\/27739"}],"wp:featuredmedia":[{"embeddable":true,"href":"https:\/\/vipfesta.com.br\/vipfesta\/wp-json\/wp\/v2\/media\/27738"}],"wp:attachment":[{"href":"https:\/\/vipfesta.com.br\/vipfesta\/wp-json\/wp\/v2\/media?parent=27737"}],"wp:term":[{"taxonomy":"category","embeddable":true,"href":"https:\/\/vipfesta.com.br\/vipfesta\/wp-json\/wp\/v2\/categories?post=27737"},{"taxonomy":"post_tag","embeddable":true,"href":"https:\/\/vipfesta.com.br\/vipfesta\/wp-json\/wp\/v2\/tags?post=27737"}],"curies":[{"name":"wp","href":"https:\/\/api.w.org\/{rel}","templated":true}]}}