{"id":27617,"date":"2020-07-09T12:17:01","date_gmt":"2020-07-09T16:17:01","guid":{"rendered":"https:\/\/vipfesta.com.br\/vipfesta\/?p=27617"},"modified":"2020-07-09T12:17:03","modified_gmt":"2020-07-09T16:17:03","slug":"pessoas-carentes-da-regiao-central-do-estado-sao-beneficiadas-com-aparelhos-de-locomocao","status":"publish","type":"post","link":"https:\/\/vipfesta.com.br\/vipfesta\/pessoas-carentes-da-regiao-central-do-estado-sao-beneficiadas-com-aparelhos-de-locomocao\/","title":{"rendered":"Pessoas carentes da regi\u00e3o central do estado s\u00e3o beneficiadas com aparelhos de locomo\u00e7\u00e3o"},"content":{"rendered":"\n<figure class=\"wp-block-image size-large\"><img loading=\"lazy\" decoding=\"async\" width=\"1024\" height=\"768\" src=\"https:\/\/vipfesta.com.br\/vipfesta\/wp-content\/uploads\/2020\/07\/Mobilidade-_-08-07-2020_Foto-Paulo-S\u00e9rgio-8-1024x768.jpg\" alt=\"\" class=\"wp-image-27618\" srcset=\"https:\/\/vipfesta.com.br\/vipfesta\/wp-content\/uploads\/2020\/07\/Mobilidade-_-08-07-2020_Foto-Paulo-S\u00e9rgio-8-1024x768.jpg 1024w, https:\/\/vipfesta.com.br\/vipfesta\/wp-content\/uploads\/2020\/07\/Mobilidade-_-08-07-2020_Foto-Paulo-S\u00e9rgio-8-300x225.jpg 300w, https:\/\/vipfesta.com.br\/vipfesta\/wp-content\/uploads\/2020\/07\/Mobilidade-_-08-07-2020_Foto-Paulo-S\u00e9rgio-8-768x576.jpg 768w, https:\/\/vipfesta.com.br\/vipfesta\/wp-content\/uploads\/2020\/07\/Mobilidade-_-08-07-2020_Foto-Paulo-S\u00e9rgio-8.jpg 1280w\" sizes=\"auto, (max-width: 1024px) 100vw, 1024px\" \/><figcaption>Esta \u00e9 a terceira entrega de aparelhos de locomo\u00e7\u00e3o feita pelo governo do Estado, atrav\u00e9s da Secretaria de Estado da Sa\u00fade (Sesau)<\/figcaption><\/figure>\n\n\n\n<p>Esta \u00e9 a terceira entrega de aparelhos de locomo\u00e7\u00e3o feita pelo governo do Estado, atrav\u00e9s da Secretaria de Estado da Sa\u00fade (Sesau)<\/p>\n\n\n\n<p>Pelo menos 117 pessoas de sete cidades da regi\u00e3o Central recorreram ao governo do Estado para obter gratuitamente algum tipo de meio auxiliar de locomo\u00e7\u00e3o. O aparelho ajuda o indiv\u00edduo que esteja temporariamente com algum tipo de dificuldade em andar ou at\u00e9 mesmo com defici\u00eancia f\u00edsica definitiva.S\u00e3o cadeiras de rodas padr\u00e3o e motorizadas, cadeiras para banho, cadeiras de rodas especiais para crian\u00e7as, adultos e obesos, andadores com e sem rodas, bengalas, e muletas. Todos os aparelhos s\u00e3o novos e ser\u00e3o entregues aos beneficiados sem custo algum.<\/p>\n\n\n\n<p>A carga com os aparelhos chegou a Ji-Paran\u00e1 na semana passada procedente da Secretaria de Estado de Sa\u00fade (Sesau). A partir de segunda-feira (13) os representantes legais das prefeituras da regi\u00e3o est\u00e3o autorizados para fazer o resgate dos equipamentos de locomo\u00e7\u00e3o, devem procurar a 1\u00aa Ger\u00eancia Regional de Sa\u00fade (1\u00aa GRS), em Ji-Paran\u00e1.<\/p>\n\n\n\n<p>Esta \u00e9 a terceira entrega realizada pelo governo do estado. Os beneficiados s\u00e3o das cidades de S\u00e3o Francisco do Guapor\u00e9, Mirante da Serra, Jaru, Urup\u00e1, Costa Marques e Ji-Paran\u00e1.<br>\u201cO volume de aparelhos \u00e9 significativo. Vale ressaltar que as cadeiras de rodas motorizadas s\u00e3o um dos meios auxiliares de locomo\u00e7\u00e3o com custo elevado para quem n\u00e3o tem condi\u00e7\u00e3o de comprar e depende deste tipo de apoio para se locomover. Este \u00e9 um servi\u00e7o social em favor da sa\u00fade humana que o governo estadual beneficia pessoa carente\u201d, destaca o gerente regional de sa\u00fade local, Ivo da Silva.<br>O crit\u00e9rio para ser contemplado com algum dos meios de locomo\u00e7\u00e3o ofertados pelo governo \u00e9 simples. A pessoa precisa apresentar atestado sobre a necessidade da utiliza\u00e7\u00e3o do equipamento tempor\u00e1ria ou definitivamente, que pode ser emitido por m\u00e9dico, fisioterapeuta e assistente social.<\/p>\n\n\n\n<p>Com o atestado em m\u00e3os, o interessado deve se submeter a um cadastro e a um requerimento junto \u00e0 Secretaria de Assist\u00eancia Social da cidade onde mora, que ser\u00e1 protocolizado junto a 1\u00aa GRS, em Ji-Paran\u00e1.<\/p>\n\n\n\n<p>Paulo S\u00e9rgio\/Secom<\/p>\n\n\n\n<p><\/p>\n","protected":false},"excerpt":{"rendered":"<p>Esta \u00e9 a terceira entrega de aparelhos de locomo\u00e7\u00e3o feita pelo governo do Estado, atrav\u00e9s da Secretaria de Estado da<\/p>\n","protected":false},"author":1,"featured_media":27618,"comment_status":"open","ping_status":"open","sticky":false,"template":"","format":"standard","meta":{"colormag_page_container_layout":"default_layout","colormag_page_sidebar_layout":"default_layout","footnotes":""},"categories":[283],"tags":[923],"class_list":["post-27617","post","type-post","status-publish","format-standard","has-post-thumbnail","hentry","category-cidades","tag-aparelhos-de-locomocao"],"_links":{"self":[{"href":"https:\/\/vipfesta.com.br\/vipfesta\/wp-json\/wp\/v2\/posts\/27617","targetHints":{"allow":["GET"]}}],"collection":[{"href":"https:\/\/vipfesta.com.br\/vipfesta\/wp-json\/wp\/v2\/posts"}],"about":[{"href":"https:\/\/vipfesta.com.br\/vipfesta\/wp-json\/wp\/v2\/types\/post"}],"author":[{"embeddable":true,"href":"https:\/\/vipfesta.com.br\/vipfesta\/wp-json\/wp\/v2\/users\/1"}],"replies":[{"embeddable":true,"href":"https:\/\/vipfesta.com.br\/vipfesta\/wp-json\/wp\/v2\/comments?post=27617"}],"version-history":[{"count":1,"href":"https:\/\/vipfesta.com.br\/vipfesta\/wp-json\/wp\/v2\/posts\/27617\/revisions"}],"predecessor-version":[{"id":27619,"href":"https:\/\/vipfesta.com.br\/vipfesta\/wp-json\/wp\/v2\/posts\/27617\/revisions\/27619"}],"wp:featuredmedia":[{"embeddable":true,"href":"https:\/\/vipfesta.com.br\/vipfesta\/wp-json\/wp\/v2\/media\/27618"}],"wp:attachment":[{"href":"https:\/\/vipfesta.com.br\/vipfesta\/wp-json\/wp\/v2\/media?parent=27617"}],"wp:term":[{"taxonomy":"category","embeddable":true,"href":"https:\/\/vipfesta.com.br\/vipfesta\/wp-json\/wp\/v2\/categories?post=27617"},{"taxonomy":"post_tag","embeddable":true,"href":"https:\/\/vipfesta.com.br\/vipfesta\/wp-json\/wp\/v2\/tags?post=27617"}],"curies":[{"name":"wp","href":"https:\/\/api.w.org\/{rel}","templated":true}]}}