{"id":27606,"date":"2020-07-08T20:11:42","date_gmt":"2020-07-09T00:11:42","guid":{"rendered":"https:\/\/vipfesta.com.br\/vipfesta\/?p=27606"},"modified":"2020-07-08T20:11:45","modified_gmt":"2020-07-09T00:11:45","slug":"ji-parana-retorna-a-fase-2-e-comercio-podera-funcionar-seguindo-recomendacoes-de-saude","status":"publish","type":"post","link":"https:\/\/vipfesta.com.br\/vipfesta\/ji-parana-retorna-a-fase-2-e-comercio-podera-funcionar-seguindo-recomendacoes-de-saude\/","title":{"rendered":"Ji-Paran\u00e1 retorna a fase 2 e com\u00e9rcio poder\u00e1 funcionar seguindo recomenda\u00e7\u00f5es de sa\u00fade"},"content":{"rendered":"\n<figure class=\"wp-block-image size-large\"><img loading=\"lazy\" decoding=\"async\" width=\"742\" height=\"820\" src=\"https:\/\/vipfesta.com.br\/vipfesta\/wp-content\/uploads\/2020\/07\/IMG-20200708-WA0132.jpg\" alt=\"\" class=\"wp-image-27607\" srcset=\"https:\/\/vipfesta.com.br\/vipfesta\/wp-content\/uploads\/2020\/07\/IMG-20200708-WA0132.jpg 742w, https:\/\/vipfesta.com.br\/vipfesta\/wp-content\/uploads\/2020\/07\/IMG-20200708-WA0132-271x300.jpg 271w\" sizes=\"auto, (max-width: 742px) 100vw, 742px\" \/><\/figure>\n\n\n\n<p>O Governo do Estado de Rond\u00f4nia, por meio da Secretaria Estadual de Sa\u00fade (Sesau), encaminhou para a Prefeitura Municipal, no final da tarde de hoje (08), relat\u00f3rio t\u00e9cnico reclassificando a cidade de Ji-Paran\u00e1 na fase 2 do Plano Estadual de Contingenciamento e Enfrentamento ao Coronav\u00edrus.&nbsp;&nbsp;<\/p>\n\n\n\n<p>Com a reinser\u00e7\u00e3o \u00e0 fase 2,&nbsp; diversas atividades comerciais estar\u00e3o liberadas ao funcionamento, mas precisam&nbsp; manter os cuidados e recomenda\u00e7\u00f5es de higieniza\u00e7\u00e3o e distanciamento social.<\/p>\n\n\n\n<p>Ontem (07), a equipe da secret\u00e1ria municipal de Sa\u00fade e do comit\u00ea municipal de enfrentamento ao Coronavirus, protocolou todas as informa\u00e7\u00f5es necess\u00e1rias, demonstrando ao Governo Estadual que o cen\u00e1rio ji-paranaense \u00e9 corresponde aos crit\u00e9rios estabelecidos para fase 2 e, portanto, n\u00e3o era cab\u00edvel as restri\u00e7\u00f5es impostas \u00e0s atividades empresarias da cidade.<\/p>\n\n\n\n<p>O munic\u00edpio pela avalia\u00e7\u00e3o realizadas nos \u00faltimos sete dias, mantem taxa de ocupa\u00e7\u00e3o em leitos de UTI em 66,0%; incid\u00eancia regular para novos casos confirmados de covid-19, al\u00e9m de aos munic\u00edpios circunvizinhos.<\/p>\n\n\n\n<p>O Prefeito Marcito Pinto (PDT), ao ser informado da decis\u00e3o, parabenizou e agradeceu o Governador Marcos Rocha e a equipe t\u00e9cnica da Sesau pela sensibilidade e por considerar o cen\u00e1rio de cada munic\u00edpio e, n\u00e3o apenas o da Macrorregi\u00e3o.<\/p>\n\n\n\n<p><strong>Com a reclassifica\u00e7\u00e3o para a fase 2 podem voltar a funcionar, seguindo as recomenda\u00e7\u00f5es sanit\u00e1rias e de sa\u00fade, as seguintes atividades:<\/strong><\/p>\n\n\n\n<p>a) corretoras de im\u00f3veis e de seguros;<\/p>\n\n\n\n<p>b) concession\u00e1rias e vistorias veiculares;<\/p>\n\n\n\n<p>c) restaurantes, lanchonetes, sorveterias e afins para consumo no local;<\/p>\n\n\n\n<p>d) academias de esportes de todas as modalidades;<\/p>\n\n\n\n<p>e) shopping centers e galerias;<\/p>\n\n\n\n<p>f) livrarias e papelarias;<\/p>\n\n\n\n<p>g) lojas de confec\u00e7\u00f5es e sapatarias;<\/p>\n\n\n\n<p>h) lojas de eletrodom\u00e9sticos, m\u00f3veis e utens\u00edlios;<\/p>\n\n\n\n<p>i) lojas de equipamentos de inform\u00e1tica e de instrumentos musicais;<\/p>\n\n\n\n<p>j) relojoarias, acess\u00f3rios pessoais e afins;<\/p>\n\n\n\n<p>k) lojas de m\u00e1quinas e implementos agr\u00edcolas;<\/p>\n\n\n\n<p>l) centro de forma\u00e7\u00e3o de condutores e despachantes;<\/p>\n\n\n\n<p>m) sal\u00f5es de beleza e barbearias; e<\/p>\n\n\n\n<p>n) atividades religiosas presenciais.<\/p>\n\n\n\n<p><strong>As atividades abaixo tamb\u00e9m continuam liberadas, seguindo as recomenda\u00e7\u00f5es sanit\u00e1rias e de sa\u00fade:<\/strong><\/p>\n\n\n\n<p>a) a\u00e7ougues, panificadoras, supermercados e lojas de produtos naturais;<\/p>\n\n\n\n<p>b) atacadistas e distribuidoras;<\/p>\n\n\n\n<p>c) servi\u00e7os funer\u00e1rios<\/p>\n\n\n\n<p>d) hospitais, cl\u00ednicas de sa\u00fade, cl\u00ednicas odontol\u00f3gicas, laborat\u00f3rios de an\u00e1lises cl\u00ednicas e farm\u00e1cias;<\/p>\n\n\n\n<p>e) consult\u00f3rios veterin\u00e1rios e pet shops;<\/p>\n\n\n\n<p>f) postos de combust\u00edveis, borracharias e lava-jatos;<\/p>\n\n\n\n<p>g) oficinas mec\u00e2nicas, autope\u00e7as e servi\u00e7os de manuten\u00e7\u00e3o em geral;<\/p>\n\n\n\n<p>h) servi\u00e7os banc\u00e1rios, cont\u00e1beis, lot\u00e9ricas e cart\u00f3rios;<\/p>\n\n\n\n<p>i) restaurantes e lanchonetes localizadas em rodovias;<\/p>\n\n\n\n<p>j) restaurantes e lanchonetes em geral, para retirada (drive-thru e take away) ou entrega em domic\u00edlio (delivery);<\/p>\n\n\n\n<p>k) lojas de materiais de constru\u00e7\u00e3o, obras e servi\u00e7os de engenharia;<\/p>\n\n\n\n<p>l) lojas de tecidos, armarinhos e aviamento;<\/p>\n\n\n\n<p>m) distribuidores e com\u00e9rcios de insumos na \u00e1rea da sa\u00fade, de aparelhos auditivos e \u00f3ticas;<\/p>\n\n\n\n<p>n) hot\u00e9is e hospedarias;<\/p>\n\n\n\n<p>o) seguran\u00e7a privada e de valores, transportes, log\u00edstica e ind\u00fastrias;<\/p>\n\n\n\n<p>p) com\u00e9rcio de produtos agropecu\u00e1rios e atividades agropecu\u00e1rias;<\/p>\n\n\n\n<p>q) lavanderias, controle de pragas e sanitiza\u00e7\u00e3o; e<\/p>\n\n\n\n<p>r) outras atividades varejistas com sistema de retirada (drive-thru e take away) e entrega em domic\u00edlio (delivery);\u00a0<\/p>\n\n\n\n<p>Decom<\/p>\n","protected":false},"excerpt":{"rendered":"<p>O Governo do Estado de Rond\u00f4nia, por meio da Secretaria Estadual de Sa\u00fade (Sesau), encaminhou para a Prefeitura Municipal, no<\/p>\n","protected":false},"author":1,"featured_media":27607,"comment_status":"open","ping_status":"open","sticky":false,"template":"","format":"standard","meta":{"colormag_page_container_layout":"default_layout","colormag_page_sidebar_layout":"default_layout","footnotes":""},"categories":[283,347,440],"tags":[642,630],"class_list":["post-27606","post","type-post","status-publish","format-standard","has-post-thumbnail","hentry","category-cidades","category-jiparana","category-saude","tag-coronavirus","tag-covid19"],"_links":{"self":[{"href":"https:\/\/vipfesta.com.br\/vipfesta\/wp-json\/wp\/v2\/posts\/27606","targetHints":{"allow":["GET"]}}],"collection":[{"href":"https:\/\/vipfesta.com.br\/vipfesta\/wp-json\/wp\/v2\/posts"}],"about":[{"href":"https:\/\/vipfesta.com.br\/vipfesta\/wp-json\/wp\/v2\/types\/post"}],"author":[{"embeddable":true,"href":"https:\/\/vipfesta.com.br\/vipfesta\/wp-json\/wp\/v2\/users\/1"}],"replies":[{"embeddable":true,"href":"https:\/\/vipfesta.com.br\/vipfesta\/wp-json\/wp\/v2\/comments?post=27606"}],"version-history":[{"count":1,"href":"https:\/\/vipfesta.com.br\/vipfesta\/wp-json\/wp\/v2\/posts\/27606\/revisions"}],"predecessor-version":[{"id":27608,"href":"https:\/\/vipfesta.com.br\/vipfesta\/wp-json\/wp\/v2\/posts\/27606\/revisions\/27608"}],"wp:featuredmedia":[{"embeddable":true,"href":"https:\/\/vipfesta.com.br\/vipfesta\/wp-json\/wp\/v2\/media\/27607"}],"wp:attachment":[{"href":"https:\/\/vipfesta.com.br\/vipfesta\/wp-json\/wp\/v2\/media?parent=27606"}],"wp:term":[{"taxonomy":"category","embeddable":true,"href":"https:\/\/vipfesta.com.br\/vipfesta\/wp-json\/wp\/v2\/categories?post=27606"},{"taxonomy":"post_tag","embeddable":true,"href":"https:\/\/vipfesta.com.br\/vipfesta\/wp-json\/wp\/v2\/tags?post=27606"}],"curies":[{"name":"wp","href":"https:\/\/api.w.org\/{rel}","templated":true}]}}