{"id":27578,"date":"2020-07-06T17:44:10","date_gmt":"2020-07-06T21:44:10","guid":{"rendered":"https:\/\/vipfesta.com.br\/vipfesta\/?p=27578"},"modified":"2020-07-28T13:06:15","modified_gmt":"2020-07-28T17:06:15","slug":"fecomind-on-line-2020-vendas-e-novos-negocios-para-o-comercio","status":"publish","type":"post","link":"https:\/\/vipfesta.com.br\/vipfesta\/fecomind-on-line-2020-vendas-e-novos-negocios-para-o-comercio\/","title":{"rendered":"FECOMIND On-Line 2020, de 04 a 08\/08, vendas e novos neg\u00f3cios para o com\u00e9rcio"},"content":{"rendered":"\n<figure class=\"wp-block-image size-large\"><img loading=\"lazy\" decoding=\"async\" width=\"960\" height=\"720\" src=\"https:\/\/vipfesta.com.br\/vipfesta\/wp-content\/uploads\/2020\/07\/1594071500667_IMG-06.07-MAT\u00c9RIA.jpeg\" alt=\"\" class=\"wp-image-27579\" srcset=\"https:\/\/vipfesta.com.br\/vipfesta\/wp-content\/uploads\/2020\/07\/1594071500667_IMG-06.07-MAT\u00c9RIA.jpeg 960w, https:\/\/vipfesta.com.br\/vipfesta\/wp-content\/uploads\/2020\/07\/1594071500667_IMG-06.07-MAT\u00c9RIA-300x225.jpeg 300w, https:\/\/vipfesta.com.br\/vipfesta\/wp-content\/uploads\/2020\/07\/1594071500667_IMG-06.07-MAT\u00c9RIA-768x576.jpeg 768w\" sizes=\"auto, (max-width: 960px) 100vw, 960px\" \/><figcaption>A Fecomind acontece de 04 a 08 de agosto e ser\u00e1 uma oportunidade de vendas e novos neg\u00f3cios<\/figcaption><\/figure>\n\n\n\n<p><\/p>\n\n\n\n<p><\/p>\n\n\n\n<p>Diante do cen\u00e1rio atual as empresas com demandas aceleradas est\u00e3o se adaptando ao neg\u00f3cio online e t\u00eam ganhado cada vez mais relev\u00e2ncia no mercado em Ji &#8211; Paran\u00e1 que n\u00e3o \u00e9 diferente.<\/p>\n\n\n\n<p>E por este motivo a Acijip adotou o Marketplace como aliado na <a href=\"https:\/\/fecomind.com.br\" target=\"_blank\" rel=\"noopener\">FECOMIND ONLINE 2020<\/a>. A realiza\u00e7\u00e3o da FEIRA VIRTUAL (internet) atrai muitos internautas, empreendedores e as vendas e os neg\u00f3cios crescem, segundo pesquisas realizadas com expositores.<\/p>\n\n\n\n<p>\u201cPara os empres\u00e1rios que queiram participar da FECOMIND ONLINE, entre em contato com a ACIJIP, \u00e9 simples e r\u00e1pido\u201d, citou o Presidente Hugo.<\/p>\n\n\n\n<p>Na FECOMIND ON-LINE tem v\u00e1rios benef\u00edcios aos lojistas em expor a variedade de produtos, disponibilidades e a facilidade dos servi\u00e7os ou produtos que oferecem. O comprador acessa a Feira via internet no celular, notebook ou computador, faz as suas compras, visita as v\u00e1rias lojas, escolhe os produtos que deseja, finaliza a compra com seguran\u00e7a e recebe os produtos em casa com toda a comodidade.&nbsp;<\/p>\n\n\n\n<h4 class=\"wp-block-heading\"><strong>ENTENDA A FECOMIND ON-LINE 2020:&nbsp;<\/strong><\/h4>\n\n\n\n<p>As empresas que estiverem na FECOMIND ONLINE ter\u00e3o acesso ao SERVI\u00c7O DE ATENDIMENTO AO CLIENTE, SAC: o empres\u00e1rio ter\u00e1 todo o suporte de treinamentos, acompanhamentos e tira d\u00favidas. Dentro da plataforma ser\u00e1 poss\u00edvel inserir todos os seus produtos, com informa\u00e7\u00f5es e descri\u00e7\u00f5es importantes de cada item, valores e at\u00e9 a entrega do produto ser\u00e1 permitido acompanhar.&nbsp;<\/p>\n\n\n\n<p><strong>CARACTER\u00cdSTICAS IMPORTANTES: <\/strong>O Lojista realiza a entrega do produto que o cliente comprou atrav\u00e9s da plataforma.<\/p>\n\n\n\n<p>Para participar da primeira FECOMIND ONLINE, acesse nosso canal de atendimento: WhatsApp \u2013&nbsp; <a href=\"https:\/\/bit.ly\/fecomindonline2020\" target=\"_blank\" rel=\"noopener\">https:\/\/bit.ly\/fecomindonline2020<\/a> . E acompanhem nossas redes sociais.<\/p>\n\n\n\n<p>Assessoria de imprensa<\/p>\n","protected":false},"excerpt":{"rendered":"<p>Diante do cen\u00e1rio atual as empresas com demandas aceleradas est\u00e3o se adaptando ao neg\u00f3cio online e t\u00eam ganhado cada vez<\/p>\n","protected":false},"author":1,"featured_media":27579,"comment_status":"open","ping_status":"open","sticky":false,"template":"","format":"standard","meta":{"colormag_page_container_layout":"default_layout","colormag_page_sidebar_layout":"default_layout","footnotes":""},"categories":[293,385],"tags":[214],"class_list":["post-27578","post","type-post","status-publish","format-standard","has-post-thumbnail","hentry","category-empresarial","category-feira","tag-fecomind"],"_links":{"self":[{"href":"https:\/\/vipfesta.com.br\/vipfesta\/wp-json\/wp\/v2\/posts\/27578","targetHints":{"allow":["GET"]}}],"collection":[{"href":"https:\/\/vipfesta.com.br\/vipfesta\/wp-json\/wp\/v2\/posts"}],"about":[{"href":"https:\/\/vipfesta.com.br\/vipfesta\/wp-json\/wp\/v2\/types\/post"}],"author":[{"embeddable":true,"href":"https:\/\/vipfesta.com.br\/vipfesta\/wp-json\/wp\/v2\/users\/1"}],"replies":[{"embeddable":true,"href":"https:\/\/vipfesta.com.br\/vipfesta\/wp-json\/wp\/v2\/comments?post=27578"}],"version-history":[{"count":7,"href":"https:\/\/vipfesta.com.br\/vipfesta\/wp-json\/wp\/v2\/posts\/27578\/revisions"}],"predecessor-version":[{"id":27848,"href":"https:\/\/vipfesta.com.br\/vipfesta\/wp-json\/wp\/v2\/posts\/27578\/revisions\/27848"}],"wp:featuredmedia":[{"embeddable":true,"href":"https:\/\/vipfesta.com.br\/vipfesta\/wp-json\/wp\/v2\/media\/27579"}],"wp:attachment":[{"href":"https:\/\/vipfesta.com.br\/vipfesta\/wp-json\/wp\/v2\/media?parent=27578"}],"wp:term":[{"taxonomy":"category","embeddable":true,"href":"https:\/\/vipfesta.com.br\/vipfesta\/wp-json\/wp\/v2\/categories?post=27578"},{"taxonomy":"post_tag","embeddable":true,"href":"https:\/\/vipfesta.com.br\/vipfesta\/wp-json\/wp\/v2\/tags?post=27578"}],"curies":[{"name":"wp","href":"https:\/\/api.w.org\/{rel}","templated":true}]}}