{"id":27548,"date":"2020-07-04T19:15:25","date_gmt":"2020-07-04T23:15:25","guid":{"rendered":"https:\/\/vipfesta.com.br\/vipfesta\/?p=27548"},"modified":"2020-07-04T19:15:26","modified_gmt":"2020-07-04T23:15:26","slug":"aeroporto-de-ji-parana-recebe-adequacoes-para-garantir-frequencia-regular-de-voos","status":"publish","type":"post","link":"https:\/\/vipfesta.com.br\/vipfesta\/aeroporto-de-ji-parana-recebe-adequacoes-para-garantir-frequencia-regular-de-voos\/","title":{"rendered":"Aeroporto de Ji-Paran\u00e1 recebe adequa\u00e7\u00f5es para garantir frequ\u00eancia regular de voos"},"content":{"rendered":"\n<figure class=\"wp-block-image size-large\"><img loading=\"lazy\" decoding=\"async\" width=\"1024\" height=\"768\" src=\"https:\/\/vipfesta.com.br\/vipfesta\/wp-content\/uploads\/2020\/07\/Aeroporto-de-Ji-Paran\u00e1-02-07-2020_Foto-Paulo-S\u00e9rgio-2-1024x768.jpg\" alt=\"\" class=\"wp-image-27549\" srcset=\"https:\/\/vipfesta.com.br\/vipfesta\/wp-content\/uploads\/2020\/07\/Aeroporto-de-Ji-Paran\u00e1-02-07-2020_Foto-Paulo-S\u00e9rgio-2-1024x768.jpg 1024w, https:\/\/vipfesta.com.br\/vipfesta\/wp-content\/uploads\/2020\/07\/Aeroporto-de-Ji-Paran\u00e1-02-07-2020_Foto-Paulo-S\u00e9rgio-2-300x225.jpg 300w, https:\/\/vipfesta.com.br\/vipfesta\/wp-content\/uploads\/2020\/07\/Aeroporto-de-Ji-Paran\u00e1-02-07-2020_Foto-Paulo-S\u00e9rgio-2-768x576.jpg 768w, https:\/\/vipfesta.com.br\/vipfesta\/wp-content\/uploads\/2020\/07\/Aeroporto-de-Ji-Paran\u00e1-02-07-2020_Foto-Paulo-S\u00e9rgio-2.jpg 1280w\" sizes=\"auto, (max-width: 1024px) 100vw, 1024px\" \/><\/figure>\n\n\n\n<p>A estrutura f\u00edsica da \u00e1rea no entorno da pista de pouso e decolagem do aeroporto Jos\u00e9 Coleto, em Ji-Paran\u00e1, est\u00e1 recebendo duas melhorias definitivas e capazes de assegurar que a cidade mantenha o \u00fanico voo di\u00e1rio. Depois de prontas, as adequa\u00e7\u00f5es favorecem a implanta\u00e7\u00e3o de mais destinos a\u00e9reos.<\/p>\n\n\n\n<p>Os ajustamentos est\u00e3o sendo executados simultaneamente. A conclus\u00e3o de uma cerca de seis quil\u00f4metros ao redor da \u00e1rea aeroportu\u00e1ria \u00e9 uma das frentes de trabalhos. A outra \u00e9 o alargamento do espa\u00e7o das duas laterais da pista e a cerca que limita a \u00e1rea aeroportu\u00e1ria.<\/p>\n\n\n\n<p>As duas a\u00e7\u00f5es foram pleiteadas pela Ag\u00eancia Nacional de Avia\u00e7\u00e3o Civil (Anac), assim como tamb\u00e9m o funcionamento do sistema operacional por instrumentos e esta\u00e7\u00e3o de r\u00e1dio, j\u00e1 instalados e testados. O conjunto de medidas em benef\u00edcio das melhorias do aeroporto \u00e9 conhecido por pol\u00edgono essencial.<\/p>\n\n\n\n<p>Adequado aos padr\u00f5es da Anac, o pol\u00edgono essencial serve como par\u00e2metro para o \u00f3rg\u00e3o regulador da avia\u00e7\u00e3o brasileira homologar o aeroporto Jos\u00e9 Coleto para funcionar por instrumentos. Atualmente o sistema operacional do aer\u00f3dromo \u00e9 por visualiza\u00e7\u00e3o.<\/p>\n\n\n\n<p>A cerca que delimita a \u00e1rea oficial do aeroporto com as propriedades rurais vizinhas j\u00e1 est\u00e1 70% pronta. \u201cA nova demarca\u00e7\u00e3o afasta os chacareiros da proximidade de um dos lados da pista garantindo maior seguran\u00e7a tanto para os moradores da regi\u00e3o quanto para as subidas e descidas de aeronaves\u201d, explica o secret\u00e1rio regional de governo em Ji-Paran\u00e1, Everton Esteves.<\/p>\n\n\n\n<figure class=\"wp-block-image size-large\"><img loading=\"lazy\" decoding=\"async\" width=\"1024\" height=\"768\" src=\"https:\/\/vipfesta.com.br\/vipfesta\/wp-content\/uploads\/2020\/07\/Aeroporto-de-Ji-Paran\u00e1-02-07-2020_Foto-Paulo-S\u00e9rgio-6-1024x768.jpg\" alt=\"\" class=\"wp-image-27550\" srcset=\"https:\/\/vipfesta.com.br\/vipfesta\/wp-content\/uploads\/2020\/07\/Aeroporto-de-Ji-Paran\u00e1-02-07-2020_Foto-Paulo-S\u00e9rgio-6-1024x768.jpg 1024w, https:\/\/vipfesta.com.br\/vipfesta\/wp-content\/uploads\/2020\/07\/Aeroporto-de-Ji-Paran\u00e1-02-07-2020_Foto-Paulo-S\u00e9rgio-6-300x225.jpg 300w, https:\/\/vipfesta.com.br\/vipfesta\/wp-content\/uploads\/2020\/07\/Aeroporto-de-Ji-Paran\u00e1-02-07-2020_Foto-Paulo-S\u00e9rgio-6-768x576.jpg 768w, https:\/\/vipfesta.com.br\/vipfesta\/wp-content\/uploads\/2020\/07\/Aeroporto-de-Ji-Paran\u00e1-02-07-2020_Foto-Paulo-S\u00e9rgio-6.jpg 1280w\" sizes=\"auto, (max-width: 1024px) 100vw, 1024px\" \/><figcaption>A \u00e1rea est\u00e1 70% cercada evitando a entrada inoportuna de pessoas e animais na pista<\/figcaption><\/figure>\n\n\n\n<p>O outro servi\u00e7o em execu\u00e7\u00e3o \u00e9 o aterro e amplia\u00e7\u00e3o das laterais da pista. \u201c\u00c9 uma exig\u00eancia da Anac que as \u00e1reas externas \u00e0 pista estejam alinhadas, prontas para uma futura expans\u00e3o. As m\u00e1quinas est\u00e3o em atividades\u201d, disse o chefe da resid\u00eancia local do Departamento de Estradas de Rodagens, Infraestrutura e Servi\u00e7os P\u00fablicos (DER), engenheiro Klayson Furtado.<\/p>\n\n\n\n<p>\u201c\u00c9 uma das prioridades do governador Marcos Rocha a homologa\u00e7\u00e3o do aeroporto de Ji-Paran\u00e1. Para tanto, as adequa\u00e7\u00f5es est\u00e3o sendo feitas com muita t\u00e9cnica e qualidade\u201d, adiantou o secret\u00e1rio regional, explicando que a constru\u00e7\u00e3o da cerca foi terceirizada e que os demais servi\u00e7os est\u00e3o sendo realizados pelo DER local.<\/p>\n\n\n\n<p>Apenas um voo di\u00e1rio servido pela companhia Azul com destino \u00e0 capital mato-grossense parte e chega a Ji-Paran\u00e1. O servi\u00e7o de navega\u00e7\u00e3o a\u00e9rea est\u00e1 suspenso na cidade desde o in\u00edcio da pandemia de coronav\u00edrus, em mar\u00e7o deste ano. \u201cRepresentante da companhia em Bras\u00edlia pretendem incluir Ji-Paran\u00e1 na retomada de rotas a partir de agosto\u201d, informou o senador da Rep\u00fablica Marcos Rog\u00e9rio, ao vistoriar os trabalhos no aeroporto de Ji-Paran\u00e1.<\/p>\n\n\n\n<p>Paulo S\u00e9rgio\/Secom<\/p>\n\n\n\n<p><\/p>\n\n\n\n<p><\/p>\n","protected":false},"excerpt":{"rendered":"<p>A estrutura f\u00edsica da \u00e1rea no entorno da pista de pouso e decolagem do aeroporto Jos\u00e9 Coleto, em Ji-Paran\u00e1, est\u00e1<\/p>\n","protected":false},"author":1,"featured_media":27549,"comment_status":"open","ping_status":"open","sticky":false,"template":"","format":"standard","meta":{"colormag_page_container_layout":"default_layout","colormag_page_sidebar_layout":"default_layout","footnotes":""},"categories":[283,347],"tags":[648,901],"class_list":["post-27548","post","type-post","status-publish","format-standard","has-post-thumbnail","hentry","category-cidades","category-jiparana","tag-aeroporto","tag-voos"],"_links":{"self":[{"href":"https:\/\/vipfesta.com.br\/vipfesta\/wp-json\/wp\/v2\/posts\/27548","targetHints":{"allow":["GET"]}}],"collection":[{"href":"https:\/\/vipfesta.com.br\/vipfesta\/wp-json\/wp\/v2\/posts"}],"about":[{"href":"https:\/\/vipfesta.com.br\/vipfesta\/wp-json\/wp\/v2\/types\/post"}],"author":[{"embeddable":true,"href":"https:\/\/vipfesta.com.br\/vipfesta\/wp-json\/wp\/v2\/users\/1"}],"replies":[{"embeddable":true,"href":"https:\/\/vipfesta.com.br\/vipfesta\/wp-json\/wp\/v2\/comments?post=27548"}],"version-history":[{"count":1,"href":"https:\/\/vipfesta.com.br\/vipfesta\/wp-json\/wp\/v2\/posts\/27548\/revisions"}],"predecessor-version":[{"id":27551,"href":"https:\/\/vipfesta.com.br\/vipfesta\/wp-json\/wp\/v2\/posts\/27548\/revisions\/27551"}],"wp:featuredmedia":[{"embeddable":true,"href":"https:\/\/vipfesta.com.br\/vipfesta\/wp-json\/wp\/v2\/media\/27549"}],"wp:attachment":[{"href":"https:\/\/vipfesta.com.br\/vipfesta\/wp-json\/wp\/v2\/media?parent=27548"}],"wp:term":[{"taxonomy":"category","embeddable":true,"href":"https:\/\/vipfesta.com.br\/vipfesta\/wp-json\/wp\/v2\/categories?post=27548"},{"taxonomy":"post_tag","embeddable":true,"href":"https:\/\/vipfesta.com.br\/vipfesta\/wp-json\/wp\/v2\/tags?post=27548"}],"curies":[{"name":"wp","href":"https:\/\/api.w.org\/{rel}","templated":true}]}}